{"id":195973,"date":"2023-09-01T08:55:00","date_gmt":"2023-09-01T06:55:00","guid":{"rendered":"https:\/\/www.tucomarca.com\/wordpress\/segunda\/?p=195973"},"modified":"2023-09-01T15:58:12","modified_gmt":"2023-09-01T13:58:12","slug":"lajuntament-de-xest-tanca-la-liquidacio-del-pressupost-2022-amb-un-superavit-de-25-milions-deuros","status":"publish","type":"post","link":"https:\/\/www.tucomarca.com\/wordpress\/segunda\/ca\/lajuntament-de-xest-tanca-la-liquidacio-del-pressupost-2022-amb-un-superavit-de-25-milions-deuros\/","title":{"rendered":"L&#8217;Ajuntament de Xest tanca la liquidaci\u00f3 del pressupost 2022 amb un super\u00e0vit de 2,5 milions d&#8217;euros"},"content":{"rendered":"\n<figure class=\"wp-block-image size-large\"><img loading=\"lazy\" decoding=\"async\" width=\"1024\" height=\"682\" src=\"http:\/\/www.tucomarca.com\/wordpress\/segunda\/wp-content\/uploads\/2023\/09\/ChestePlenoLiquidacion-1024x682.jpg\" alt=\"\" class=\"wp-image-195965\" srcset=\"https:\/\/www.tucomarca.com\/wordpress\/segunda\/wp-content\/uploads\/2023\/09\/ChestePlenoLiquidacion-1024x682.jpg 1024w, https:\/\/www.tucomarca.com\/wordpress\/segunda\/wp-content\/uploads\/2023\/09\/ChestePlenoLiquidacion-300x200.jpg 300w, https:\/\/www.tucomarca.com\/wordpress\/segunda\/wp-content\/uploads\/2023\/09\/ChestePlenoLiquidacion-768x512.jpg 768w, https:\/\/www.tucomarca.com\/wordpress\/segunda\/wp-content\/uploads\/2023\/09\/ChestePlenoLiquidacion.jpg 1181w\" sizes=\"auto, (max-width: 1024px) 100vw, 1024px\" \/><\/figure>\n\n\n\n<p>Ahir, dijous 31 d&#8217;agost, es va celebrar un ple extraordinari amb car\u00e0cter d&#8217;urg\u00e8ncia en el qual es va presentar la liquidaci\u00f3 del pressupost de 2022 i es van aprovar dues modificacions de cr\u00e8dit per a poder destinar m\u00e9s de 3 milions i mig d&#8217;euros del romanent de Tresoreria a despeses generals i de funcionament de l&#8217;Ajuntament de Xest en el que queda d&#8217;any.<\/p>\n\n\n\n<p>\u201cEra urgent portar al ple la liquidaci\u00f3, l&#8217;informe anual de control intern i les modificacions de cr\u00e8dit que ens van permetre gastar part del romanent en contractacions i pagaments que no es poden posposar m\u00e9s; \u00e9s una quantitat elevada de diners que podria comprometre el funcionament d&#8217;aquest Ajuntament\u201d, apuntava l&#8217;alcalde, Jos\u00e9 Morell.<\/p>\n\n\n\n<p><strong>Liquidaci\u00f3 del pressupost 2022<br><\/strong>La regidora d&#8217;Hisenda, M\u00aa \u00c1ngeles Llorente, va ser l&#8217;encarregada d&#8217;exposar les xifres de la liquidaci\u00f3 del pressupost 2022. \u201cL&#8217;any 2022 es tanca amb un super\u00e0vit de 2.519.130,90 euros. El romanent de Tresoreria total \u00e9s de 12.956.131,46 euros i el romanent per a despeses generals \u00e9s 8.101.574,04, del qual gastarem en aquest moment una mica m\u00e9s de 3 milions i mig\u201d.&nbsp;<\/p>\n\n\n\n<p>Llorente tamb\u00e9 va presentar l&#8217;informe anual de control intern que s&#8217;elabora des dels departaments d&#8217;Intervenci\u00f3 i Tresoreria. \u201c\u00c9s un document molt ampli en el qual consten totes les defici\u00e8ncies en les quals nosaltres hem pogut inc\u00f3rrer durant l&#8217;exercici i ens fan suggeriments sobre com solucionar-les. Nosaltres farem un resum per a enviar-lo a cada departament i intentar solucionar tot el que s&#8217;han plantejat\u201d, manifestava la regidora.<\/p>\n\n\n\n<p><strong>Modificacions de cr\u00e8dit<\/strong><br>El ple va aprovar dues modificacions de cr\u00e8dit per valor de 3.577.804,58, la 27\/2023 i la 30\/2023. \u201cUna de les modificacions de cr\u00e8dit ascendeix a 1.282.930,94 euros, que es destinaran a infraestructures i despeses generals de l&#8217;Ajuntament. Per posar algun exemple, a camins ve\u00efnals, manteniment de l&#8217;enllumenat, del cementeri; reparaci\u00f3 i manteniment de maquin\u00e0ria, manutenci\u00f3 d&#8217;animals, cosines d&#8217;assegurances, neteja vi\u00e0ria, programes per a la dona, socioculturals, de Medi Ambient, instal\u00b7lacions esportives, etc. L&#8217;altra modificaci\u00f3, que ascendeix a 2.394.873,64, va anar destinada a q\u00fcestions b\u00e0siques de funcionament com \u00e9s seguretat, urbanisme i un munt de coses necess\u00e0ries per a acabar l&#8217;any, tot aix\u00f2 amb els diners estalviats\u201d, explicava Llorente. \u201cEl treball realitzat ha sigut ingent, tant del departament d&#8217;Intervenci\u00f3 com de Tresoreria, fonamentalment, i esperem poder gastar els diners per a millorar la qualitat de vida de la ciutadania chestana\u201d.<\/p>\n\n\n\n<p><strong>Altres punts del ple<\/strong><br>La regidora d&#8217;Educaci\u00f3, M\u00aa \u00c1ngeles Llorente, va explicar que a partir d&#8217;enguany el personal del gabinet psicopedag\u00f2gic municipal que prestava els seus serveis en el CEIP Vicente Blasco Ib\u00e1\u00f1ez deixar\u00e0 de fer-ho per a ocupar altres funcions d&#8217;\u00e0mbit no escolar, relacionades amb el desenvolupament dels programes d&#8217;atenci\u00f3 a l&#8217;ansietat i la depressi\u00f3 que es presten des del centre de salut. En el seu lloc, el centre escolar comptar\u00e0 amb personal de la Conselleria d&#8217;Educaci\u00f3.<\/p>\n\n\n\n<p>Durant el ple tamb\u00e9 es va adonar de la segona pr\u00f2rroga del conveni de col\u00b7laboraci\u00f3 entre l&#8217;Ajuntament i la Diputaci\u00f3 de Val\u00e8ncia per al manteniment del Centre de Formaci\u00f3 de Persones Adultes de Xest, corresponent al curs escolar 2023-2024; es va exposar el calendari fiscal 2023, es va informar dels festius de 2024 acordats en el consell escolar municipal: els dies 18 de mar\u00e7 i 18 d&#8217;octubre; es va adonar dels dos recursos desestimats en el marc de la remunicipalitzaci\u00f3 de l&#8217;escola infantil. A m\u00e9s, es va aprovar el pagament de factures a prove\u00efdors a trav\u00e9s de reconeixements extrajudicials de cr\u00e8dit.<\/p>\n\n\n\n<p>Finalment, la regidora de Sanitat, M\u00aa \u00c1ngeles Llorente, va explicar l&#8217;adhesi\u00f3 de l&#8217;Ajuntament al programa En Moviment de la Generalitat Valenciana, una iniciativa de prescripci\u00f3 d&#8217;activitat i exercici f\u00edsic orientada a la salut des dels serveis d&#8217;atenci\u00f3 prim\u00e0ria del sistema dels municipis. \u201cL&#8217;any passat ens van convidar a unes jornades de salut en les quals expliquem el programa pioner que estem desenvolupant a Xest, Viu Actiu, i all\u00ed mateix el director general ens va informar que amb l&#8217;adhesi\u00f3 al programa En Moviment podrem accedir a una nova subvenci\u00f3 per a programes de salut\u201d, explicava Llorente.<\/p>\n\n\n\n<p>Tots els punts portats a ple per a la seua votaci\u00f3 es van aprovar amb els vots a favor d&#8217;Esquerra Unida i PSOE. El Partit Popular va votar en contra, justificant la seua posici\u00f3 en un document que es va presentar pr\u00e8viament a la realitzaci\u00f3 del ple, per registre d&#8217;entrada, on s&#8217;explicaven els motius, tal com va exposar el seu portaveu, Enrique Peinado, a l&#8217;inici de la sessi\u00f3.<\/p>\n","protected":false},"excerpt":{"rendered":"<div class=\"mh-excerpt\">Ahir, dijous 31 d&#8217;agost, es va celebrar un ple extraordinari amb car\u00e0cter d&#8217;urg\u00e8ncia en el qual es va presentar la liquidaci\u00f3 del pressupost de 2022 i es van aprovar dues modificacions de cr\u00e8dit per a <a class=\"mh-excerpt-more\" href=\"https:\/\/www.tucomarca.com\/wordpress\/segunda\/ca\/lajuntament-de-xest-tanca-la-liquidacio-del-pressupost-2022-amb-un-superavit-de-25-milions-deuros\/\" title=\"L&#8217;Ajuntament de Xest tanca la liquidaci\u00f3 del pressupost 2022 amb un super\u00e0vit de 2,5 milions d&#8217;euros\">[+] <\/a><\/div>\n","protected":false},"author":12,"featured_media":195971,"comment_status":"open","ping_status":"open","sticky":false,"template":"","format":"standard","meta":{"footnotes":""},"categories":[10898,10948,10894,10912,10947,10896,10974],"tags":[11071,10914,19637,13990],"class_list":{"0":"post-195973","1":"post","2":"type-post","3":"status-publish","4":"format-standard","5":"has-post-thumbnail","7":"category-ventana-ca","8":"category-infraestructuras-ca","9":"category-la-comarca-ca","10":"category-la-hoya-ca","11":"category-politica","12":"category-seccion-ca","13":"category-cheste-ca","14":"tag-cheste","15":"tag-la-hoya-de-bunol-chiva-ca","16":"tag-presupuesto-ca","17":"tag-superavit-ca"},"_links":{"self":[{"href":"https:\/\/www.tucomarca.com\/wordpress\/segunda\/ca\/wp-json\/wp\/v2\/posts\/195973","targetHints":{"allow":["GET"]}}],"collection":[{"href":"https:\/\/www.tucomarca.com\/wordpress\/segunda\/ca\/wp-json\/wp\/v2\/posts"}],"about":[{"href":"https:\/\/www.tucomarca.com\/wordpress\/segunda\/ca\/wp-json\/wp\/v2\/types\/post"}],"author":[{"embeddable":true,"href":"https:\/\/www.tucomarca.com\/wordpress\/segunda\/ca\/wp-json\/wp\/v2\/users\/12"}],"replies":[{"embeddable":true,"href":"https:\/\/www.tucomarca.com\/wordpress\/segunda\/ca\/wp-json\/wp\/v2\/comments?post=195973"}],"version-history":[{"count":0,"href":"https:\/\/www.tucomarca.com\/wordpress\/segunda\/ca\/wp-json\/wp\/v2\/posts\/195973\/revisions"}],"wp:featuredmedia":[{"embeddable":true,"href":"https:\/\/www.tucomarca.com\/wordpress\/segunda\/ca\/wp-json\/wp\/v2\/media\/195971"}],"wp:attachment":[{"href":"https:\/\/www.tucomarca.com\/wordpress\/segunda\/ca\/wp-json\/wp\/v2\/media?parent=195973"}],"wp:term":[{"taxonomy":"category","embeddable":true,"href":"https:\/\/www.tucomarca.com\/wordpress\/segunda\/ca\/wp-json\/wp\/v2\/categories?post=195973"},{"taxonomy":"post_tag","embeddable":true,"href":"https:\/\/www.tucomarca.com\/wordpress\/segunda\/ca\/wp-json\/wp\/v2\/tags?post=195973"}],"curies":[{"name":"wp","href":"https:\/\/api.w.org\/{rel}","templated":true}]}}