{"id":196084,"date":"2023-09-01T14:10:00","date_gmt":"2023-09-01T12:10:00","guid":{"rendered":"https:\/\/www.tucomarca.com\/wordpress\/segunda\/?p=196084"},"modified":"2023-09-01T18:05:33","modified_gmt":"2023-09-01T16:05:33","slug":"centenars-de-veins-i-visitants-han-viscut-a-utiel-la-gran-festa-del-ciclisme-amb-leixida-de-la-7aetapa-de-la-volta-23","status":"publish","type":"post","link":"https:\/\/www.tucomarca.com\/wordpress\/segunda\/ca\/centenars-de-veins-i-visitants-han-viscut-a-utiel-la-gran-festa-del-ciclisme-amb-leixida-de-la-7aetapa-de-la-volta-23\/","title":{"rendered":"Fotogaler\u00eda: centenars de ve\u00efns i visitants han viscut a Utiel la gran festa del ciclisme amb l&#8217;eixida de la 7\u00aa etapa de La Volta 23"},"content":{"rendered":"\n<p><strong>El tall oficial de la cinta ha comptat amb l&#8217;assist\u00e8ncia del Diputat de Turisme i Esport, Pedro Cuesta, l&#8217;alcalde d&#8217;Utiel, Ricardo Gabald\u00f3n i la Reina de la Fira i Festes d&#8217;Utiel, Aitana Junquero Chicano.<\/strong><\/p>\n\n\n\n<p><strong>La serp multicolor ha fet vibrar a centenars de aficicionados al seu pas pels principals carrers d&#8217;Utiel.<\/strong><\/p>\n\n\n\n<p>Utiel ha donat la benvinguda al mes de setembre en gran. Aquest mat\u00ed centenars de ve\u00efns i visitants han gaudit de la gran cita del ciclisme internacional, amb l&#8217;eixida d&#8217;etapa des d&#8217;Utiel de La Volta 23.<\/p>\n\n\n\n<p>Un total de 176 ciclistes de 30 nacionalitats diferents i pertanyents a 22 equips disputen la ronda espanyola que aquest mat\u00ed han iniciat la seua 7a etapa de competici\u00f3 a Utiel, amb un ambient extraordinari entre ve\u00efns i visitants aficionats expectants per veure en persona als grans professionals del ciclisme.<\/p>\n\n\n\n<p>Les principals zones urbanes d&#8217;Utiel s&#8217;han vestit de mallot ciclista amb el fuga\u00e7 pas de la serp multicolor. Un esdeveniment esportiu de gran projecci\u00f3 tant nacional i internacional que per segona vegada fa parada en el municipi com a eixida d&#8217;etapa. Una fita hist\u00f2rica que torna a repetir-se despr\u00e9s de dues d\u00e8cades d&#8217;espera i que ha comptat amb gran expectaci\u00f3 i un gran desplegament d&#8217;infraestructures i de mitjans materials i personals.<\/p>\n\n\n\n<p>La Volta 23 ha comptat amb l&#8217;assist\u00e8ncia tamb\u00e9 de reconegudes personalitats com el futbolista Santiago Ca\u00f1izares que dona suport a la Fundaci\u00f3 El Somni de Vicky, causa solid\u00e0ria de la Volta Ciclista a Espanya per a donar visibilitat a la import\u00e0ncia de la investigaci\u00f3 del c\u00e0ncer infantil.<\/p>\n\n\n\n<p>Un dels moments m\u00e9s esperats, l&#8217;eixida de l&#8217;escamot despr\u00e9s del tall oficial de la cinta que s&#8217;ha celebrat a les 13 hores amb l&#8217;assist\u00e8ncia del Diputat de Turisme i Esport, Pedro Cuesta , l&#8217;alcalde d&#8217;Utiel, Ricardo Gabald\u00f3n i la Reina de la Fira i Festes d&#8217;Utiel, Aitana Junquero Chicano. Acte molt especial que al seu torn es coinvierte en el tret d&#8217;eixida de les festes patronals del municipi.<\/p>\n\n\n\n<p>L&#8217;itinerari urb\u00e0 ha recorregut els principals punts del centre d&#8217;Utiel: C\/ Herois del Tollo<br>C\/ Antonio Maura, C\/ Reis Cat\u00f2lics, Plaza Puerta de les Eres, C\/ Ces\u00e1reo Marco Yag\u00fce, Plaza Puerta del Sol, C\/ Sant Ferran i C\/ Sant Ildefons fins a enlla\u00e7ar amb N-III.<\/p>\n\n\n\n<p>Pr\u00e8viament sobre les 12.00 hores, la caravana publicit\u00e0ria ha animat a tots els aficionats recorrent el mateix itinerari pel nucli urb\u00e0 per\u00f2 afegint un enlla\u00e7 des de la c\u00e8ntrica Porta del Sol a les concorregudes calles Canonge Mu\u00f1oz i G\u00f3mez Ferrer per a incorporar-se de nou a la C\/ Sant Ildefons.<\/p>\n\n\n\n<p><strong>7a Etapa: Utiel- Oliva, 200.8 km<\/strong><\/p>\n\n\n\n<p>L&#8217;escamot de la Volta a Espanya 2023 part en aquesta 7a etapa des d&#8217;Utiel amb el primer perfil pla de la 78a edici\u00f3 de la prova. S\u00f3n 200.8 quil\u00f2metres de recorregut, el segon m\u00e9s llarg de la present edici\u00f3, amb eixida situada a Utiel, a 720 metres d&#8217;altitud, i la meta a Oliva, a tot just 10 metres sobre el nivell de la mar.<\/p>\n\n\n\n<p>Es tracta d&#8217;una jornada a priori pl\u00e0cida per a la serp multicolor, que creua la prov\u00edncia d&#8217;Oest a Aquest abans de desfilar per la costa valenciana. L&#8217;\u00fanica exig\u00e8ncia es troba a l&#8217;inici del pols, amb les curtes costes de Requena o Xera que a priori s\u00f3n passos lleugers per als corredors respecte als ascensos que van afrontar a Andorra.<\/p>\n\n\n\n<p>A m\u00e9s, el recorregut descendeix progressivament fins a la ciutat de Val\u00e8ncia (Km 123); des d&#8217;ac\u00ed, un passeig totalment pla pel Perell\u00f3, Cullera, Gandia i Oliva.<\/p>\n\n\n\n<p>Sobre el paper, els corredors m\u00e9s castigats podran prendre&#8217;s un breu respir, mentre que els velocistes estan cridats a tindre un paper protagonista en un sprint final a Oliva que es preveu massiu. La muntanya tornar\u00e0 en l&#8217;etapa 8 del dissabte entre D\u00e9nia i Xorret de Cat\u00ed (165 quil\u00f2metres), ja a Alacant.<\/p>\n\n\n\n<p><strong>Extraordin\u00e0ria col\u00b7laboraci\u00f3 ciutadana<\/strong><\/p>\n\n\n\n<p>L&#8217;Ajuntament d&#8217;Utiel agraeix l&#8217;especial col\u00b7laboraci\u00f3 i comprensi\u00f3 de la ciutadana davant uns dies complicats en els quals la circulaci\u00f3 al tr\u00e0nsit ha estat determinada per la posada en marxa d&#8217;aquest dispositiu de gran envergadura.<\/p>\n\n\n\n<p>L&#8217;alcalde d&#8217;Utiel, Ricardo Gabald\u00f3n. tamb\u00e9 ha volgut agrair especialment la labor dels cossos i forces de seguretat, serveis municipals i tot l&#8217;equip de voluntariat d&#8217;associacions i entitats utielanas que han contribu\u00eft a l&#8217;extraordinari desenvolupament d&#8217;aquest gran esdeveniment esportiu amb el qual Utiel torna a fer hist\u00f2ria 20 anys despr\u00e9s.<\/p>\n\n\n\n<figure class=\"wp-block-gallery has-nested-images columns-1 is-cropped wp-block-gallery-1 is-layout-flex wp-block-gallery-is-layout-flex\">\n<figure class=\"wp-block-image size-large\"><img loading=\"lazy\" decoding=\"async\" width=\"1024\" height=\"682\" data-id=\"196067\" src=\"https:\/\/www.tucomarca.com\/wordpress\/segunda\/wp-content\/uploads\/2023\/09\/corte-de-cinta-salida-3_0-1024x682.jpg\" alt=\"\" class=\"wp-image-196067\" srcset=\"https:\/\/www.tucomarca.com\/wordpress\/segunda\/wp-content\/uploads\/2023\/09\/corte-de-cinta-salida-3_0-1024x682.jpg 1024w, https:\/\/www.tucomarca.com\/wordpress\/segunda\/wp-content\/uploads\/2023\/09\/corte-de-cinta-salida-3_0-300x200.jpg 300w, https:\/\/www.tucomarca.com\/wordpress\/segunda\/wp-content\/uploads\/2023\/09\/corte-de-cinta-salida-3_0-768x512.jpg 768w, https:\/\/www.tucomarca.com\/wordpress\/segunda\/wp-content\/uploads\/2023\/09\/corte-de-cinta-salida-3_0-1536x1023.jpg 1536w, https:\/\/www.tucomarca.com\/wordpress\/segunda\/wp-content\/uploads\/2023\/09\/corte-de-cinta-salida-3_0.jpg 1600w\" sizes=\"auto, (max-width: 1024px) 100vw, 1024px\" \/><\/figure>\n\n\n\n<figure class=\"wp-block-image size-large\"><img loading=\"lazy\" decoding=\"async\" width=\"1024\" height=\"682\" data-id=\"196069\" src=\"https:\/\/www.tucomarca.com\/wordpress\/segunda\/wp-content\/uploads\/2023\/09\/corte-de-cinta-salida-14_0-1024x682.jpg\" alt=\"\" class=\"wp-image-196069\" srcset=\"https:\/\/www.tucomarca.com\/wordpress\/segunda\/wp-content\/uploads\/2023\/09\/corte-de-cinta-salida-14_0-1024x682.jpg 1024w, https:\/\/www.tucomarca.com\/wordpress\/segunda\/wp-content\/uploads\/2023\/09\/corte-de-cinta-salida-14_0-300x200.jpg 300w, https:\/\/www.tucomarca.com\/wordpress\/segunda\/wp-content\/uploads\/2023\/09\/corte-de-cinta-salida-14_0-768x512.jpg 768w, https:\/\/www.tucomarca.com\/wordpress\/segunda\/wp-content\/uploads\/2023\/09\/corte-de-cinta-salida-14_0-1536x1023.jpg 1536w, https:\/\/www.tucomarca.com\/wordpress\/segunda\/wp-content\/uploads\/2023\/09\/corte-de-cinta-salida-14_0.jpg 1600w\" sizes=\"auto, (max-width: 1024px) 100vw, 1024px\" \/><\/figure>\n\n\n\n<figure class=\"wp-block-image size-large\"><img loading=\"lazy\" decoding=\"async\" width=\"1024\" height=\"768\" data-id=\"196071\" src=\"https:\/\/www.tucomarca.com\/wordpress\/segunda\/wp-content\/uploads\/2023\/09\/LA-VUELTA-UTIEL-6-1024x768.jpg\" alt=\"\" class=\"wp-image-196071\" srcset=\"https:\/\/www.tucomarca.com\/wordpress\/segunda\/wp-content\/uploads\/2023\/09\/LA-VUELTA-UTIEL-6-1024x768.jpg 1024w, https:\/\/www.tucomarca.com\/wordpress\/segunda\/wp-content\/uploads\/2023\/09\/LA-VUELTA-UTIEL-6-300x225.jpg 300w, https:\/\/www.tucomarca.com\/wordpress\/segunda\/wp-content\/uploads\/2023\/09\/LA-VUELTA-UTIEL-6-768x576.jpg 768w, https:\/\/www.tucomarca.com\/wordpress\/segunda\/wp-content\/uploads\/2023\/09\/LA-VUELTA-UTIEL-6-1536x1152.jpg 1536w, https:\/\/www.tucomarca.com\/wordpress\/segunda\/wp-content\/uploads\/2023\/09\/LA-VUELTA-UTIEL-6-2048x1536.jpg 2048w, https:\/\/www.tucomarca.com\/wordpress\/segunda\/wp-content\/uploads\/2023\/09\/LA-VUELTA-UTIEL-6-678x509.jpg 678w, https:\/\/www.tucomarca.com\/wordpress\/segunda\/wp-content\/uploads\/2023\/09\/LA-VUELTA-UTIEL-6-326x245.jpg 326w, https:\/\/www.tucomarca.com\/wordpress\/segunda\/wp-content\/uploads\/2023\/09\/LA-VUELTA-UTIEL-6-80x60.jpg 80w\" sizes=\"auto, (max-width: 1024px) 100vw, 1024px\" \/><\/figure>\n\n\n\n<figure class=\"wp-block-image size-large\"><img loading=\"lazy\" decoding=\"async\" width=\"1024\" height=\"768\" data-id=\"196073\" src=\"https:\/\/www.tucomarca.com\/wordpress\/segunda\/wp-content\/uploads\/2023\/09\/LA-VUELTA-UTIEL-8-1024x768.jpg\" alt=\"\" class=\"wp-image-196073\" srcset=\"https:\/\/www.tucomarca.com\/wordpress\/segunda\/wp-content\/uploads\/2023\/09\/LA-VUELTA-UTIEL-8-1024x768.jpg 1024w, https:\/\/www.tucomarca.com\/wordpress\/segunda\/wp-content\/uploads\/2023\/09\/LA-VUELTA-UTIEL-8-300x225.jpg 300w, https:\/\/www.tucomarca.com\/wordpress\/segunda\/wp-content\/uploads\/2023\/09\/LA-VUELTA-UTIEL-8-768x576.jpg 768w, https:\/\/www.tucomarca.com\/wordpress\/segunda\/wp-content\/uploads\/2023\/09\/LA-VUELTA-UTIEL-8-1536x1152.jpg 1536w, https:\/\/www.tucomarca.com\/wordpress\/segunda\/wp-content\/uploads\/2023\/09\/LA-VUELTA-UTIEL-8-2048x1536.jpg 2048w, https:\/\/www.tucomarca.com\/wordpress\/segunda\/wp-content\/uploads\/2023\/09\/LA-VUELTA-UTIEL-8-678x509.jpg 678w, https:\/\/www.tucomarca.com\/wordpress\/segunda\/wp-content\/uploads\/2023\/09\/LA-VUELTA-UTIEL-8-326x245.jpg 326w, https:\/\/www.tucomarca.com\/wordpress\/segunda\/wp-content\/uploads\/2023\/09\/LA-VUELTA-UTIEL-8-80x60.jpg 80w\" sizes=\"auto, (max-width: 1024px) 100vw, 1024px\" \/><\/figure>\n\n\n\n<figure class=\"wp-block-image size-large\"><img loading=\"lazy\" decoding=\"async\" width=\"1024\" height=\"768\" data-id=\"196079\" src=\"https:\/\/www.tucomarca.com\/wordpress\/segunda\/wp-content\/uploads\/2023\/09\/LA-VUELTA-UTIEL-10-1024x768.jpg\" alt=\"\" class=\"wp-image-196079\" srcset=\"https:\/\/www.tucomarca.com\/wordpress\/segunda\/wp-content\/uploads\/2023\/09\/LA-VUELTA-UTIEL-10-1024x768.jpg 1024w, https:\/\/www.tucomarca.com\/wordpress\/segunda\/wp-content\/uploads\/2023\/09\/LA-VUELTA-UTIEL-10-300x225.jpg 300w, https:\/\/www.tucomarca.com\/wordpress\/segunda\/wp-content\/uploads\/2023\/09\/LA-VUELTA-UTIEL-10-768x576.jpg 768w, https:\/\/www.tucomarca.com\/wordpress\/segunda\/wp-content\/uploads\/2023\/09\/LA-VUELTA-UTIEL-10-1536x1152.jpg 1536w, https:\/\/www.tucomarca.com\/wordpress\/segunda\/wp-content\/uploads\/2023\/09\/LA-VUELTA-UTIEL-10-2048x1536.jpg 2048w, https:\/\/www.tucomarca.com\/wordpress\/segunda\/wp-content\/uploads\/2023\/09\/LA-VUELTA-UTIEL-10-678x509.jpg 678w, https:\/\/www.tucomarca.com\/wordpress\/segunda\/wp-content\/uploads\/2023\/09\/LA-VUELTA-UTIEL-10-326x245.jpg 326w, https:\/\/www.tucomarca.com\/wordpress\/segunda\/wp-content\/uploads\/2023\/09\/LA-VUELTA-UTIEL-10-80x60.jpg 80w\" sizes=\"auto, (max-width: 1024px) 100vw, 1024px\" \/><\/figure>\n\n\n\n<figure class=\"wp-block-image size-large\"><img loading=\"lazy\" decoding=\"async\" width=\"1024\" height=\"768\" data-id=\"196077\" src=\"https:\/\/www.tucomarca.com\/wordpress\/segunda\/wp-content\/uploads\/2023\/09\/LA-VUELTA-UTIEL-11-1024x768.jpg\" alt=\"\" class=\"wp-image-196077\" srcset=\"https:\/\/www.tucomarca.com\/wordpress\/segunda\/wp-content\/uploads\/2023\/09\/LA-VUELTA-UTIEL-11-1024x768.jpg 1024w, https:\/\/www.tucomarca.com\/wordpress\/segunda\/wp-content\/uploads\/2023\/09\/LA-VUELTA-UTIEL-11-300x225.jpg 300w, https:\/\/www.tucomarca.com\/wordpress\/segunda\/wp-content\/uploads\/2023\/09\/LA-VUELTA-UTIEL-11-768x576.jpg 768w, https:\/\/www.tucomarca.com\/wordpress\/segunda\/wp-content\/uploads\/2023\/09\/LA-VUELTA-UTIEL-11-1536x1152.jpg 1536w, https:\/\/www.tucomarca.com\/wordpress\/segunda\/wp-content\/uploads\/2023\/09\/LA-VUELTA-UTIEL-11-2048x1536.jpg 2048w, https:\/\/www.tucomarca.com\/wordpress\/segunda\/wp-content\/uploads\/2023\/09\/LA-VUELTA-UTIEL-11-678x509.jpg 678w, https:\/\/www.tucomarca.com\/wordpress\/segunda\/wp-content\/uploads\/2023\/09\/LA-VUELTA-UTIEL-11-326x245.jpg 326w, https:\/\/www.tucomarca.com\/wordpress\/segunda\/wp-content\/uploads\/2023\/09\/LA-VUELTA-UTIEL-11-80x60.jpg 80w\" sizes=\"auto, (max-width: 1024px) 100vw, 1024px\" \/><\/figure>\n\n\n\n<figure class=\"wp-block-image size-large\"><img loading=\"lazy\" decoding=\"async\" width=\"1024\" height=\"768\" data-id=\"196081\" src=\"https:\/\/www.tucomarca.com\/wordpress\/segunda\/wp-content\/uploads\/2023\/09\/LA-VUELTA-UTIEL-12-1024x768.jpg\" alt=\"\" class=\"wp-image-196081\" srcset=\"https:\/\/www.tucomarca.com\/wordpress\/segunda\/wp-content\/uploads\/2023\/09\/LA-VUELTA-UTIEL-12-1024x768.jpg 1024w, https:\/\/www.tucomarca.com\/wordpress\/segunda\/wp-content\/uploads\/2023\/09\/LA-VUELTA-UTIEL-12-300x225.jpg 300w, https:\/\/www.tucomarca.com\/wordpress\/segunda\/wp-content\/uploads\/2023\/09\/LA-VUELTA-UTIEL-12-768x576.jpg 768w, https:\/\/www.tucomarca.com\/wordpress\/segunda\/wp-content\/uploads\/2023\/09\/LA-VUELTA-UTIEL-12-1536x1152.jpg 1536w, https:\/\/www.tucomarca.com\/wordpress\/segunda\/wp-content\/uploads\/2023\/09\/LA-VUELTA-UTIEL-12-2048x1536.jpg 2048w, https:\/\/www.tucomarca.com\/wordpress\/segunda\/wp-content\/uploads\/2023\/09\/LA-VUELTA-UTIEL-12-678x509.jpg 678w, https:\/\/www.tucomarca.com\/wordpress\/segunda\/wp-content\/uploads\/2023\/09\/LA-VUELTA-UTIEL-12-326x245.jpg 326w, https:\/\/www.tucomarca.com\/wordpress\/segunda\/wp-content\/uploads\/2023\/09\/LA-VUELTA-UTIEL-12-80x60.jpg 80w\" sizes=\"auto, (max-width: 1024px) 100vw, 1024px\" \/><\/figure>\n\n\n\n<figure class=\"wp-block-image size-large\"><img loading=\"lazy\" decoding=\"async\" width=\"1024\" height=\"768\" data-id=\"196075\" src=\"https:\/\/www.tucomarca.com\/wordpress\/segunda\/wp-content\/uploads\/2023\/09\/LA-VUELTA-UTIEL_0-1024x768.jpg\" alt=\"\" class=\"wp-image-196075\" srcset=\"https:\/\/www.tucomarca.com\/wordpress\/segunda\/wp-content\/uploads\/2023\/09\/LA-VUELTA-UTIEL_0-1024x768.jpg 1024w, https:\/\/www.tucomarca.com\/wordpress\/segunda\/wp-content\/uploads\/2023\/09\/LA-VUELTA-UTIEL_0-300x225.jpg 300w, https:\/\/www.tucomarca.com\/wordpress\/segunda\/wp-content\/uploads\/2023\/09\/LA-VUELTA-UTIEL_0-768x576.jpg 768w, https:\/\/www.tucomarca.com\/wordpress\/segunda\/wp-content\/uploads\/2023\/09\/LA-VUELTA-UTIEL_0-1536x1152.jpg 1536w, https:\/\/www.tucomarca.com\/wordpress\/segunda\/wp-content\/uploads\/2023\/09\/LA-VUELTA-UTIEL_0-678x509.jpg 678w, https:\/\/www.tucomarca.com\/wordpress\/segunda\/wp-content\/uploads\/2023\/09\/LA-VUELTA-UTIEL_0-326x245.jpg 326w, https:\/\/www.tucomarca.com\/wordpress\/segunda\/wp-content\/uploads\/2023\/09\/LA-VUELTA-UTIEL_0-80x60.jpg 80w, https:\/\/www.tucomarca.com\/wordpress\/segunda\/wp-content\/uploads\/2023\/09\/LA-VUELTA-UTIEL_0.jpg 1600w\" sizes=\"auto, (max-width: 1024px) 100vw, 1024px\" \/><\/figure>\n<\/figure>\n","protected":false},"excerpt":{"rendered":"<div class=\"mh-excerpt\">El tall oficial de la cinta ha comptat amb l&#8217;assist\u00e8ncia del Diputat de Turisme i Esport, Pedro Cuesta, l&#8217;alcalde d&#8217;Utiel, Ricardo Gabald\u00f3n i la Reina de la Fira i Festes d&#8217;Utiel, Aitana Junquero Chicano. La <a class=\"mh-excerpt-more\" href=\"https:\/\/www.tucomarca.com\/wordpress\/segunda\/ca\/centenars-de-veins-i-visitants-han-viscut-a-utiel-la-gran-festa-del-ciclisme-amb-leixida-de-la-7aetapa-de-la-volta-23\/\" title=\"Fotogaler\u00eda: centenars de ve\u00efns i visitants han viscut a Utiel la gran festa del ciclisme amb l&#8217;eixida de la 7\u00aa etapa de La Volta 23\">[+] <\/a><\/div>\n","protected":false},"author":13,"featured_media":196065,"comment_status":"open","ping_status":"open","sticky":false,"template":"","format":"gallery","meta":{"footnotes":""},"categories":[11013,11003,10898,10894,10904,10909,10896,11059],"tags":[10910,11174],"class_list":{"0":"post-196084","1":"post","2":"type-post","3":"status-publish","4":"format-gallery","5":"has-post-thumbnail","7":"category-ciclismo-ca","8":"category-sports","9":"category-ventana-ca","10":"category-la-comarca-ca","11":"category-sin-categorizar-ca","12":"category-requena-utiel-ca","13":"category-seccion-ca","14":"category-utiel-ca","15":"tag-requena-utiel-ca","16":"tag-utiel-ca","17":"post_format-post-format-gallery"},"_links":{"self":[{"href":"https:\/\/www.tucomarca.com\/wordpress\/segunda\/ca\/wp-json\/wp\/v2\/posts\/196084","targetHints":{"allow":["GET"]}}],"collection":[{"href":"https:\/\/www.tucomarca.com\/wordpress\/segunda\/ca\/wp-json\/wp\/v2\/posts"}],"about":[{"href":"https:\/\/www.tucomarca.com\/wordpress\/segunda\/ca\/wp-json\/wp\/v2\/types\/post"}],"author":[{"embeddable":true,"href":"https:\/\/www.tucomarca.com\/wordpress\/segunda\/ca\/wp-json\/wp\/v2\/users\/13"}],"replies":[{"embeddable":true,"href":"https:\/\/www.tucomarca.com\/wordpress\/segunda\/ca\/wp-json\/wp\/v2\/comments?post=196084"}],"version-history":[{"count":0,"href":"https:\/\/www.tucomarca.com\/wordpress\/segunda\/ca\/wp-json\/wp\/v2\/posts\/196084\/revisions"}],"wp:featuredmedia":[{"embeddable":true,"href":"https:\/\/www.tucomarca.com\/wordpress\/segunda\/ca\/wp-json\/wp\/v2\/media\/196065"}],"wp:attachment":[{"href":"https:\/\/www.tucomarca.com\/wordpress\/segunda\/ca\/wp-json\/wp\/v2\/media?parent=196084"}],"wp:term":[{"taxonomy":"category","embeddable":true,"href":"https:\/\/www.tucomarca.com\/wordpress\/segunda\/ca\/wp-json\/wp\/v2\/categories?post=196084"},{"taxonomy":"post_tag","embeddable":true,"href":"https:\/\/www.tucomarca.com\/wordpress\/segunda\/ca\/wp-json\/wp\/v2\/tags?post=196084"}],"curies":[{"name":"wp","href":"https:\/\/api.w.org\/{rel}","templated":true}]}}