{"id":196996,"date":"2023-09-05T11:00:00","date_gmt":"2023-09-05T09:00:00","guid":{"rendered":"https:\/\/www.tucomarca.com\/wordpress\/segunda\/?p=196996"},"modified":"2023-09-05T15:37:24","modified_gmt":"2023-09-05T13:37:24","slug":"tres-pedanies-de-requena-es-quedaran-sense-subministrament-daigua-potable-durant-unes-hores-per-la-neteja-del-deposit","status":"publish","type":"post","link":"https:\/\/www.tucomarca.com\/wordpress\/segunda\/ca\/tres-pedanies-de-requena-es-quedaran-sense-subministrament-daigua-potable-durant-unes-hores-per-la-neteja-del-deposit\/","title":{"rendered":"Tres pedanies de Requena es quedaran sense subministrament d&#8217;aigua potable durant unes hores per la neteja del dep\u00f2sit"},"content":{"rendered":"\n<p>Segons un comunicat de l&#8217;Ajuntament de Requena, dem\u00e0 dimecres, 6 de setembre, es procedir\u00e0 a la neteja i desinfecci\u00f3 del dep\u00f2sit d&#8217;emmagatzematge d&#8217;aigua de Camp Arc\u00eds en compliment del RD3\/2023.<\/p>\n\n\n\n<p>Pel que el servei d&#8217;aigua potable quedar\u00e0 interromput des de la matinada del dia 5 al 6 de setembre i fins a la finalitzaci\u00f3 dels treballs l&#8217;hora estimada dels quals \u00e9s les 20.30. Les pedanies afectades s\u00f3n Camp Arc\u00eds, Els Ducs i Cases de Eufemia.\u00a0Informa, <strong>Luis Ib\u00e1\u00f1ez<\/strong>.<\/p>\n","protected":false},"excerpt":{"rendered":"<div class=\"mh-excerpt\">Segons un comunicat de l&#8217;Ajuntament de Requena, dem\u00e0 dimecres, 6 de setembre, es procedir\u00e0 a la neteja i desinfecci\u00f3 del dep\u00f2sit d&#8217;emmagatzematge d&#8217;aigua de Camp Arc\u00eds en compliment del RD3\/2023. Pel que el servei d&#8217;aigua <a class=\"mh-excerpt-more\" href=\"https:\/\/www.tucomarca.com\/wordpress\/segunda\/ca\/tres-pedanies-de-requena-es-quedaran-sense-subministrament-daigua-potable-durant-unes-hores-per-la-neteja-del-deposit\/\" title=\"Tres pedanies de Requena es quedaran sense subministrament d&#8217;aigua potable durant unes hores per la neteja del dep\u00f2sit\">[+] <\/a><\/div>\n","protected":false},"author":13,"featured_media":173746,"comment_status":"open","ping_status":"open","sticky":false,"template":"","format":"standard","meta":{"footnotes":""},"categories":[10948,10894,10903,10947,10908,10909,10896],"tags":[12903,11099,10910],"class_list":{"0":"post-196996","1":"post","2":"type-post","3":"status-publish","4":"format-standard","5":"has-post-thumbnail","7":"category-infraestructuras-ca","8":"category-la-comarca-ca","9":"category-medio-ambiente-la-comarca-ca","10":"category-politica","11":"category-requena-ca","12":"category-requena-utiel-ca","13":"category-seccion-ca","14":"tag-infraestructuras-ca","15":"tag-requena-ca","16":"tag-requena-utiel-ca"},"_links":{"self":[{"href":"https:\/\/www.tucomarca.com\/wordpress\/segunda\/ca\/wp-json\/wp\/v2\/posts\/196996","targetHints":{"allow":["GET"]}}],"collection":[{"href":"https:\/\/www.tucomarca.com\/wordpress\/segunda\/ca\/wp-json\/wp\/v2\/posts"}],"about":[{"href":"https:\/\/www.tucomarca.com\/wordpress\/segunda\/ca\/wp-json\/wp\/v2\/types\/post"}],"author":[{"embeddable":true,"href":"https:\/\/www.tucomarca.com\/wordpress\/segunda\/ca\/wp-json\/wp\/v2\/users\/13"}],"replies":[{"embeddable":true,"href":"https:\/\/www.tucomarca.com\/wordpress\/segunda\/ca\/wp-json\/wp\/v2\/comments?post=196996"}],"version-history":[{"count":0,"href":"https:\/\/www.tucomarca.com\/wordpress\/segunda\/ca\/wp-json\/wp\/v2\/posts\/196996\/revisions"}],"wp:featuredmedia":[{"embeddable":true,"href":"https:\/\/www.tucomarca.com\/wordpress\/segunda\/ca\/wp-json\/wp\/v2\/media\/173746"}],"wp:attachment":[{"href":"https:\/\/www.tucomarca.com\/wordpress\/segunda\/ca\/wp-json\/wp\/v2\/media?parent=196996"}],"wp:term":[{"taxonomy":"category","embeddable":true,"href":"https:\/\/www.tucomarca.com\/wordpress\/segunda\/ca\/wp-json\/wp\/v2\/categories?post=196996"},{"taxonomy":"post_tag","embeddable":true,"href":"https:\/\/www.tucomarca.com\/wordpress\/segunda\/ca\/wp-json\/wp\/v2\/tags?post=196996"}],"curies":[{"name":"wp","href":"https:\/\/api.w.org\/{rel}","templated":true}]}}