{"id":197979,"date":"2023-09-12T13:00:00","date_gmt":"2023-09-12T11:00:00","guid":{"rendered":"https:\/\/www.tucomarca.com\/wordpress\/segunda\/?p=197979"},"modified":"2023-09-12T16:11:14","modified_gmt":"2023-09-12T14:11:14","slug":"riba-roja-convoca-liv-certamen-de-literatura-literaturia-en-les-modalitats-de-poesia-relats-i-contes-infantils-en-valencia","status":"publish","type":"post","link":"https:\/\/www.tucomarca.com\/wordpress\/segunda\/ca\/riba-roja-convoca-liv-certamen-de-literatura-literaturia-en-les-modalitats-de-poesia-relats-i-contes-infantils-en-valencia\/","title":{"rendered":"Riba-roja convoca l&#8217;IV Certamen de literatura \u201cLiteraT\u00faria\u201d en les modalitats de poesia, relats i contes infantils en valenci\u00e0"},"content":{"rendered":"\n<h4 class=\"wp-block-heading\">Les bases reguladores estableixen premis de 250 euros en les modalitats de poesia i relat juvenil i 450 per als adults i per als contes infantils&nbsp;<\/h4>\n\n\n\n<figure class=\"wp-block-image size-full is-resized\"><img loading=\"lazy\" decoding=\"async\" src=\"http:\/\/www.tucomarca.com\/wordpress\/segunda\/wp-content\/uploads\/2023\/09\/RibaLiteraturia.jpg\" alt=\"\" class=\"wp-image-197972\" width=\"447\" height=\"632\" srcset=\"https:\/\/www.tucomarca.com\/wordpress\/segunda\/wp-content\/uploads\/2023\/09\/RibaLiteraturia.jpg 550w, https:\/\/www.tucomarca.com\/wordpress\/segunda\/wp-content\/uploads\/2023\/09\/RibaLiteraturia-212x300.jpg 212w\" sizes=\"auto, (max-width: 447px) 100vw, 447px\" \/><\/figure>\n\n\n\n<p>L&#8217;Ajuntament de Riba-roja de T\u00faria ha convocat la IV edici\u00f3 del Certamen Literari \u201cLiteraT\u00faria\u201d en les modalitats de poesia i relat tant en juvenils com en adults, a m\u00e9s de la modalitat de contes infantils en valenci\u00e0. Les obres originals es podran presentar fins al pr\u00f2xim 30 de setembre mentre que el lliurament dels premis tindr\u00e0 lloc el dia 25 de novembre.&nbsp;<\/p>\n\n\n\n<p>Les bases reguladores d&#8217;aquest certamen de Riba-roja de T\u00faria estableixen les normes que hauran de complir tots els participants en aquest, com el cas de persones f\u00edsiques, podran estar escrites en valenci\u00e0 o castell\u00e0 tant en les versions de poesia com en la de relat, hauran de ser originals i in\u00e8dites de tema lliure i no podran haver sigut premiades o seleccionades en cap altre certamen.&nbsp;<\/p>\n\n\n\n<p>Els participants en aquest certamen nom\u00e9s podran presentar un treball per categoria i modalitat, no s&#8217;acceptaran treballs col\u00b7lectius en aquest, cada autor nom\u00e9s podr\u00e0 participar en una de les tres modalitats establida en les bases reguladores, no podran estar incurs en cap dels sup\u00f2sits indicats en la llei general de subvencions que s&#8217;acreditar\u00e0 amb una declaraci\u00f3 responsable i, finalment, els participants menors d&#8217;edat hauran d&#8217;adjuntar una autoritzaci\u00f3 dels seus pares o tutors.&nbsp;<\/p>\n\n\n\n<p>Les modalitats de participaci\u00f3 establides en l&#8217;IV Certamen Literari \u201cLiteraT\u00faria\u201d es configuren en poesia juvenil dirigida per a menors de 14 a 18 anys nascuts entre els anys 2005 i 2009, en versi\u00f3 per a adults a partir de 19 anys o m\u00e9s de l&#8217;any 2004 o anteriors, a m\u00e9s de la modalitat de relat per a juvenils, tamb\u00e9 de 14 a 18 anys, els adults per a majors de 19 anys i, els contes infantils en valenci\u00e0 per a participants a partir de 18 anys, nascuts en 2005 o anteriors.&nbsp;<\/p>\n\n\n\n<p>Les normes espec\u00edfiques en la modalitat de poesia es regulen com un conjunt de versos amb una extensi\u00f3 d&#8217;entre 50 i 80 versos, en paper format DIN A4, escrits en doble espai per una sola cara i amb cos de lletra 12 del tipus Times New Roman. Les normes per als relats s&#8217;especifiquen amb un m\u00ednim de 4 fulles i un m\u00e0xim de 8, en paper format DIN A4, marges de 2\u20195 cm, escrits a doble espai per una sola cara i amb cos de lletra de 12 del tipus Times New Roman. Finalment, les normes per als contes infantils se centren en un m\u00ednim de 4 fulles i un m\u00e0xim de 8, en paper format DIN A4, marges de 2\u20195 cm, escrits a doble espai per una cara I cos del 12 del tipus ITmes New Roman.&nbsp; &nbsp;<\/p>\n\n\n\n<p>El jurat que forma del Certamen LiteraT\u00faria de Riba-roja de T\u00faria seleccionar\u00e0 com a finalistes un m\u00e0xim de tres treballs per cadascuna de les categories establides en les bases reguladores, proposaran un \u00fanic guanyador i altres dos finalistes per a cadascuna d&#8217;elles. Els premis de cadascuna de les categories que formen part no podran quedar deserts, mentre que el veredicte del jurat ser\u00e0 inapel\u00b7lable.&nbsp;<\/p>\n\n\n\n<p>El concurs es desenvolupar\u00e0 en diverses fases, segons s&#8217;estableix en les mateixes bases reguladores, amb una primera que consistir\u00e0 en la presentaci\u00f3 de les obres, des del dia de la publicaci\u00f3 fins al dia 30 de setembre. En una altra fase, el jurat establit valorar\u00e0 els originals presentats entre l&#8217;1 d&#8217;octubre i el 17 de novembre d&#8217;enguany, mentre que en l&#8217;\u00faltima fase tindr\u00e0 lloc el lliurament de premis en un acte p\u00fablic el dia 25 de novembre pr\u00f2xim.&nbsp;<\/p>\n\n\n\n<p>Els premis que s&#8217;han establit per al certamen literari de Riba-roja de T\u00faria es concretaran en un primer premi de 250 euros per a la modalitat de poesia juvenil i un lot de llibres d&#8217;autors locals per als dos finalistes. En la categoria d&#8217;adults es concedir\u00e0 un primer premi de 450 euros i un altre lot de llibres per als finalistes. En la modalitat de relats es concediran 250 euros per al primer premi de juvenil, altres 450 euros per als adults i lots d&#8217;autors locals per als finalistes. Finalment, en la modalitat de contes infantils es concediran altres 450 euros per al primer premi i lots de llibres per als finalistes.<\/p>\n\n\n\n<p>L&#8217;alcalde de Riba-roja de T\u00faria, Robert Raga, ha subratllat que aquest certamen literari \u201cs&#8217;ha consolidat plenament en el nostre municipi, ja que participen creadors de moltes ciutats espanyoles, el millor s\u00edmptoma del bon acolliment que s&#8217;ha dispensat des que es va posar en marxa; a m\u00e9s, cal destacar la gran qualitat que t\u00e9 les creacions que es presenten en cada edici\u00f3\u201d.<\/p>\n","protected":false},"excerpt":{"rendered":"<div class=\"mh-excerpt\">Les bases reguladores estableixen premis de 250 euros en les modalitats de poesia i relat juvenil i 450 per als adults i per als contes infantils&nbsp; L&#8217;Ajuntament de Riba-roja de T\u00faria ha convocat la IV <a class=\"mh-excerpt-more\" href=\"https:\/\/www.tucomarca.com\/wordpress\/segunda\/ca\/riba-roja-convoca-liv-certamen-de-literatura-literaturia-en-les-modalitats-de-poesia-relats-i-contes-infantils-en-valencia\/\" title=\"Riba-roja convoca l&#8217;IV Certamen de literatura \u201cLiteraT\u00faria\u201d en les modalitats de poesia, relats i contes infantils en valenci\u00e0\">[+] <\/a><\/div>\n","protected":false},"author":12,"featured_media":197973,"comment_status":"open","ping_status":"open","sticky":false,"template":"","format":"standard","meta":{"footnotes":""},"categories":[11019,10892,10894,10906,10896],"tags":[10899,19659,19660,15024],"class_list":{"0":"post-197979","1":"post","2":"type-post","3":"status-publish","4":"format-standard","5":"has-post-thumbnail","7":"category-agenda-ca","8":"category-camp-de-turia-ca","9":"category-la-comarca-ca","10":"category-riba-roja-ca","11":"category-seccion-ca","12":"tag-camp-de-turia-ca","13":"tag-iv-certamen-de-literatura-ca","14":"tag-literaturia-ca","15":"tag-riba-roja-de-turia-ca"},"_links":{"self":[{"href":"https:\/\/www.tucomarca.com\/wordpress\/segunda\/ca\/wp-json\/wp\/v2\/posts\/197979","targetHints":{"allow":["GET"]}}],"collection":[{"href":"https:\/\/www.tucomarca.com\/wordpress\/segunda\/ca\/wp-json\/wp\/v2\/posts"}],"about":[{"href":"https:\/\/www.tucomarca.com\/wordpress\/segunda\/ca\/wp-json\/wp\/v2\/types\/post"}],"author":[{"embeddable":true,"href":"https:\/\/www.tucomarca.com\/wordpress\/segunda\/ca\/wp-json\/wp\/v2\/users\/12"}],"replies":[{"embeddable":true,"href":"https:\/\/www.tucomarca.com\/wordpress\/segunda\/ca\/wp-json\/wp\/v2\/comments?post=197979"}],"version-history":[{"count":0,"href":"https:\/\/www.tucomarca.com\/wordpress\/segunda\/ca\/wp-json\/wp\/v2\/posts\/197979\/revisions"}],"wp:featuredmedia":[{"embeddable":true,"href":"https:\/\/www.tucomarca.com\/wordpress\/segunda\/ca\/wp-json\/wp\/v2\/media\/197973"}],"wp:attachment":[{"href":"https:\/\/www.tucomarca.com\/wordpress\/segunda\/ca\/wp-json\/wp\/v2\/media?parent=197979"}],"wp:term":[{"taxonomy":"category","embeddable":true,"href":"https:\/\/www.tucomarca.com\/wordpress\/segunda\/ca\/wp-json\/wp\/v2\/categories?post=197979"},{"taxonomy":"post_tag","embeddable":true,"href":"https:\/\/www.tucomarca.com\/wordpress\/segunda\/ca\/wp-json\/wp\/v2\/tags?post=197979"}],"curies":[{"name":"wp","href":"https:\/\/api.w.org\/{rel}","templated":true}]}}