{"id":198302,"date":"2023-09-15T14:30:00","date_gmt":"2023-09-15T12:30:00","guid":{"rendered":"https:\/\/www.tucomarca.com\/wordpress\/segunda\/?p=198302"},"modified":"2023-09-15T21:19:02","modified_gmt":"2023-09-15T19:19:02","slug":"la-regidoria-de-cultura-presenta-la-programacio-de-la-temporada-2023-2024","status":"publish","type":"post","link":"https:\/\/www.tucomarca.com\/wordpress\/segunda\/ca\/la-regidoria-de-cultura-presenta-la-programacio-de-la-temporada-2023-2024\/","title":{"rendered":"La Regidoria de Cultura presenta la programaci\u00f3 de la temporada 2023-2024"},"content":{"rendered":"\n<p>Ja s&#8217;ha buzoneado en els domicilis chestanos l&#8217;Agenda cultural 2023-2024, amb la programaci\u00f3 prevista des de setembre d&#8217;enguany fins a juliol de 2024. A m\u00e9s, l&#8217;agenda ja est\u00e0 disponible per a la seua consulta en format digital en la web municipal.<\/p>\n\n\n\n<p>La Regidoria de Cultura ha apostat per un format de revista dividida en mesos, que presenta la informaci\u00f3 pr\u00e0ctica de cada esdeveniment, indicant t\u00edtol, horari i lloc on es realitzaran les activitats. A m\u00e9s, els lectors i les lectores trobaran en el seu interior poemes vinculats amb expressions culturals, com el teatre, la m\u00fasica, la literatura, l&#8217;art o el cinema, al costat d&#8217;il\u00b7lustracions tamb\u00e9 evocadores de tots aquests \u00e0mbits culturals. \u201cCom sempre, hem treballat per a oferir una programaci\u00f3 cultural de la m\u00e0xima qualitat possible, amb activitats de totes les disciplines art\u00edstiques i per a diferents edats, gustos i sensibilitats\u201d, ha declarat la regidora de Cultura, M\u00aa \u00c1ngeles Llorente. \u201cL&#8217;art i la cultura ens permeten somiar desperts, ren\u00e0ixer de nou i recordar que el sol ix tots els dies, encara que nom\u00e9s el vegem a estones\u201d.<\/p>\n\n\n\n<p>Dins de la programaci\u00f3, un any m\u00e9s continuen les activitats i cicles que s&#8217;han desenvolupat amb \u00e8xit en altres temporades, com la Mostra de teatre no professional, el cinef\u00f3rum, el club de lectura, el cinema d&#8217;actualitat, la Fira del llibre, M\u00fasica a la primavera o les Serenates; a m\u00e9s d&#8217;altres actuacions musicals, teatrals i de recuperaci\u00f3 de la mem\u00f2ria hist\u00f2rica. L&#8217;agenda tamb\u00e9 presenta activitats educatives promogudes per la regidoria d&#8217;Educaci\u00f3 que han funcionat en els cursos passats, com el teatre en angl\u00e9s i en valenci\u00e0, el mercat ambulant solidari o el certamen literari, que compta amb la implicaci\u00f3 de la Fundaci\u00f3 cajacheste i de la Societat Ateneu L&#8217;Alian\u00e7a.<\/p>\n\n\n\n<p>De nou, l&#8217;agenda cultural comptar\u00e0 amb la celebraci\u00f3 d&#8217;una nova edici\u00f3 del Festival Internacional d&#8217;Art Urb\u00e0, Graffitea, esdeveniment que ha portat a Xest a formar part de la Xarxa de Centres d&#8217;Art Contemporani en l&#8217;Entorn Rural, promoguda per l&#8217;Ag\u00e8ncia Valenciana de Turisme de la Generalitat Valenciana, posicionant-se com a referent art\u00edstic tant a la Comunitat Valenciana com a nivell nacional.<\/p>\n\n\n\n<p>\u201cDes d&#8217;aquesta Regidoria intentem crear cultura des de la base, comptant amb les associacions i persones del poble; agra\u00efsc la seua participaci\u00f3 a totes elles i al nostre fidel i benvolgud\u00edssim p\u00fablic, ja que sense ells i elles la nostra tasca no tindria sentit\u201d, ha apuntat Llorente.<\/p>\n\n\n\n<figure class=\"wp-block-image size-large\"><img loading=\"lazy\" decoding=\"async\" width=\"640\" height=\"1024\" src=\"http:\/\/www.tucomarca.com\/wordpress\/segunda\/wp-content\/uploads\/2023\/09\/Agenda23-640x1024.jpg\" alt=\"\" class=\"wp-image-198295\" srcset=\"https:\/\/www.tucomarca.com\/wordpress\/segunda\/wp-content\/uploads\/2023\/09\/Agenda23-640x1024.jpg 640w, https:\/\/www.tucomarca.com\/wordpress\/segunda\/wp-content\/uploads\/2023\/09\/Agenda23-188x300.jpg 188w, https:\/\/www.tucomarca.com\/wordpress\/segunda\/wp-content\/uploads\/2023\/09\/Agenda23-768x1228.jpg 768w, https:\/\/www.tucomarca.com\/wordpress\/segunda\/wp-content\/uploads\/2023\/09\/Agenda23.jpg 886w\" sizes=\"auto, (max-width: 640px) 100vw, 640px\" \/><\/figure>\n","protected":false},"excerpt":{"rendered":"<div class=\"mh-excerpt\">Ja s&#8217;ha buzoneado en els domicilis chestanos l&#8217;Agenda cultural 2023-2024, amb la programaci\u00f3 prevista des de setembre d&#8217;enguany fins a juliol de 2024. A m\u00e9s, l&#8217;agenda ja est\u00e0 disponible per a la seua consulta en <a class=\"mh-excerpt-more\" href=\"https:\/\/www.tucomarca.com\/wordpress\/segunda\/ca\/la-regidoria-de-cultura-presenta-la-programacio-de-la-temporada-2023-2024\/\" title=\"La Regidoria de Cultura presenta la programaci\u00f3 de la temporada 2023-2024\">[+] <\/a><\/div>\n","protected":false},"author":12,"featured_media":198300,"comment_status":"open","ping_status":"open","sticky":false,"template":"","format":"standard","meta":{"footnotes":""},"categories":[11019,10894,10912,11007,10896,10974],"tags":[19669,11071,10914],"class_list":{"0":"post-198302","1":"post","2":"type-post","3":"status-publish","4":"format-standard","5":"has-post-thumbnail","7":"category-agenda-ca","8":"category-la-comarca-ca","9":"category-la-hoya-ca","10":"category-ocio-y-cultura-ca","11":"category-seccion-ca","12":"category-cheste-ca","13":"tag-agenda-cultural-de-cheste-ca","14":"tag-cheste","15":"tag-la-hoya-de-bunol-chiva-ca"},"_links":{"self":[{"href":"https:\/\/www.tucomarca.com\/wordpress\/segunda\/ca\/wp-json\/wp\/v2\/posts\/198302","targetHints":{"allow":["GET"]}}],"collection":[{"href":"https:\/\/www.tucomarca.com\/wordpress\/segunda\/ca\/wp-json\/wp\/v2\/posts"}],"about":[{"href":"https:\/\/www.tucomarca.com\/wordpress\/segunda\/ca\/wp-json\/wp\/v2\/types\/post"}],"author":[{"embeddable":true,"href":"https:\/\/www.tucomarca.com\/wordpress\/segunda\/ca\/wp-json\/wp\/v2\/users\/12"}],"replies":[{"embeddable":true,"href":"https:\/\/www.tucomarca.com\/wordpress\/segunda\/ca\/wp-json\/wp\/v2\/comments?post=198302"}],"version-history":[{"count":0,"href":"https:\/\/www.tucomarca.com\/wordpress\/segunda\/ca\/wp-json\/wp\/v2\/posts\/198302\/revisions"}],"wp:featuredmedia":[{"embeddable":true,"href":"https:\/\/www.tucomarca.com\/wordpress\/segunda\/ca\/wp-json\/wp\/v2\/media\/198300"}],"wp:attachment":[{"href":"https:\/\/www.tucomarca.com\/wordpress\/segunda\/ca\/wp-json\/wp\/v2\/media?parent=198302"}],"wp:term":[{"taxonomy":"category","embeddable":true,"href":"https:\/\/www.tucomarca.com\/wordpress\/segunda\/ca\/wp-json\/wp\/v2\/categories?post=198302"},{"taxonomy":"post_tag","embeddable":true,"href":"https:\/\/www.tucomarca.com\/wordpress\/segunda\/ca\/wp-json\/wp\/v2\/tags?post=198302"}],"curies":[{"name":"wp","href":"https:\/\/api.w.org\/{rel}","templated":true}]}}