{"id":198920,"date":"2023-09-25T12:00:00","date_gmt":"2023-09-25T10:00:00","guid":{"rendered":"https:\/\/www.tucomarca.com\/wordpress\/segunda\/?p=198920"},"modified":"2023-09-27T12:20:23","modified_gmt":"2023-09-27T10:20:23","slug":"lajuntament-dutiel-mostra-el-seu-suport-als-agricultors-i-bonificara-libi-rustic-als-damnificats-pel-temporal","status":"publish","type":"post","link":"https:\/\/www.tucomarca.com\/wordpress\/segunda\/ca\/lajuntament-dutiel-mostra-el-seu-suport-als-agricultors-i-bonificara-libi-rustic-als-damnificats-pel-temporal\/","title":{"rendered":"L&#8217;Ajuntament d&#8217;Utiel mostra el seu suport als agricultors i bonificar\u00e0 l&#8217;IBI r\u00fastic als damnificats pel temporal&nbsp;"},"content":{"rendered":"\n<h4 class=\"wp-block-heading\">El consistori insta les administracions p\u00fabliques que prenguen mesures fiscals de suport al sector davant les p\u00e8rdues provocades per la forta tempesta del passat dimarts.<\/h4>\n\n\n\n<h4 class=\"wp-block-heading\">Les pluges torrencials i la calamarsa van provocar danys considerables en explotacions agr\u00e0ries i van inhabilitar accessos i camins en el terme municipal d&#8217;Utiel.&nbsp;<\/h4>\n\n\n\n<p>La tempesta del passat dimarts descarregava m\u00e9s de 30 litres a Utiel amb pres\u00e8ncia de calamarsa en algunes zones, la qual cosa ha provocat nombrosos danys, especialment en el sector agrari amb m\u00e9s de 1.100 hect\u00e0rees afectades a Utiel i prop de 8.000 en tota la comarca. Les intenses precipitacions acompanyades de calamarsa van afectar principalment la zona oest del terme municipal d&#8217;Utiel on la pedra va tindre major virul\u00e8ncia.&nbsp;<\/p>\n\n\n\n<p>Una cat\u00e0strofe natural amb la qual l&#8217;Ajuntament d&#8217;Utiel ha tingut especial sensibilitat, mostrant el seu suport als agricultors del municipi. Aix\u00ed, l&#8217;equip de govern posar\u00e0 en marxa una de les l\u00ednies del seu programa que consisteix a bonificar al 100% el rebut d&#8217;IBI r\u00fastic, fins a un l\u00edmit de 30 hect\u00e0rees, als agricultors afectats per a minimitzar l&#8217;important impacte que ha suposat en aquest motor de l&#8217;economia local. Una mesura que apareixer\u00e0 contemplada en els pr\u00f2xims pressupostos municipals de 2024.<\/p>\n\n\n\n<p>L&#8217;Ajuntament d&#8217;Utiel trasllada el seu suport i solidaritat als agricultors damnificats i mostra tamb\u00e9 el seu comprom\u00eds per a intentar restablir les vies agr\u00e0ries afectades a la major celeritat juntament amb altres espais i instal\u00b7lacions p\u00fabliques, com la zona del pou d&#8217;Utiel on s&#8217;ha reparat una de les canonades que va quedar al descobert per la intensitat de les pluges.<\/p>\n\n\n\n<p>Un temporal que ha danyat m\u00e9s de mil hect\u00e0rees d&#8217;explotacions agr\u00e0ries en el terme d&#8217;Utiel amb p\u00e8rdues considerables en la producci\u00f3 i la inhabilitaci\u00f3 d&#8217;accessos a parcel\u00b7les i camins.<\/p>\n\n\n\n<p>En aquest sentit, i tenint en compte que el sector agrari necessitar\u00e0 d&#8217;importants ajudes per a afrontar les p\u00e8rdues, el consistori insta les administracions a aplicar mesures fiscals a favor dels agricultors.<\/p>\n\n\n\n<p>L&#8217;Ajuntament d&#8217;Utiel se solidaritza amb tots els agricultors de la comarca perjudicats per aquest temporal que just arribava en plena campanya de recol\u00b7lecci\u00f3.<\/p>\n\n\n\n<p><\/p>\n","protected":false},"excerpt":{"rendered":"<div class=\"mh-excerpt\">El consistori insta les administracions p\u00fabliques que prenguen mesures fiscals de suport al sector davant les p\u00e8rdues provocades per la forta tempesta del passat dimarts. Les pluges torrencials i la calamarsa van provocar danys considerables <a class=\"mh-excerpt-more\" href=\"https:\/\/www.tucomarca.com\/wordpress\/segunda\/ca\/lajuntament-dutiel-mostra-el-seu-suport-als-agricultors-i-bonificara-libi-rustic-als-damnificats-pel-temporal\/\" title=\"L&#8217;Ajuntament d&#8217;Utiel mostra el seu suport als agricultors i bonificar\u00e0 l&#8217;IBI r\u00fastic als damnificats pel temporal&nbsp;\">[+] <\/a><\/div>\n","protected":false},"author":12,"featured_media":198919,"comment_status":"open","ping_status":"open","sticky":false,"template":"","format":"standard","meta":{"footnotes":""},"categories":[10905,10948,10894,10947,10909,10896,11059],"tags":[19693,10910,11174],"class_list":{"0":"post-198920","1":"post","2":"type-post","3":"status-publish","4":"format-standard","5":"has-post-thumbnail","7":"category-agricultura-la-comarca-ca","8":"category-infraestructuras-ca","9":"category-la-comarca-ca","10":"category-politica","11":"category-requena-utiel-ca","12":"category-seccion-ca","13":"category-utiel-ca","14":"tag-ibi-rustico-ca","15":"tag-requena-utiel-ca","16":"tag-utiel-ca"},"_links":{"self":[{"href":"https:\/\/www.tucomarca.com\/wordpress\/segunda\/ca\/wp-json\/wp\/v2\/posts\/198920","targetHints":{"allow":["GET"]}}],"collection":[{"href":"https:\/\/www.tucomarca.com\/wordpress\/segunda\/ca\/wp-json\/wp\/v2\/posts"}],"about":[{"href":"https:\/\/www.tucomarca.com\/wordpress\/segunda\/ca\/wp-json\/wp\/v2\/types\/post"}],"author":[{"embeddable":true,"href":"https:\/\/www.tucomarca.com\/wordpress\/segunda\/ca\/wp-json\/wp\/v2\/users\/12"}],"replies":[{"embeddable":true,"href":"https:\/\/www.tucomarca.com\/wordpress\/segunda\/ca\/wp-json\/wp\/v2\/comments?post=198920"}],"version-history":[{"count":0,"href":"https:\/\/www.tucomarca.com\/wordpress\/segunda\/ca\/wp-json\/wp\/v2\/posts\/198920\/revisions"}],"wp:featuredmedia":[{"embeddable":true,"href":"https:\/\/www.tucomarca.com\/wordpress\/segunda\/ca\/wp-json\/wp\/v2\/media\/198919"}],"wp:attachment":[{"href":"https:\/\/www.tucomarca.com\/wordpress\/segunda\/ca\/wp-json\/wp\/v2\/media?parent=198920"}],"wp:term":[{"taxonomy":"category","embeddable":true,"href":"https:\/\/www.tucomarca.com\/wordpress\/segunda\/ca\/wp-json\/wp\/v2\/categories?post=198920"},{"taxonomy":"post_tag","embeddable":true,"href":"https:\/\/www.tucomarca.com\/wordpress\/segunda\/ca\/wp-json\/wp\/v2\/tags?post=198920"}],"curies":[{"name":"wp","href":"https:\/\/api.w.org\/{rel}","templated":true}]}}