{"id":198967,"date":"2023-09-26T11:00:00","date_gmt":"2023-09-26T09:00:00","guid":{"rendered":"https:\/\/www.tucomarca.com\/wordpress\/segunda\/?p=198967"},"modified":"2023-09-27T13:12:08","modified_gmt":"2023-09-27T11:12:08","slug":"vicent-mompo-anuncia-una-nova-linia-dajudes-per-a-impulsar-el-turisme-en-municipis-en-risc-de-despoblacio","status":"publish","type":"post","link":"https:\/\/www.tucomarca.com\/wordpress\/segunda\/ca\/vicent-mompo-anuncia-una-nova-linia-dajudes-per-a-impulsar-el-turisme-en-municipis-en-risc-de-despoblacio\/","title":{"rendered":"Vicent Momp\u00f3 anuncia una nova l\u00ednia d&#8217;ajudes per a impulsar el turisme en municipis en risc de despoblaci\u00f3\u00a0"},"content":{"rendered":"\n<h2 class=\"wp-block-heading\"><strong>El president de la Diputaci\u00f3 de Val\u00e8ncia ha fet l&#8217;anunci durant la I Trobada de Municipis i Empreses del programa Fem Poble, en el qual s&#8217;han presentat un centenar d&#8217;experi\u00e8ncies tur\u00edstiques en 50 d&#8217;aquestes localitats<\/strong><\/h2>\n\n\n\n<h2 class=\"wp-block-heading\"><strong>La dotaci\u00f3 total per a aquestes subvencions \u00e9s de 350.000 euros que els ajuntaments podran destinar a la creaci\u00f3 i promoci\u00f3 de productes tur\u00edstics o al manteniment d&#8217;infraestructures i equipaments del sector<\/strong><\/h2>\n\n\n\n<p>El presidente de la Diputaci\u00f3 de Val\u00e8ncia, Vicent Momp\u00f3, ha anunciado este martes la creaci\u00f3n de una nueva l\u00ednea de ayudas para fomentar el turismo en municipios en riesgo de despoblaci\u00f3n. Seg\u00fan ha detallado, el montante total de estas subvenciones supera los 350.000 euros, y a ellas aspiran todas aquellas localidades de la provincia con riesgo de despoblaci\u00f3n alto o muy alto, as\u00ed como los municipios de elevada ruralidad. Los ayuntamientos de estas poblaciones podr\u00e1n destinar las ayudas a creaci\u00f3n y generaci\u00f3n de productos tur\u00edsticos, as\u00ed como al mantenimiento de infraestructuras y equipamientos tur\u00edsticos. \u201cSe trata de un paso importante en nuestro compromiso con la revitalizaci\u00f3n de estos pueblos y una respuesta urgente a la necesidad de fortalecer nuestras zonas rurales\u201d, ha subrayado el presidente Momp\u00f3.&nbsp;<\/p>\n\n\n\n<p>Este anuncio se ha realizado aprovechando la celebraci\u00f3n en Ayora del I Encuentro de Municipios y Empresas dentro del programa Fem Poble, la iniciativa puesta en marcha por las \u00e1reas de Turismo y Desarrollo Rural de la Diputaci\u00f3 de Val\u00e8ncia para impulsar el turismo en los municipios de la provincia en riesgo de despoblaci\u00f3n, y que ya cuenta con la adhesi\u00f3n de m\u00e1s de 50 ayuntamientos y cuatro mancomunidades. En la misma jornada han participado tambi\u00e9n el diputado de Turismo, Pedro Cuesta, el diputado de Desarrollo Rural, Avelino Mascarell, y el alcalde de Ayora, Jos\u00e9 Vicente Anaya.<\/p>\n\n\n\n<p>Durante su intervenci\u00f3n, Vicent Momp\u00f3 ha se\u00f1alado la importancia de un programa como Fem Poble, \u201cque apuesta por ayudar a las zonas despobladas a incrementar el valor de sus recursos tur\u00edsticos, porque fomentar el turismo rural no sirve s\u00f3lo para impulsar la econom\u00eda local, sino tambi\u00e9n para revitalizar las tradiciones, atraer poblaci\u00f3n y recuperar servicios b\u00e1sicos de esos municipios\u201d.<\/p>\n\n\n\n<p>En efecto, lo que hace la corporaci\u00f3n provincial a trav\u00e9s de Fem Poble es ayudar a estas localidades a incrementar el valor de sus recursos tur\u00edsticos y as\u00ed poder crear verdaderas experiencias tur\u00edsticas que activen su econom\u00eda local y, en consecuencia, su proyecci\u00f3n territorial. Al mismo tiempo se est\u00e1 activando la colaboraci\u00f3n p\u00fablico-privada para dinamizar tur\u00edsticamente estas poblaciones, respetando siempre los principios de sostenibilidad y la capacidad de carga tur\u00edstica de cada una de ellas.<\/p>\n\n\n\n<p><strong>Cat\u00e1logo de experiencias tur\u00edsticas<\/strong><\/p>\n\n\n\n<p>En el marco de dicho programa ha tenido lugar el encuentro, que ha servido principalmente para presentar el cat\u00e1logo de experiencias tur\u00edsticas, una publicaci\u00f3n de Val\u00e8ncia Turisme (la marca de la Diputaci\u00f3n) que re\u00fane cerca de un centenar de experiencias tur\u00edsticas de municipios en riesgo de despoblaci\u00f3n en la provincia. El cat\u00e1logo resultar\u00e1 ser una herramienta \u00fatil de cara a facilitar la comercializaci\u00f3n de los productos tur\u00edsticos locales en todos los circuitos, cert\u00e1menes y eventos del sector.&nbsp;<\/p>\n\n\n\n<p>El diputado de Turismo, Pedro Cuesta, ha hecho hincapi\u00e9 en que \u201cgracias a Fem Poble los pueblos m\u00e1s peque\u00f1os pueden desarrollar proyectos tur\u00edsticos que por s\u00ed solos no podr\u00edan. Vamos a estar a su lado para dotarles de ayuda t\u00e9cnica, asesoramiento y para ponerles en contacto con empresas y entidades\u201d.<\/p>\n\n\n\n<p>Por su parte, el diputado de Desarrollo Rural, Avelino Mascarell, ha declarado que \u201clos ayuntamientos de las comarcas de interior merecen un especial apoyo que permita a la poblaci\u00f3n contar con unos mejores servicios, en igualdad de oportunidades con otros territorios m\u00e1s poblados\u201d, y tambi\u00e9n ha querido poner en valor \u201cel trabajo de las empresas y del tejido asociativo en estas zonas\u201d.<\/p>\n\n\n\n<p>En la misma jornada tambi\u00e9n se han dado a conocer las acciones promocionales con las que se difundir\u00e1 este cat\u00e1logo, entre las que se encuentran un spot promocional y una campa\u00f1a de marketing. Dentro de esta estrategia se incluye un workshop con agencias de viajes previsto tambi\u00e9n para dar a conocer estas experiencias tur\u00edsticas.<\/p>\n\n\n\n<p>Por \u00faltimo, el encuentro ha finalizado con una sesi\u00f3n de networking entre empresas y municipios donde han podido intercambiar pr\u00e1cticas y han dado a conocer experiencias tur\u00edsticas, lo cual ha permitido fomentar la generaci\u00f3n de sinergias entre ellos.<\/p>\n\n\n\n<p><strong>Fases del proyecto Fem Poble<\/strong><\/p>\n\n\n\n<p>La Diputaci\u00f3 de Val\u00e8ncia puso en marcha en 2022 el programa Fem Poble, despu\u00e9s haber analizado cu\u00e1l era en ese momento la oferta b\u00e1sica y complementaria en poblaciones en riesgo de despoblaci\u00f3n. La iniciativa, que cuenta con la colaboraci\u00f3n de Turisme Comunitat Valenciana a trav\u00e9s de Creaturisme, comenz\u00f3 con la elaboraci\u00f3n de manuales personificados sobre cada localidad, en los cuales se les ofrec\u00eda a los ayuntamientos las claves para desarrollar el turismo local, as\u00ed como la manera m\u00e1s eficaz para planificarlo y gestionarlo.<\/p>\n\n\n\n<p>El siguiente paso ha sido la celebraci\u00f3n de talleres formativos para el desarrollo de productos y experiencias tur\u00edsticas, con la participaci\u00f3n de emprendedores y empresas. Ello se ha llevado a cabo mediante los cuatro grupos de trabajo organizados con los 50 municipios y 4 mancomunidades adheridos hasta la fecha al programa.&nbsp;<\/p>\n\n\n\n<p>Gracias a las dos primeras fases del proyecto, se ha podido conformar el cat\u00e1logo de experiencias tur\u00edsticas presentado este martes. A lo largo de los pr\u00f3ximos meses se desarrollar\u00e1n los diversos soportes audiovisuales para promocionar los productos tur\u00edsticos, as\u00ed como una campa\u00f1a de marketing de cara a la campa\u00f1a de verano.<\/p>\n\n\n\n<p>Los m\u00e1s de 50 municipios adheridos al programa Fem Poble pertenecen a las comarcas del Rinc\u00f3n de Ademuz, La Serran\u00eda, La Plana de Utiel Requena, Hoya de Bu\u00f1ol, Camp de T\u00faria, Valle de Ayora-Cofrentes, La Vall d\u2019Albaida, Canal de Navarr\u00e9s, La Costera y La Ribera.<\/p>\n","protected":false},"excerpt":{"rendered":"<div class=\"mh-excerpt\">El president de la Diputaci\u00f3 de Val\u00e8ncia ha fet l&#8217;anunci durant la I Trobada de Municipis i Empreses del programa Fem Poble, en el qual s&#8217;han presentat un centenar d&#8217;experi\u00e8ncies tur\u00edstiques en 50 d&#8217;aquestes localitats <a class=\"mh-excerpt-more\" href=\"https:\/\/www.tucomarca.com\/wordpress\/segunda\/ca\/vicent-mompo-anuncia-una-nova-linia-dajudes-per-a-impulsar-el-turisme-en-municipis-en-risc-de-despoblacio\/\" title=\"Vicent Momp\u00f3 anuncia una nova l\u00ednia d&#8217;ajudes per a impulsar el turisme en municipis en risc de despoblaci\u00f3\u00a0\">[+] <\/a><\/div>\n","protected":false},"author":1,"featured_media":198965,"comment_status":"open","ping_status":"open","sticky":false,"template":"","format":"standard","meta":{"footnotes":""},"categories":[10890,10951,10892,11046,10898,10948,10963,10894,10904,10912,10902,11007,10947,10909,10896],"tags":[11401,11199],"class_list":{"0":"post-198967","1":"post","2":"type-post","3":"status-publish","4":"format-standard","5":"has-post-thumbnail","7":"category-ademus","8":"category-ayora-cofrentes-ca","9":"category-camp-de-turia-ca","10":"category-los-serranos-ca","11":"category-ventana-ca","12":"category-infraestructuras-ca","13":"category-la-canal-de-navarres-ca","14":"category-la-comarca-ca","15":"category-sin-categorizar-ca","16":"category-la-hoya-ca","17":"category-la-ribera-ca","18":"category-ocio-y-cultura-ca","19":"category-politica","20":"category-requena-utiel-ca","21":"category-seccion-ca","22":"tag-diputacion-de-valencia-ca","23":"tag-la-comunitat-ca"},"_links":{"self":[{"href":"https:\/\/www.tucomarca.com\/wordpress\/segunda\/ca\/wp-json\/wp\/v2\/posts\/198967","targetHints":{"allow":["GET"]}}],"collection":[{"href":"https:\/\/www.tucomarca.com\/wordpress\/segunda\/ca\/wp-json\/wp\/v2\/posts"}],"about":[{"href":"https:\/\/www.tucomarca.com\/wordpress\/segunda\/ca\/wp-json\/wp\/v2\/types\/post"}],"author":[{"embeddable":true,"href":"https:\/\/www.tucomarca.com\/wordpress\/segunda\/ca\/wp-json\/wp\/v2\/users\/1"}],"replies":[{"embeddable":true,"href":"https:\/\/www.tucomarca.com\/wordpress\/segunda\/ca\/wp-json\/wp\/v2\/comments?post=198967"}],"version-history":[{"count":0,"href":"https:\/\/www.tucomarca.com\/wordpress\/segunda\/ca\/wp-json\/wp\/v2\/posts\/198967\/revisions"}],"wp:featuredmedia":[{"embeddable":true,"href":"https:\/\/www.tucomarca.com\/wordpress\/segunda\/ca\/wp-json\/wp\/v2\/media\/198965"}],"wp:attachment":[{"href":"https:\/\/www.tucomarca.com\/wordpress\/segunda\/ca\/wp-json\/wp\/v2\/media?parent=198967"}],"wp:term":[{"taxonomy":"category","embeddable":true,"href":"https:\/\/www.tucomarca.com\/wordpress\/segunda\/ca\/wp-json\/wp\/v2\/categories?post=198967"},{"taxonomy":"post_tag","embeddable":true,"href":"https:\/\/www.tucomarca.com\/wordpress\/segunda\/ca\/wp-json\/wp\/v2\/tags?post=198967"}],"curies":[{"name":"wp","href":"https:\/\/api.w.org\/{rel}","templated":true}]}}