{"id":199059,"date":"2023-09-26T08:00:00","date_gmt":"2023-09-26T06:00:00","guid":{"rendered":"https:\/\/www.tucomarca.com\/wordpress\/segunda\/?p=199059"},"modified":"2023-09-28T10:32:27","modified_gmt":"2023-09-28T08:32:27","slug":"la-diputacio-acosta-els-fons-europeus-als-ajuntaments-valencians","status":"publish","type":"post","link":"https:\/\/www.tucomarca.com\/wordpress\/segunda\/ca\/la-diputacio-acosta-els-fons-europeus-als-ajuntaments-valencians\/","title":{"rendered":"La Diputaci\u00f3 acosta els fons europeus als ajuntaments valencians"},"content":{"rendered":"\n<h3 class=\"wp-block-heading\"><strong><strong>Les \u00e0rees de Formaci\u00f3 i de Projectes Europeus de la instituci\u00f3 provincial instrueixen a t\u00e8cnics municipals i AEDL\u2019s per a accedir als programes europeus CERV i Erasmus+<\/strong><\/strong><\/h3>\n\n\n\n<h3 class=\"wp-block-heading\"><strong><strong>El diputat de Projectes Europeus Europeus, Juan Ram\u00f3n Adsuara, anuncia la intenci\u00f3 de la Diputaci\u00f3 d&#8217;impartir estes sessions pel territori de la prov\u00edncia per a facilitar als consistoris l&#8217;acc\u00e9s a la formaci\u00f3<\/strong><\/strong><\/h3>\n\n\n\n<p>La Diputaci\u00f3 de Val\u00e8ncia que presidix Vicent Momp\u00f3 ha iniciat hui un m\u00f2dul formatiu per a facilitar als ajuntaments de la prov\u00edncia l&#8217;acc\u00e9s a fons europeus a trav\u00e9s deIs programes europeus CERV i Erasmus+, dos iniciatives de la UE les quals giren entorn de tem\u00e0tiques com joventut, educaci\u00f3, esport, cooperaci\u00f3, mobiIitat IaboraI i estudiantiI; aix\u00ed com la promoci\u00f3 dels drets, Ia iguaItat i Ia participaci\u00f3 ciutadana.<\/p>\n\n\n\n<p>El diputat de Projectes Europeus, Juan Ram\u00f3n Adsuara, qui ha assistit a la sessi\u00f3 inaugural en la seu de l&#8217;\u00c0rea de Formaci\u00f3 de la instituci\u00f3 provincial, ha destacat la import\u00e0ncia de \u201ctindre una visi\u00f3 estrat\u00e8gica des dels ajuntaments, perqu\u00e8 \u00e9s un element clau per a accedir a finan\u00e7ament europeu, cosa que suposa un salt de qualitat en la gesti\u00f3 municipal i que revertix directament en la ciutadania\u201d.<\/p>\n\n\n\n<p>En este sentit, Adsuara ha anunciat \u201cla intenci\u00f3 d&#8217;acostar este tipus de formaci\u00f3, tamb\u00e9 de manera f\u00edsica, als municipis, despla\u00e7ant als t\u00e8cnics pel nostre territori\u201d, i ha especificat que \u201cper a este projecte seran claus les mancomunitats, per la seua integraci\u00f3 comarcal i el contacte directe amb els ajuntaments\u201d.<\/p>\n\n\n\n<p>Els prop de 30 participants en el curs \u2018<em>531 Programes Europeus CERV i Erasmus\u2019<\/em> tenen programades cinc sessions formatives de cinc hores cadascuna, amb acc\u00e9s a un espai virtuaI amb documents i altres recursos, aix\u00ed com un f\u00f2rum per a alumnat i professorat per a potenciar la comunicaci\u00f3 i el flux d&#8217;informaci\u00f3.<\/p>\n\n\n\n<p><strong>Un pla de m\u00e9s d&#8217;un bili\u00f3 d&#8217;euros<\/strong><\/p>\n\n\n\n<p>El ParIament Europeu va aprovar en 2020 un marc financer pluriennal 2021- 2027 que destina 1,07 bilions d&#8217;euros a trav\u00e9s de diferents programes, entre els quals estan Erasmus+ i CERV.<\/p>\n\n\n\n<p>Aix\u00f2 suposa un gran ventall d&#8217;oportunitats per a Ies entitats IocaIs, que poden participar de manera directa en convocat\u00f2ries de subvencions europees amb taxes de cofinan\u00e7ament de fins aI 100%.<\/p>\n\n\n\n<p>Concretament, tant CERV (Ciutadans, Igualtat, Drets i Valors) com l\u2019Erasmus+ s\u00f3n d&#8217;especial inter\u00e9s per als ens municipals per la seua adequaci\u00f3 a Ia reaIitat de Ies entitats IocaIs, les seues taxes de cofinan\u00e7ament i Ia simpIificaci\u00f3 de la seua execuci\u00f3 i justificaci\u00f3.<\/p>\n\n\n\n<p>El programa CERV \u00e9s l\u2019hereu deI programa per a la integraci\u00f3 i eI foment dels vaIors europeus Europe For Citizens i estabIix uns objectius espec\u00edfics basats a protegir i promoure els vaIors de Ia Uni\u00f3, promoure els drets, Ia no discriminaci\u00f3 i Ia iguaItat, aix\u00ed com Ia participaci\u00f3 ciutadana.<\/p>\n\n\n\n<p>Per part seua, l&#8217;Erasmus+, un dels m\u00e9s reconeguts de Ia Comissi\u00f3 Europea, s&#8217;estructura entorn de tem\u00e0tiques com Ia joventut, Ia educaci\u00f3, l\u2019esport, Ia cooperaci\u00f3, eI voIuntariat i Ia mobiIitat IaboraI i estudiantiI, entre altres.<\/p>\n\n\n\n<p>La gran quantitat d&#8217;aspectes que aborda eI programa Erasmus+ ho convertix en un dels programes m\u00e9s compIets i amb major nombre de convocat\u00f2ries per a tota mena de destinataris, entre els quals estan Ies Entitats LocaIs.<\/p>\n\n\n\n<p>La participaci\u00f3 en estos programes europeus requerix d&#8217;una metodoIogia pr\u00f2pia la qual, apIicada als procediments de Ies entitats IocaIs, pot incentivar i faciIitar Ia participaci\u00f3 en programes europeus, aix\u00ed com Ia captaci\u00f3 de recursos per a projectes propis.<\/p>\n","protected":false},"excerpt":{"rendered":"<div class=\"mh-excerpt\">Les \u00e0rees de Formaci\u00f3 i de Projectes Europeus de la instituci\u00f3 provincial instrueixen a t\u00e8cnics municipals i AEDL\u2019s per a accedir als programes europeus CERV i Erasmus+ El diputat de Projectes Europeus Europeus, Juan Ram\u00f3n <a class=\"mh-excerpt-more\" href=\"https:\/\/www.tucomarca.com\/wordpress\/segunda\/ca\/la-diputacio-acosta-els-fons-europeus-als-ajuntaments-valencians\/\" title=\"La Diputaci\u00f3 acosta els fons europeus als ajuntaments valencians\">[+] <\/a><\/div>\n","protected":false},"author":1,"featured_media":199056,"comment_status":"open","ping_status":"open","sticky":false,"template":"","format":"standard","meta":{"footnotes":""},"categories":[10890,10951,10892,11046,10898,10948,10963,10894,10904,10912,10902,11007,10947,10909,10896],"tags":[],"class_list":{"0":"post-199059","1":"post","2":"type-post","3":"status-publish","4":"format-standard","5":"has-post-thumbnail","7":"category-ademus","8":"category-ayora-cofrentes-ca","9":"category-camp-de-turia-ca","10":"category-los-serranos-ca","11":"category-ventana-ca","12":"category-infraestructuras-ca","13":"category-la-canal-de-navarres-ca","14":"category-la-comarca-ca","15":"category-sin-categorizar-ca","16":"category-la-hoya-ca","17":"category-la-ribera-ca","18":"category-ocio-y-cultura-ca","19":"category-politica","20":"category-requena-utiel-ca","21":"category-seccion-ca"},"_links":{"self":[{"href":"https:\/\/www.tucomarca.com\/wordpress\/segunda\/ca\/wp-json\/wp\/v2\/posts\/199059","targetHints":{"allow":["GET"]}}],"collection":[{"href":"https:\/\/www.tucomarca.com\/wordpress\/segunda\/ca\/wp-json\/wp\/v2\/posts"}],"about":[{"href":"https:\/\/www.tucomarca.com\/wordpress\/segunda\/ca\/wp-json\/wp\/v2\/types\/post"}],"author":[{"embeddable":true,"href":"https:\/\/www.tucomarca.com\/wordpress\/segunda\/ca\/wp-json\/wp\/v2\/users\/1"}],"replies":[{"embeddable":true,"href":"https:\/\/www.tucomarca.com\/wordpress\/segunda\/ca\/wp-json\/wp\/v2\/comments?post=199059"}],"version-history":[{"count":0,"href":"https:\/\/www.tucomarca.com\/wordpress\/segunda\/ca\/wp-json\/wp\/v2\/posts\/199059\/revisions"}],"wp:featuredmedia":[{"embeddable":true,"href":"https:\/\/www.tucomarca.com\/wordpress\/segunda\/ca\/wp-json\/wp\/v2\/media\/199056"}],"wp:attachment":[{"href":"https:\/\/www.tucomarca.com\/wordpress\/segunda\/ca\/wp-json\/wp\/v2\/media?parent=199059"}],"wp:term":[{"taxonomy":"category","embeddable":true,"href":"https:\/\/www.tucomarca.com\/wordpress\/segunda\/ca\/wp-json\/wp\/v2\/categories?post=199059"},{"taxonomy":"post_tag","embeddable":true,"href":"https:\/\/www.tucomarca.com\/wordpress\/segunda\/ca\/wp-json\/wp\/v2\/tags?post=199059"}],"curies":[{"name":"wp","href":"https:\/\/api.w.org\/{rel}","templated":true}]}}