{"id":199320,"date":"2023-10-02T09:30:00","date_gmt":"2023-10-02T07:30:00","guid":{"rendered":"https:\/\/www.tucomarca.com\/wordpress\/segunda\/?p=199320"},"modified":"2023-10-03T09:51:53","modified_gmt":"2023-10-03T07:51:53","slug":"es-presenta-aquest-dijous-la-tercera-edicio-dels-pressupostos-participatius-de-bunyol","status":"publish","type":"post","link":"https:\/\/www.tucomarca.com\/wordpress\/segunda\/ca\/es-presenta-aquest-dijous-la-tercera-edicio-dels-pressupostos-participatius-de-bunyol\/","title":{"rendered":"Es presenta aquest dijous la tercera edici\u00f3 dels Pressupostos Participatius de Bunyol"},"content":{"rendered":"\n<h4 class=\"wp-block-heading\">La presentaci\u00f3 de la tercera edici\u00f3 tindr\u00e0 lloc el dijous 5 d&#8217;octubre a les 19,00h a la Sala del Mercat, aqueix mateix dia s&#8217;obrir\u00e0 la fase d&#8217;enviament de propostes a trav\u00e9s de la p\u00e0gina&nbsp;<em>www.bu\u00f1olparticipa.es<\/em><\/h4>\n\n\n\n<p>Aquesta \u00e9s una iniciativa de la Regidoria de Participaci\u00f3 de l&#8217;Ajuntament de Bunyol, que t\u00e9 com a objectiu fomentar el desenvolupament d&#8217;una cultura participativa i contribuir a la normalitzaci\u00f3 de la implicaci\u00f3 de la ciutadania en el proc\u00e9s de presa de decisions sobre pol\u00edtiques p\u00fabliques. Es convida a la ciutadania de Bunyol a proposar aquelles actuacions que consideren priorit\u00e0ries per a millorar els serveis municipals, i aconseguir que el seu municipi avance cap a un desenvolupament sostenible; aix\u00ed com a votar les propostes que els serveis t\u00e8cnics municipals hagen seleccionat d&#8217;entre totes les presentades, per ser considerades viables.<\/p>\n\n\n\n<p>Els pressupostos participatius arranquen el 5 de octubre de 2023, amb la presentaci\u00f3 p\u00fablica de la proposta. El per\u00edode d&#8217;enviament de propostes estar\u00e0 obert del 5 d&#8217;octubre fins al 30 d&#8217;octubre de 2023. Les propostes rebudes s\u00f3n valorades pels serveis t\u00e8cnics municipals del 30 d&#8217;octubre al 19 de novembre. Posteriorment s&#8217;obrir\u00e0 el per\u00edode de votaci\u00f3 de les propostes seleccionades del 20 al 3 de desembre de 2023.<\/p>\n\n\n\n<p>La presentaci\u00f3 d&#8217;aquesta tercera edici\u00f3 tindr\u00e0 lloc el dijous, 5 d&#8217;octubre, a les 19,00h a la Sala del Mercat, aqueix mateix dia s&#8217;obrir\u00e0 la fase d&#8217;enviament de propostes. A trav\u00e9s de la p\u00e0gina&nbsp;<em>www.bu\u00f1olparticipa.es<\/em> qualsevol persona podr\u00e0 accedir a l&#8217;enviament de propostes per al municipi, fins al 30 d&#8217;octubre de 2023, o de manera presencial a l&#8217;ajuntament, antic institut i biblioteca municipal. D&#8217;entre totes les propostes rebudes, els serveis t\u00e8cnics municipals seleccionen aquelles que complisquen els seg\u00fcents requisits b\u00e0sics:<\/p>\n\n\n\n<ol class=\"wp-block-list\"><li>Que milloren la prestaci\u00f3 de serveis municipals.<\/li><li>Que fomenten el desenvolupament sostenible del municipi.<\/li><li>Que siguen acciones compet\u00e8ncia de l&#8217;Ajuntament.<\/li><li>Que es corresponguen amb inversions i no superen les despeses previstes en els cap\u00edtols corresponents a les despeses corrents o a inversions del pressupost municipal (cap\u00edtol II o cap\u00edtol VI).<\/li><li>Que no estiguen ja executades o que la seua execuci\u00f3 no es trobe ja aprovada.<\/li><li>Que resulten viables t\u00e8cnica i jur\u00eddicament.<\/li><\/ol>\n","protected":false},"excerpt":{"rendered":"<div class=\"mh-excerpt\">La presentaci\u00f3 de la tercera edici\u00f3 tindr\u00e0 lloc el dijous 5 d&#8217;octubre a les 19,00h a la Sala del Mercat, aqueix mateix dia s&#8217;obrir\u00e0 la fase d&#8217;enviament de propostes a trav\u00e9s de la p\u00e0gina&nbsp;www.bu\u00f1olparticipa.es Aquesta <a class=\"mh-excerpt-more\" href=\"https:\/\/www.tucomarca.com\/wordpress\/segunda\/ca\/es-presenta-aquest-dijous-la-tercera-edicio-dels-pressupostos-participatius-de-bunyol\/\" title=\"Es presenta aquest dijous la tercera edici\u00f3 dels Pressupostos Participatius de Bunyol\">[+] <\/a><\/div>\n","protected":false},"author":12,"featured_media":199315,"comment_status":"open","ping_status":"open","sticky":false,"template":"","format":"standard","meta":{"footnotes":""},"categories":[11019,10911,10948,10894,10912,10947,10896],"tags":[10913,19714,10914,12325],"class_list":{"0":"post-199320","1":"post","2":"type-post","3":"status-publish","4":"format-standard","5":"has-post-thumbnail","7":"category-agenda-ca","8":"category-bunol-ca","9":"category-infraestructuras-ca","10":"category-la-comarca-ca","11":"category-la-hoya-ca","12":"category-politica","13":"category-seccion-ca","14":"tag-bunol-ca","15":"tag-bunol-participa-ca","16":"tag-la-hoya-de-bunol-chiva-ca","17":"tag-presupuestos-participativos-ca"},"_links":{"self":[{"href":"https:\/\/www.tucomarca.com\/wordpress\/segunda\/ca\/wp-json\/wp\/v2\/posts\/199320","targetHints":{"allow":["GET"]}}],"collection":[{"href":"https:\/\/www.tucomarca.com\/wordpress\/segunda\/ca\/wp-json\/wp\/v2\/posts"}],"about":[{"href":"https:\/\/www.tucomarca.com\/wordpress\/segunda\/ca\/wp-json\/wp\/v2\/types\/post"}],"author":[{"embeddable":true,"href":"https:\/\/www.tucomarca.com\/wordpress\/segunda\/ca\/wp-json\/wp\/v2\/users\/12"}],"replies":[{"embeddable":true,"href":"https:\/\/www.tucomarca.com\/wordpress\/segunda\/ca\/wp-json\/wp\/v2\/comments?post=199320"}],"version-history":[{"count":0,"href":"https:\/\/www.tucomarca.com\/wordpress\/segunda\/ca\/wp-json\/wp\/v2\/posts\/199320\/revisions"}],"wp:featuredmedia":[{"embeddable":true,"href":"https:\/\/www.tucomarca.com\/wordpress\/segunda\/ca\/wp-json\/wp\/v2\/media\/199315"}],"wp:attachment":[{"href":"https:\/\/www.tucomarca.com\/wordpress\/segunda\/ca\/wp-json\/wp\/v2\/media?parent=199320"}],"wp:term":[{"taxonomy":"category","embeddable":true,"href":"https:\/\/www.tucomarca.com\/wordpress\/segunda\/ca\/wp-json\/wp\/v2\/categories?post=199320"},{"taxonomy":"post_tag","embeddable":true,"href":"https:\/\/www.tucomarca.com\/wordpress\/segunda\/ca\/wp-json\/wp\/v2\/tags?post=199320"}],"curies":[{"name":"wp","href":"https:\/\/api.w.org\/{rel}","templated":true}]}}