{"id":199371,"date":"2023-10-02T09:15:00","date_gmt":"2023-10-02T07:15:00","guid":{"rendered":"https:\/\/www.tucomarca.com\/wordpress\/segunda\/?p=199371"},"modified":"2023-10-02T18:47:30","modified_gmt":"2023-10-02T16:47:30","slug":"xiva-gaudeix-de-la-musica-en-diversos-esdeveniments-durant-el-cap-de-setmana","status":"publish","type":"post","link":"https:\/\/www.tucomarca.com\/wordpress\/segunda\/ca\/xiva-gaudeix-de-la-musica-en-diversos-esdeveniments-durant-el-cap-de-setmana\/","title":{"rendered":"Xiva gaudeix de la m\u00fasica en diversos esdeveniments durant el cap de setmana"},"content":{"rendered":"\n<figure class=\"wp-block-gallery has-nested-images columns-1 is-cropped wp-block-gallery-1 is-layout-flex wp-block-gallery-is-layout-flex\">\n<figure class=\"wp-block-image size-large\"><img loading=\"lazy\" decoding=\"async\" width=\"1600\" height=\"900\" data-id=\"199368\" src=\"http:\/\/www.tucomarca.com\/wordpress\/segunda\/wp-content\/uploads\/2023\/10\/EncuentroComarcalChiva.jpg\" alt=\"\" class=\"wp-image-199368\" srcset=\"https:\/\/www.tucomarca.com\/wordpress\/segunda\/wp-content\/uploads\/2023\/10\/EncuentroComarcalChiva.jpg 1600w, https:\/\/www.tucomarca.com\/wordpress\/segunda\/wp-content\/uploads\/2023\/10\/EncuentroComarcalChiva-300x169.jpg 300w, https:\/\/www.tucomarca.com\/wordpress\/segunda\/wp-content\/uploads\/2023\/10\/EncuentroComarcalChiva-1024x576.jpg 1024w, https:\/\/www.tucomarca.com\/wordpress\/segunda\/wp-content\/uploads\/2023\/10\/EncuentroComarcalChiva-768x432.jpg 768w, https:\/\/www.tucomarca.com\/wordpress\/segunda\/wp-content\/uploads\/2023\/10\/EncuentroComarcalChiva-1536x864.jpg 1536w, https:\/\/www.tucomarca.com\/wordpress\/segunda\/wp-content\/uploads\/2023\/10\/EncuentroComarcalChiva-678x381.jpg 678w\" sizes=\"auto, (max-width: 1600px) 100vw, 1600px\" \/><\/figure>\n\n\n\n<figure class=\"wp-block-image size-large\"><img loading=\"lazy\" decoding=\"async\" width=\"531\" height=\"166\" data-id=\"199366\" src=\"http:\/\/www.tucomarca.com\/wordpress\/segunda\/wp-content\/uploads\/2023\/10\/ChivaOrquestaCuerda.jpg\" alt=\"\" class=\"wp-image-199366\" srcset=\"https:\/\/www.tucomarca.com\/wordpress\/segunda\/wp-content\/uploads\/2023\/10\/ChivaOrquestaCuerda.jpg 531w, https:\/\/www.tucomarca.com\/wordpress\/segunda\/wp-content\/uploads\/2023\/10\/ChivaOrquestaCuerda-300x94.jpg 300w\" sizes=\"auto, (max-width: 531px) 100vw, 531px\" \/><\/figure>\n<\/figure>\n\n\n\n<p>A primera hora de la vesprada del dissabte, 30 de setembre, els alumnes de l&#8217;Escola&nbsp;<strong>de M\u00fasica i Dansa \u201cGarc\u00eda Navarro\u201d<\/strong>&nbsp;de la&nbsp;<strong>Societat Musical \u201cL&#8217;Art\u00edstica de Xiva\u201d<\/strong>, al costat de professors, directius, pares i familiars que ho van desitjar, es van despla\u00e7ar a la pr\u00f2xima localitat d&#8217;I\u00e0tova, on es va celebrar la XXI Trobada Comarcal d&#8217;Escoles de M\u00fasica \u201cFoia de Bunyol-Xiva\u201d. Aquestes trobades que cada any es realitzen en una poblaci\u00f3 diferent formen part de la Campanya d&#8217;Activitats Comarcals de la Federaci\u00f3 de Societats Musicals de la Comunitat Valenciana (FSMCV) i reuneix els alumnes de les 12 escoles de m\u00fasica que existeixen en aquesta comarca on un dels aspectes que m\u00e9s la identifiquen \u00e9s la m\u00fasica. En aquest any els alumnes van realitzar cercaviles musicals per tota la poblaci\u00f3, conviv\u00e8ncies, jocs, etc., i els professors i directius van intercanviar opinions sobre temes i problem\u00e0tica de les escoles de m\u00fasica. Els Banda Juvenil de l&#8217;Escola Garc\u00eda Navarro de Xiva, sota la direcci\u00f3 de Quique Subiela, va interpretar durant la cercavila:&nbsp;<strong>Pepe Ant\u00f3n<\/strong>, del compositor Antonio Carrillos;&nbsp;<strong>Del Cant\u00f3 al portell<\/strong>, d&#8217;Abel Moreno i&nbsp;<strong>Educands de Benejuzar<\/strong>, de Jos\u00e9 Aparicio. Es va tancar l&#8217;acte amb la interpretant conjuntament de&nbsp;<strong>Val\u00e8ncia<\/strong>, de Jos\u00e9 Padilla, i un sopar de germanor.&nbsp;<\/p>\n\n\n\n<p>Aix\u00ed mateix a les 20.00 hores es va donar un audici\u00f3 a la sala de concerts de la Casa de la M\u00fasica a Xiva, amb la participaci\u00f3 de l&#8217;Orquestra del Centre Musical Paternense i l&#8217;Orquestra de Corda \u201cMaestro Garc\u00eda Navarro\u201d de la Soc. M. \u201cL&#8217;Art\u00edstica de Xiva, emmarcat dins de la XX Campanya de Concert D\u2019intercanvis Musicals de la Generalitat Valenciana i el Institut Valenci\u00e1 de Cultura.<\/p>\n\n\n\n<p>En la primera part l&#8217;Orquestra del CM Paternense va interpretar, sota la batuta del seu director Edgar Carri\u00f3n Llorens,&nbsp;<strong>Abdelazer suite<\/strong>, d&#8217;Henry Puncell;&nbsp;<strong>La ruta de Num\u00e0ncia<\/strong>, de Joan Alfar\u00e1n;&nbsp;<strong>Pavana per a una Infanta Difunta<\/strong>, de M. Ravel i&nbsp;<strong>L\u2019Arlessien<\/strong>, de G. Bizet.&nbsp;<\/p>\n\n\n\n<p>En la segona part l&#8217;Orquestra de Corda \u201cMaestro Garc\u00eda Navarro\u201d, sota la direcci\u00f3 de Gonzalo Alarc\u00f3n Burriel, va interpretar:&nbsp;<strong>Errant festiu per a orquestra de corda<\/strong>, de J. Sivelius;&nbsp;<strong>Pavane pour uneix Infant D\u00e9funte<\/strong>, de M. Ravel i&nbsp;<strong>Simfonia n\u00fam. 8 \u201cInacabada\u201d D-759 I mvto<\/strong>, de F. Schubert<\/p>\n\n\n\n<p>L&#8217;endem\u00e0, 1 d&#8217;octubre, a les 12,00 hores es va oferir un altre recital musical a la Sala de Concert de la Casa de la M\u00fasica de Xiva. En aquesta ocasi\u00f3 pel Cor del Centre Instructiu Musical Benimaclet i la Coral Verge del Castell de la S. M. L&#8217;Art\u00edstica de Xiva, tamb\u00e9 acollit a la XX Campanya de Concert D\u2019intercanvis Musicals de la Generalitat Valenciana i el Institut Valenci\u00e1 de Cultura.<\/p>\n\n\n\n<p>Va arrancar el concert el Cor del CIM Benimaclet que va interpretar, dirigits per Julieta Vi\u00f1as Arjona,&nbsp;<strong>Cinema Paradiso<\/strong>, de E. Morricone;&nbsp;<strong>Recorda&#8217;m&nbsp;<\/strong>de K. Ardenson i R. L\u00f3pez;&nbsp;<strong>Candilejas<\/strong>&nbsp;de C. Chaplin;&nbsp;<strong>L&#8217;obo\u00e9 de Gabriel,&nbsp;<\/strong>de E. Morricone;&nbsp;<strong>As estafe goes by<\/strong>, d&#8217;H. Huppeld;&nbsp;<strong>Somewhere over the rainbow<\/strong>, d&#8217;H. Arlen i&nbsp;<strong>Am\u00e8rica<\/strong>, de L. Bernstein. Finalitzada la seua actuaci\u00f3 el cor va rebre una placa de record de mans del President de la Societat Musical L&#8217;Art\u00edstica de Xiva.<\/p>\n\n\n\n<p>En la segona part la coral amfitriona sota la batuta de la seua director J. David Obrer i amb l&#8217;acompanyament al piano de Crist\u00f3bal Ib\u00e1\u00f1ez Alcany\u00eds va oferir el seg\u00fcent programa:&nbsp;<strong>Besa&#8217;m molt<\/strong>, de C. Vel\u00e1zquez;&nbsp;<strong>Cantares<\/strong>&nbsp;de J. M. Serrat;&nbsp;<strong>Enamorat del teu<\/strong>, de E. Presley;&nbsp;<strong>City of stars<\/strong>&nbsp;de J. Hurwitz i&nbsp;<strong>Suite estiuenca<\/strong>, de J. Bernardo.<\/p>\n\n\n\n<p>Amb tots aquests concerts, la Societat Musical de Xiva tanca un mes que ha estat replet d&#8217;actes musicals, oferits per totes les seues seccions, Banda Simf\u00f2nica, Coral, Orquestra de Corda, etc. que han ascendit a m\u00e9s dotze, entre concerts (a Xiva i en altres poblacions) i actes musicals en les festes patronals.<\/p>\n","protected":false},"excerpt":{"rendered":"<div class=\"mh-excerpt\">A primera hora de la vesprada del dissabte, 30 de setembre, els alumnes de l&#8217;Escola&nbsp;de M\u00fasica i Dansa \u201cGarc\u00eda Navarro\u201d&nbsp;de la&nbsp;Societat Musical \u201cL&#8217;Art\u00edstica de Xiva\u201d, al costat de professors, directius, pares i familiars que ho <a class=\"mh-excerpt-more\" href=\"https:\/\/www.tucomarca.com\/wordpress\/segunda\/ca\/xiva-gaudeix-de-la-musica-en-diversos-esdeveniments-durant-el-cap-de-setmana\/\" title=\"Xiva gaudeix de la m\u00fasica en diversos esdeveniments durant el cap de setmana\">[+] <\/a><\/div>\n","protected":false},"author":12,"featured_media":199365,"comment_status":"open","ping_status":"open","sticky":false,"template":"","format":"gallery","meta":{"footnotes":""},"categories":[11005,10894,10912,11007,10896,10975],"tags":[11195,10914,14188],"class_list":{"0":"post-199371","1":"post","2":"type-post","3":"status-publish","4":"format-gallery","5":"has-post-thumbnail","7":"category-canal-musica","8":"category-la-comarca-ca","9":"category-la-hoya-ca","10":"category-ocio-y-cultura-ca","11":"category-seccion-ca","12":"category-chiva-ca","13":"tag-chiva-ca","14":"tag-la-hoya-de-bunol-chiva-ca","15":"tag-sm-la-artistica-de-chiva-2-ca","16":"post_format-post-format-gallery"},"_links":{"self":[{"href":"https:\/\/www.tucomarca.com\/wordpress\/segunda\/ca\/wp-json\/wp\/v2\/posts\/199371","targetHints":{"allow":["GET"]}}],"collection":[{"href":"https:\/\/www.tucomarca.com\/wordpress\/segunda\/ca\/wp-json\/wp\/v2\/posts"}],"about":[{"href":"https:\/\/www.tucomarca.com\/wordpress\/segunda\/ca\/wp-json\/wp\/v2\/types\/post"}],"author":[{"embeddable":true,"href":"https:\/\/www.tucomarca.com\/wordpress\/segunda\/ca\/wp-json\/wp\/v2\/users\/12"}],"replies":[{"embeddable":true,"href":"https:\/\/www.tucomarca.com\/wordpress\/segunda\/ca\/wp-json\/wp\/v2\/comments?post=199371"}],"version-history":[{"count":0,"href":"https:\/\/www.tucomarca.com\/wordpress\/segunda\/ca\/wp-json\/wp\/v2\/posts\/199371\/revisions"}],"wp:featuredmedia":[{"embeddable":true,"href":"https:\/\/www.tucomarca.com\/wordpress\/segunda\/ca\/wp-json\/wp\/v2\/media\/199365"}],"wp:attachment":[{"href":"https:\/\/www.tucomarca.com\/wordpress\/segunda\/ca\/wp-json\/wp\/v2\/media?parent=199371"}],"wp:term":[{"taxonomy":"category","embeddable":true,"href":"https:\/\/www.tucomarca.com\/wordpress\/segunda\/ca\/wp-json\/wp\/v2\/categories?post=199371"},{"taxonomy":"post_tag","embeddable":true,"href":"https:\/\/www.tucomarca.com\/wordpress\/segunda\/ca\/wp-json\/wp\/v2\/tags?post=199371"}],"curies":[{"name":"wp","href":"https:\/\/api.w.org\/{rel}","templated":true}]}}