{"id":199539,"date":"2023-10-02T16:00:00","date_gmt":"2023-10-02T14:00:00","guid":{"rendered":"https:\/\/www.tucomarca.com\/wordpress\/segunda\/?p=199539"},"modified":"2023-10-02T22:08:42","modified_gmt":"2023-10-02T20:08:42","slug":"la-diputacio-de-valencia-obrira-les-seues-portes-el-diumenge-amb-visites-guiades-i-actes-festius-pel-9-doctubre","status":"publish","type":"post","link":"https:\/\/www.tucomarca.com\/wordpress\/segunda\/ca\/la-diputacio-de-valencia-obrira-les-seues-portes-el-diumenge-amb-visites-guiades-i-actes-festius-pel-9-doctubre\/","title":{"rendered":"La Diputaci\u00f3 de Val\u00e8ncia obrir\u00e0 les seues portes el diumenge amb visites guiades i actes festius pel 9 d\u2019Octubre"},"content":{"rendered":"\n<h3 class=\"wp-block-heading\"><strong><strong>El president, Vicent Momp\u00f3, presenta la programaci\u00f3 que es desenvolupar\u00e0 entre les 10.00 i les 20.00 hores en Pla\u00e7a Manises, aix\u00ed com el cartell creat per \u2018The Serious Agency\u2019 per a la corporaci\u00f3 provincial<\/strong><\/strong>.<\/h3>\n\n\n\n<h3 class=\"wp-block-heading\"><strong><strong>El programa inclou balls i danses medievals, gegants i cabuts, m\u00fasica i el \u2018Passacarrer de les Comarques\u2019. Les Senyeres de Blasco Ib\u00e1\u00f1ez i Lo Rat Penat podran visitar-se al costat d&#8217;una mostra d&#8217;indument\u00e0ria de Jaume I<\/strong><\/strong>.<\/h3>\n\n\n\n<figure class=\"wp-block-image size-large\"><img loading=\"lazy\" decoding=\"async\" width=\"1024\" height=\"665\" src=\"http:\/\/www.tucomarca.com\/wordpress\/segunda\/wp-content\/uploads\/2023\/10\/9Octubre2023B-1024x665.jpg\" alt=\"\" class=\"wp-image-199534\" srcset=\"https:\/\/www.tucomarca.com\/wordpress\/segunda\/wp-content\/uploads\/2023\/10\/9Octubre2023B-1024x665.jpg 1024w, https:\/\/www.tucomarca.com\/wordpress\/segunda\/wp-content\/uploads\/2023\/10\/9Octubre2023B-300x195.jpg 300w, https:\/\/www.tucomarca.com\/wordpress\/segunda\/wp-content\/uploads\/2023\/10\/9Octubre2023B-768x499.jpg 768w, https:\/\/www.tucomarca.com\/wordpress\/segunda\/wp-content\/uploads\/2023\/10\/9Octubre2023B-1536x998.jpg 1536w, https:\/\/www.tucomarca.com\/wordpress\/segunda\/wp-content\/uploads\/2023\/10\/9Octubre2023B-2048x1331.jpg 2048w\" sizes=\"auto, (max-width: 1024px) 100vw, 1024px\" \/><\/figure>\n\n\n\n<p>El president de la Diputaci\u00f3 de Val\u00e8ncia, Vicent Momp\u00f3, ha presentat este dilluns la programaci\u00f3 d&#8217;actes que ha preparat la corporaci\u00f3 provincial amb motiu del 9 d\u2019Octubre. Els palaus de la Batlia i els Scala, seu central de la instituci\u00f3, obriran les seues portes el diumenge entre les 10.00 i les 18.00 hores per a sumar-se a la celebraci\u00f3 del Dia de la Comunitat Valenciana, en una jornada que finalitzar\u00e0 amb el tradicional \u2018Passacarrer de les Comarques\u2019, que discorrer\u00e0 entre les Torres de Serrans i la Pla\u00e7a Manises.<\/p>\n\n\n\n<p>En paraules del president Momp\u00f3, \u201cnom\u00e9s qui se sent valenci\u00e0 coneix la intensitat del sentiment i defensa amb orgull esta terra envejable, pel car\u00e0cter alegre de les seues gents i pel ric patrimoni natural i cultural que tenim\u201d. En este sentit, el m\u00e0xim responsable de la Diputaci\u00f3 ha assenyalat que hui \u201ces continuen lliurant eixes batalles de Jaume I, encara que les espases s\u00f3n les nostres veus i la defensa a ultran\u00e7a dels nostres municipis i les seues gents\u201d.<\/p>\n\n\n\n<p>Momp\u00f3 ha assenyalat que la Diputaci\u00f3 obrir\u00e0 una vegada m\u00e9s les portes a la ciutadania, que ha de sentir-se \u201corgullosa de la seua casa, d&#8217;una instituci\u00f3 que representa a tots i cadascun dels pobles de la prov\u00edncia i que defensa el nostre patrimoni i senyes d&#8217;identitat, la qual cosa ens definix com a valencianes i valencians\u201d, \u201cUna Diputaci\u00f3 que ser\u00e0 un s\u00edmbol de reivindicaci\u00f3 de la nostra cultura i les nostres tradicions ac\u00ed, a Madrid, a Europa i en el m\u00f3n\u201d, ha concl\u00f2s el president.<\/p>\n\n\n\n<p><strong>Diumenge en fam\u00edlia amb la Diputaci\u00f3<\/strong><\/p>\n\n\n\n<p>El programa d&#8217;actes de la Diputaci\u00f3 amb motiu del 9 d\u2019Octubre arrancar\u00e0 el diumenge a les 10.00 hores en la Pla\u00e7a Manises, on gegants i cabuts, m\u00fasics i soldats del rei donaran la benvinguda al p\u00fablic, que podr\u00e0 disfrutar amb una exhibici\u00f3 de combats medievals. Al llarg del mat\u00ed se succeiran espectacles de dansa, balls, esgrima, il\u00b7lusions i prestidigitaci\u00f3, entre performance amb \u00e9ssers mitol\u00f2gics, joglars, dames, cavallers i una xicoteta xarrada sobre el maneig de les armes en l&#8217;edat mitjana.<\/p>\n\n\n\n<p>Ja a la vesprada, els visitants podran descobrir l&#8217;art de la falconeria, la tradicional Mocaor\u00e0, els jocs dels bufons per als m\u00e9s xicotets i un espectacle de m\u00e0gia i mentalisme a c\u00e0rrec de l&#8217;embruixador i els seus sequa\u00e7os. Mentre les fam\u00edlies disfruten de l&#8217;ambient medieval en la Pla\u00e7a Manises, les portes de la Diputaci\u00f3 estaran obertes fins a les 18.00 hores per a con\u00e9ixer millor els palaus de la corporaci\u00f3 provincial, que acolliran a la Sala de Respecte una exposici\u00f3 amb r\u00e8pliques d&#8217;indument\u00e0ria vinculada a Jaume I i els seus cavallers.<\/p>\n\n\n\n<p>Durant la visita es podran veure les Senyeres de Lo Rat Penat, facs\u00edmil de la de 1596 que custodia l&#8217;Ajuntament de Val\u00e8ncia, i la de Blasco Ib\u00e1\u00f1ez, la r\u00e8plica fabricada pel taller d&#8217;Eduardo Sanch\u00eds Romero, que va cobrir el f\u00e8retre del c\u00e8lebre escriptor, periodista i pol\u00edtic valenci\u00e0 en el seu trasllat a la ciutat des de terres franceses.<\/p>\n\n\n\n<p>La jornada culminar\u00e0 amb el tradicional \u2018Passacarrer de les Comarques\u2019, que transcorrer\u00e0 entre les Torres de Serrans i la Pla\u00e7a Manises amb la participaci\u00f3 de Gandia, Ll\u00edria, Utiel, Quatretonda, Manises, Ontinyent, Requena i Alcublas. Durant hora i mitja, de 18.30 a 20.00 hores, els assistents podran disfrutar amb les actuacions de diferents grups de m\u00fasica i balls procedents de sis comarques valencianes.<\/p>\n\n\n\n<p><strong>Cartell homenatge a Sorolla<\/strong><\/p>\n\n\n\n<p>Miguel Chiner, junt amb Guillermo Sacrist\u00e1n i Quique Colomer creatius de \u2018The Serious Agency\u2019, empresa encarregada de la realitzaci\u00f3 del cartell de la Diputaci\u00f3 per a commemorar el 9 d\u2019Octubre, ha explicat que la intenci\u00f3 ha sigut \u201cunir la tradici\u00f3 art\u00edstica valenciana i l&#8217;avantguarda, amb un nou desconstruit en contrastos de color i blanc i negre que ens trasllada al passat, present i futur\u201d. \u201cHa sigut un repte molt estimulant i inspirador\u201d, ha rematat el creatiu.<\/p>\n\n\n\n<p>Per part seua, el president Momp\u00f3 ha destacat que el cartell \u201c\u00e9s un homenatge a Sorolla en el centenari de la seua mort, un gest m\u00e9s d&#8217;esta instituci\u00f3 amb un pintor \u00fanic que va capturar com cap altre la bellesa dels nostres paisatges i les nostres gents, de la platja i de la llum d&#8217;esta terra. En efinitiva, del que sentim els valencians i les valencianes\u201d.<\/p>\n\n\n\n<figure class=\"wp-block-image size-large\"><img loading=\"lazy\" decoding=\"async\" width=\"1024\" height=\"513\" src=\"http:\/\/www.tucomarca.com\/wordpress\/segunda\/wp-content\/uploads\/2023\/10\/9Octubre2023-1024x513.jpg\" alt=\"\" class=\"wp-image-199532\" srcset=\"https:\/\/www.tucomarca.com\/wordpress\/segunda\/wp-content\/uploads\/2023\/10\/9Octubre2023-1024x513.jpg 1024w, https:\/\/www.tucomarca.com\/wordpress\/segunda\/wp-content\/uploads\/2023\/10\/9Octubre2023-300x150.jpg 300w, https:\/\/www.tucomarca.com\/wordpress\/segunda\/wp-content\/uploads\/2023\/10\/9Octubre2023-768x385.jpg 768w, https:\/\/www.tucomarca.com\/wordpress\/segunda\/wp-content\/uploads\/2023\/10\/9Octubre2023-1536x769.jpg 1536w, https:\/\/www.tucomarca.com\/wordpress\/segunda\/wp-content\/uploads\/2023\/10\/9Octubre2023-2048x1026.jpg 2048w\" sizes=\"auto, (max-width: 1024px) 100vw, 1024px\" \/><\/figure>\n","protected":false},"excerpt":{"rendered":"<div class=\"mh-excerpt\">El president, Vicent Momp\u00f3, presenta la programaci\u00f3 que es desenvolupar\u00e0 entre les 10.00 i les 20.00 hores en Pla\u00e7a Manises, aix\u00ed com el cartell creat per \u2018The Serious Agency\u2019 per a la corporaci\u00f3 provincial. El <a class=\"mh-excerpt-more\" href=\"https:\/\/www.tucomarca.com\/wordpress\/segunda\/ca\/la-diputacio-de-valencia-obrira-les-seues-portes-el-diumenge-amb-visites-guiades-i-actes-festius-pel-9-doctubre\/\" title=\"La Diputaci\u00f3 de Val\u00e8ncia obrir\u00e0 les seues portes el diumenge amb visites guiades i actes festius pel 9 d\u2019Octubre\">[+] <\/a><\/div>\n","protected":false},"author":1,"featured_media":199533,"comment_status":"open","ping_status":"open","sticky":false,"template":"","format":"standard","meta":{"footnotes":""},"categories":[11019,10898,10894,10904,11007,10896],"tags":[11401,11199],"class_list":{"0":"post-199539","1":"post","2":"type-post","3":"status-publish","4":"format-standard","5":"has-post-thumbnail","7":"category-agenda-ca","8":"category-ventana-ca","9":"category-la-comarca-ca","10":"category-sin-categorizar-ca","11":"category-ocio-y-cultura-ca","12":"category-seccion-ca","13":"tag-diputacion-de-valencia-ca","14":"tag-la-comunitat-ca"},"_links":{"self":[{"href":"https:\/\/www.tucomarca.com\/wordpress\/segunda\/ca\/wp-json\/wp\/v2\/posts\/199539","targetHints":{"allow":["GET"]}}],"collection":[{"href":"https:\/\/www.tucomarca.com\/wordpress\/segunda\/ca\/wp-json\/wp\/v2\/posts"}],"about":[{"href":"https:\/\/www.tucomarca.com\/wordpress\/segunda\/ca\/wp-json\/wp\/v2\/types\/post"}],"author":[{"embeddable":true,"href":"https:\/\/www.tucomarca.com\/wordpress\/segunda\/ca\/wp-json\/wp\/v2\/users\/1"}],"replies":[{"embeddable":true,"href":"https:\/\/www.tucomarca.com\/wordpress\/segunda\/ca\/wp-json\/wp\/v2\/comments?post=199539"}],"version-history":[{"count":0,"href":"https:\/\/www.tucomarca.com\/wordpress\/segunda\/ca\/wp-json\/wp\/v2\/posts\/199539\/revisions"}],"wp:featuredmedia":[{"embeddable":true,"href":"https:\/\/www.tucomarca.com\/wordpress\/segunda\/ca\/wp-json\/wp\/v2\/media\/199533"}],"wp:attachment":[{"href":"https:\/\/www.tucomarca.com\/wordpress\/segunda\/ca\/wp-json\/wp\/v2\/media?parent=199539"}],"wp:term":[{"taxonomy":"category","embeddable":true,"href":"https:\/\/www.tucomarca.com\/wordpress\/segunda\/ca\/wp-json\/wp\/v2\/categories?post=199539"},{"taxonomy":"post_tag","embeddable":true,"href":"https:\/\/www.tucomarca.com\/wordpress\/segunda\/ca\/wp-json\/wp\/v2\/tags?post=199539"}],"curies":[{"name":"wp","href":"https:\/\/api.w.org\/{rel}","templated":true}]}}