{"id":199699,"date":"2023-10-04T09:00:00","date_gmt":"2023-10-04T07:00:00","guid":{"rendered":"https:\/\/www.tucomarca.com\/wordpress\/segunda\/?p=199699"},"modified":"2023-10-04T12:06:09","modified_gmt":"2023-10-04T10:06:09","slug":"godelleta-treballa-ja-en-la-seua-proxima-fira-del-moscatell-despres-de-lexit-de-lultima-edicio-realitzada-aquest-cap-de-setmana","status":"publish","type":"post","link":"https:\/\/www.tucomarca.com\/wordpress\/segunda\/ca\/godelleta-treballa-ja-en-la-seua-proxima-fira-del-moscatell-despres-de-lexit-de-lultima-edicio-realitzada-aquest-cap-de-setmana\/","title":{"rendered":"Godelleta treballa ja en la seua pr\u00f2xima Fira del Moscatell despr\u00e9s de l&#8217;\u00e8xit de l&#8217;\u00faltima edici\u00f3 realitzada aquest cap de setmana"},"content":{"rendered":"\n<p>Despr\u00e9s de l&#8217;\u00e8xit de la II Fira del Moscatell de Godelleta en el qual a m\u00e9s de l&#8217;enorme assist\u00e8ncia, la climatologia tamb\u00e9 s&#8217;ha posat al servei del daurat vi, des del consistori comencen a treballar ja perqu\u00e8 la pr\u00f2xima edici\u00f3 &#8220;siga m\u00e9s gran encara i puga albergar m\u00e9s expositors&#8221;, en paraules de l&#8217;alcaldessa, Mar\u00eda Amparo Pardo.<\/p>\n\n\n\n<p>L&#8217;alcaldessa de la localitat ha volgut agrair tamb\u00e9 &#8220;el gran suport institucional que va tindre la inauguraci\u00f3 amb la pres\u00e8ncia d&#8217;autoritats provincials i alcaldes de les localitats de la comarca; al director de la mostra&#8221;, aix\u00ed com &#8220;a les ve\u00efnes i ve\u00efns de Godelleta i als visitants que han assistit durant tot el cap de setmana a aquest esdeveniment que va prenent forma i que s&#8217;ha convertit en un dels m\u00e9s importants per al poble de Godelleta&#8221;.&nbsp;<\/p>\n\n\n\n<p>Les activitats, la m\u00fasica i les degustacions de vins i licors de la Cooperativa Vin\u00edcola de Sant Pere Ap\u00f3stol de la localitat es van succeir durant tot el cap de setmana, &#8220;sent un dels punts de major atracci\u00f3 i inter\u00e9s amb els quals ha comptat la fira&#8221;, en paraules de l&#8217;alcaldessa.<\/p>\n\n\n\n<figure class=\"wp-block-gallery has-nested-images columns-2 is-cropped wp-block-gallery-1 is-layout-flex wp-block-gallery-is-layout-flex\">\n<figure class=\"wp-block-image size-large\"><img loading=\"lazy\" decoding=\"async\" width=\"886\" height=\"591\" data-id=\"199703\" src=\"http:\/\/www.tucomarca.com\/wordpress\/segunda\/wp-content\/uploads\/2023\/10\/FeriaMoscatelGodelleta01.jpg\" alt=\"\" class=\"wp-image-199703\" srcset=\"https:\/\/www.tucomarca.com\/wordpress\/segunda\/wp-content\/uploads\/2023\/10\/FeriaMoscatelGodelleta01.jpg 886w, https:\/\/www.tucomarca.com\/wordpress\/segunda\/wp-content\/uploads\/2023\/10\/FeriaMoscatelGodelleta01-300x200.jpg 300w, https:\/\/www.tucomarca.com\/wordpress\/segunda\/wp-content\/uploads\/2023\/10\/FeriaMoscatelGodelleta01-768x512.jpg 768w\" sizes=\"auto, (max-width: 886px) 100vw, 886px\" \/><\/figure>\n\n\n\n<figure class=\"wp-block-image size-large\"><img loading=\"lazy\" decoding=\"async\" width=\"886\" height=\"886\" data-id=\"199705\" src=\"http:\/\/www.tucomarca.com\/wordpress\/segunda\/wp-content\/uploads\/2023\/10\/FeriaMoscatelGodelleta02.jpg\" alt=\"\" class=\"wp-image-199705\" srcset=\"https:\/\/www.tucomarca.com\/wordpress\/segunda\/wp-content\/uploads\/2023\/10\/FeriaMoscatelGodelleta02.jpg 886w, https:\/\/www.tucomarca.com\/wordpress\/segunda\/wp-content\/uploads\/2023\/10\/FeriaMoscatelGodelleta02-300x300.jpg 300w, https:\/\/www.tucomarca.com\/wordpress\/segunda\/wp-content\/uploads\/2023\/10\/FeriaMoscatelGodelleta02-290x290.jpg 290w, https:\/\/www.tucomarca.com\/wordpress\/segunda\/wp-content\/uploads\/2023\/10\/FeriaMoscatelGodelleta02-768x768.jpg 768w\" sizes=\"auto, (max-width: 886px) 100vw, 886px\" \/><\/figure>\n\n\n\n<figure class=\"wp-block-image size-large\"><img loading=\"lazy\" decoding=\"async\" width=\"886\" height=\"886\" data-id=\"199707\" src=\"http:\/\/www.tucomarca.com\/wordpress\/segunda\/wp-content\/uploads\/2023\/10\/FeriaMoscatelGodelleta03.jpg\" alt=\"\" class=\"wp-image-199707\" srcset=\"https:\/\/www.tucomarca.com\/wordpress\/segunda\/wp-content\/uploads\/2023\/10\/FeriaMoscatelGodelleta03.jpg 886w, https:\/\/www.tucomarca.com\/wordpress\/segunda\/wp-content\/uploads\/2023\/10\/FeriaMoscatelGodelleta03-300x300.jpg 300w, https:\/\/www.tucomarca.com\/wordpress\/segunda\/wp-content\/uploads\/2023\/10\/FeriaMoscatelGodelleta03-290x290.jpg 290w, https:\/\/www.tucomarca.com\/wordpress\/segunda\/wp-content\/uploads\/2023\/10\/FeriaMoscatelGodelleta03-768x768.jpg 768w\" sizes=\"auto, (max-width: 886px) 100vw, 886px\" \/><\/figure>\n\n\n\n<figure class=\"wp-block-image size-large\"><img loading=\"lazy\" decoding=\"async\" width=\"886\" height=\"886\" data-id=\"199711\" src=\"http:\/\/www.tucomarca.com\/wordpress\/segunda\/wp-content\/uploads\/2023\/10\/FeriaMoscatelGodelleta05.jpg\" alt=\"\" class=\"wp-image-199711\" srcset=\"https:\/\/www.tucomarca.com\/wordpress\/segunda\/wp-content\/uploads\/2023\/10\/FeriaMoscatelGodelleta05.jpg 886w, https:\/\/www.tucomarca.com\/wordpress\/segunda\/wp-content\/uploads\/2023\/10\/FeriaMoscatelGodelleta05-300x300.jpg 300w, https:\/\/www.tucomarca.com\/wordpress\/segunda\/wp-content\/uploads\/2023\/10\/FeriaMoscatelGodelleta05-290x290.jpg 290w, https:\/\/www.tucomarca.com\/wordpress\/segunda\/wp-content\/uploads\/2023\/10\/FeriaMoscatelGodelleta05-768x768.jpg 768w\" sizes=\"auto, (max-width: 886px) 100vw, 886px\" \/><\/figure>\n\n\n\n<figure class=\"wp-block-image size-large\"><img loading=\"lazy\" decoding=\"async\" width=\"886\" height=\"886\" data-id=\"199713\" src=\"http:\/\/www.tucomarca.com\/wordpress\/segunda\/wp-content\/uploads\/2023\/10\/FeriaMoscatelGodelleta06.jpg\" alt=\"\" class=\"wp-image-199713\" srcset=\"https:\/\/www.tucomarca.com\/wordpress\/segunda\/wp-content\/uploads\/2023\/10\/FeriaMoscatelGodelleta06.jpg 886w, https:\/\/www.tucomarca.com\/wordpress\/segunda\/wp-content\/uploads\/2023\/10\/FeriaMoscatelGodelleta06-300x300.jpg 300w, https:\/\/www.tucomarca.com\/wordpress\/segunda\/wp-content\/uploads\/2023\/10\/FeriaMoscatelGodelleta06-290x290.jpg 290w, https:\/\/www.tucomarca.com\/wordpress\/segunda\/wp-content\/uploads\/2023\/10\/FeriaMoscatelGodelleta06-768x768.jpg 768w\" sizes=\"auto, (max-width: 886px) 100vw, 886px\" \/><\/figure>\n\n\n\n<figure class=\"wp-block-image size-large\"><img loading=\"lazy\" decoding=\"async\" width=\"886\" height=\"665\" data-id=\"199715\" src=\"http:\/\/www.tucomarca.com\/wordpress\/segunda\/wp-content\/uploads\/2023\/10\/FeriaMoscatelGodelleta07.jpg\" alt=\"\" class=\"wp-image-199715\" srcset=\"https:\/\/www.tucomarca.com\/wordpress\/segunda\/wp-content\/uploads\/2023\/10\/FeriaMoscatelGodelleta07.jpg 886w, https:\/\/www.tucomarca.com\/wordpress\/segunda\/wp-content\/uploads\/2023\/10\/FeriaMoscatelGodelleta07-300x225.jpg 300w, https:\/\/www.tucomarca.com\/wordpress\/segunda\/wp-content\/uploads\/2023\/10\/FeriaMoscatelGodelleta07-768x576.jpg 768w, https:\/\/www.tucomarca.com\/wordpress\/segunda\/wp-content\/uploads\/2023\/10\/FeriaMoscatelGodelleta07-678x509.jpg 678w, https:\/\/www.tucomarca.com\/wordpress\/segunda\/wp-content\/uploads\/2023\/10\/FeriaMoscatelGodelleta07-326x245.jpg 326w, https:\/\/www.tucomarca.com\/wordpress\/segunda\/wp-content\/uploads\/2023\/10\/FeriaMoscatelGodelleta07-80x60.jpg 80w\" sizes=\"auto, (max-width: 886px) 100vw, 886px\" \/><\/figure>\n<\/figure>\n","protected":false},"excerpt":{"rendered":"<div class=\"mh-excerpt\">Despr\u00e9s de l&#8217;\u00e8xit de la II Fira del Moscatell de Godelleta en el qual a m\u00e9s de l&#8217;enorme assist\u00e8ncia, la climatologia tamb\u00e9 s&#8217;ha posat al servei del daurat vi, des del consistori comencen a treballar <a class=\"mh-excerpt-more\" href=\"https:\/\/www.tucomarca.com\/wordpress\/segunda\/ca\/godelleta-treballa-ja-en-la-seua-proxima-fira-del-moscatell-despres-de-lexit-de-lultima-edicio-realitzada-aquest-cap-de-setmana\/\" title=\"Godelleta treballa ja en la seua pr\u00f2xima Fira del Moscatell despr\u00e9s de l&#8217;\u00e8xit de l&#8217;\u00faltima edici\u00f3 realitzada aquest cap de setmana\">[+] <\/a><\/div>\n","protected":false},"author":1,"featured_media":199710,"comment_status":"open","ping_status":"open","sticky":false,"template":"","format":"gallery","meta":{"footnotes":""},"categories":[11006,10898,10977,10894,10912,11007,10896],"tags":[11087,18088,19706,10914],"class_list":{"0":"post-199699","1":"post","2":"type-post","3":"status-publish","4":"format-gallery","5":"has-post-thumbnail","7":"category-canal-vinos","8":"category-ventana-ca","9":"category-godelleta-ca","10":"category-la-comarca-ca","11":"category-la-hoya-ca","12":"category-ocio-y-cultura-ca","13":"category-seccion-ca","14":"tag-godelleta-ca","15":"tag-godelleta-es-moscatel-ca","16":"tag-ii-feria-del-moscatel-ca","17":"tag-la-hoya-de-bunol-chiva-ca","18":"post_format-post-format-gallery"},"_links":{"self":[{"href":"https:\/\/www.tucomarca.com\/wordpress\/segunda\/ca\/wp-json\/wp\/v2\/posts\/199699","targetHints":{"allow":["GET"]}}],"collection":[{"href":"https:\/\/www.tucomarca.com\/wordpress\/segunda\/ca\/wp-json\/wp\/v2\/posts"}],"about":[{"href":"https:\/\/www.tucomarca.com\/wordpress\/segunda\/ca\/wp-json\/wp\/v2\/types\/post"}],"author":[{"embeddable":true,"href":"https:\/\/www.tucomarca.com\/wordpress\/segunda\/ca\/wp-json\/wp\/v2\/users\/1"}],"replies":[{"embeddable":true,"href":"https:\/\/www.tucomarca.com\/wordpress\/segunda\/ca\/wp-json\/wp\/v2\/comments?post=199699"}],"version-history":[{"count":0,"href":"https:\/\/www.tucomarca.com\/wordpress\/segunda\/ca\/wp-json\/wp\/v2\/posts\/199699\/revisions"}],"wp:featuredmedia":[{"embeddable":true,"href":"https:\/\/www.tucomarca.com\/wordpress\/segunda\/ca\/wp-json\/wp\/v2\/media\/199710"}],"wp:attachment":[{"href":"https:\/\/www.tucomarca.com\/wordpress\/segunda\/ca\/wp-json\/wp\/v2\/media?parent=199699"}],"wp:term":[{"taxonomy":"category","embeddable":true,"href":"https:\/\/www.tucomarca.com\/wordpress\/segunda\/ca\/wp-json\/wp\/v2\/categories?post=199699"},{"taxonomy":"post_tag","embeddable":true,"href":"https:\/\/www.tucomarca.com\/wordpress\/segunda\/ca\/wp-json\/wp\/v2\/tags?post=199699"}],"curies":[{"name":"wp","href":"https:\/\/api.w.org\/{rel}","templated":true}]}}