{"id":199791,"date":"2023-10-04T14:00:00","date_gmt":"2023-10-04T12:00:00","guid":{"rendered":"https:\/\/www.tucomarca.com\/wordpress\/segunda\/?p=199791"},"modified":"2023-10-04T21:41:23","modified_gmt":"2023-10-04T19:41:23","slug":"lajuntament-de-benaguasil-se-suma-a-la-celebracio-del-dia-de-les-biblioteques-amb-un-ampli-ventall-dactivitats","status":"publish","type":"post","link":"https:\/\/www.tucomarca.com\/wordpress\/segunda\/ca\/lajuntament-de-benaguasil-se-suma-a-la-celebracio-del-dia-de-les-biblioteques-amb-un-ampli-ventall-dactivitats\/","title":{"rendered":"L&#8217;Ajuntament de Benaguasil se suma a la celebraci\u00f3 del Dia de les Biblioteques amb un ampli ventall d&#8217;activitats"},"content":{"rendered":"\n<h4 class=\"wp-block-heading\">El programa inclou contacontes, tallers i un acte de reconeixement al lector m\u00e9s longeu i als m\u00e9s lectors.<\/h4>\n\n\n\n<h4 class=\"wp-block-heading\">Es desenvoluparan durant tot el mes d&#8217;octubre i van dirigides a tots els p\u00fablics.<\/h4>\n\n\n\n<p>L&#8217;Ajuntament de Benaguasil, a trav\u00e9s de la regidoria de Cultura, ha preparat per a aquest mes d&#8217;octubre una s\u00e8rie d&#8217;activitats relacionades amb la lectura i els llibres per a celebrar el Dia Internacional de les Biblioteques, que se celebra el pr\u00f2xim 24 d&#8217;octubre.<br>Les activitats han comen\u00e7at aquesta setmana per a commemorar la festivitat del 9 d&#8217;Octubre, en la qual els xiquets decoraran la biblioteca i pintaran dibuixos t\u00edpics de la festivitat.<br>Les vesprades del 4, 18 i 25 d&#8217;octubre els m\u00e9s xicotets podran gaudir de les sessions de contacontes amb les quals fomentar la lectura.<br>La programaci\u00f3 continuar\u00e0 el dia 16 amb el Dia de les Escriptores, i el dia 23 amb l&#8217;homenatge al lector m\u00e9s longeu de la Biblioteca i el lliurament de premis a les persones m\u00e9s lectores de l&#8217;any en les categories adult, juvenil i infantil.<br>Per al 24, dia Internacional de les Biblioteques, s&#8217;han preparat tallers de marcap\u00e1ginas i de bibliotecaris per un dia, dins del programa d&#8217;activitats de dinamitzaci\u00f3 a la lectura.<br>El dia 27 la vesprada estar\u00e0 dedicada al p\u00fablic adult que en la reuni\u00f3 del club de lectura comentar\u00e0 el llibre \u201cCatedrals\u201d de Claudia Pi\u00f1eiro.<br>La programaci\u00f3 finalitzar\u00e0 els dies 30 i 31 amb activitats per a decorar la biblioteca amb motiu d&#8217;Halloween, realitzaci\u00f3 d&#8217;un photocall terror\u00edfic, i dibuixos relacionats amb aquesta festivitat.<\/p>\n\n\n\n<figure class=\"wp-block-image size-large\"><img loading=\"lazy\" decoding=\"async\" width=\"724\" height=\"1024\" src=\"http:\/\/www.tucomarca.com\/wordpress\/segunda\/wp-content\/uploads\/2023\/10\/BenaguasilMesBiblioteca-724x1024.jpg\" alt=\"\" class=\"wp-image-199789\" srcset=\"https:\/\/www.tucomarca.com\/wordpress\/segunda\/wp-content\/uploads\/2023\/10\/BenaguasilMesBiblioteca-724x1024.jpg 724w, https:\/\/www.tucomarca.com\/wordpress\/segunda\/wp-content\/uploads\/2023\/10\/BenaguasilMesBiblioteca-212x300.jpg 212w, https:\/\/www.tucomarca.com\/wordpress\/segunda\/wp-content\/uploads\/2023\/10\/BenaguasilMesBiblioteca-768x1086.jpg 768w, https:\/\/www.tucomarca.com\/wordpress\/segunda\/wp-content\/uploads\/2023\/10\/BenaguasilMesBiblioteca.jpg 886w\" sizes=\"auto, (max-width: 724px) 100vw, 724px\" \/><\/figure>\n","protected":false},"excerpt":{"rendered":"<div class=\"mh-excerpt\">El programa inclou contacontes, tallers i un acte de reconeixement al lector m\u00e9s longeu i als m\u00e9s lectors. Es desenvoluparan durant tot el mes d&#8217;octubre i van dirigides a tots els p\u00fablics. L&#8217;Ajuntament de Benaguasil, <a class=\"mh-excerpt-more\" href=\"https:\/\/www.tucomarca.com\/wordpress\/segunda\/ca\/lajuntament-de-benaguasil-se-suma-a-la-celebracio-del-dia-de-les-biblioteques-amb-un-ampli-ventall-dactivitats\/\" title=\"L&#8217;Ajuntament de Benaguasil se suma a la celebraci\u00f3 del Dia de les Biblioteques amb un ampli ventall d&#8217;activitats\">[+] <\/a><\/div>\n","protected":false},"author":12,"featured_media":199789,"comment_status":"open","ping_status":"open","sticky":false,"template":"","format":"standard","meta":{"footnotes":""},"categories":[11019,10952,10892,10894,11007,10896],"tags":[11136,10899,19729],"class_list":{"0":"post-199791","1":"post","2":"type-post","3":"status-publish","4":"format-standard","5":"has-post-thumbnail","7":"category-agenda-ca","8":"category-benaguasil-ca","9":"category-camp-de-turia-ca","10":"category-la-comarca-ca","11":"category-ocio-y-cultura-ca","12":"category-seccion-ca","13":"tag-benaguasil-ca","14":"tag-camp-de-turia-ca","15":"tag-dia-de-las-bibliotecas-ca"},"_links":{"self":[{"href":"https:\/\/www.tucomarca.com\/wordpress\/segunda\/ca\/wp-json\/wp\/v2\/posts\/199791","targetHints":{"allow":["GET"]}}],"collection":[{"href":"https:\/\/www.tucomarca.com\/wordpress\/segunda\/ca\/wp-json\/wp\/v2\/posts"}],"about":[{"href":"https:\/\/www.tucomarca.com\/wordpress\/segunda\/ca\/wp-json\/wp\/v2\/types\/post"}],"author":[{"embeddable":true,"href":"https:\/\/www.tucomarca.com\/wordpress\/segunda\/ca\/wp-json\/wp\/v2\/users\/12"}],"replies":[{"embeddable":true,"href":"https:\/\/www.tucomarca.com\/wordpress\/segunda\/ca\/wp-json\/wp\/v2\/comments?post=199791"}],"version-history":[{"count":0,"href":"https:\/\/www.tucomarca.com\/wordpress\/segunda\/ca\/wp-json\/wp\/v2\/posts\/199791\/revisions"}],"wp:featuredmedia":[{"embeddable":true,"href":"https:\/\/www.tucomarca.com\/wordpress\/segunda\/ca\/wp-json\/wp\/v2\/media\/199789"}],"wp:attachment":[{"href":"https:\/\/www.tucomarca.com\/wordpress\/segunda\/ca\/wp-json\/wp\/v2\/media?parent=199791"}],"wp:term":[{"taxonomy":"category","embeddable":true,"href":"https:\/\/www.tucomarca.com\/wordpress\/segunda\/ca\/wp-json\/wp\/v2\/categories?post=199791"},{"taxonomy":"post_tag","embeddable":true,"href":"https:\/\/www.tucomarca.com\/wordpress\/segunda\/ca\/wp-json\/wp\/v2\/tags?post=199791"}],"curies":[{"name":"wp","href":"https:\/\/api.w.org\/{rel}","templated":true}]}}