{"id":199847,"date":"2023-10-05T10:10:00","date_gmt":"2023-10-05T08:10:00","guid":{"rendered":"https:\/\/www.tucomarca.com\/wordpress\/segunda\/?p=199847"},"modified":"2023-10-05T14:19:54","modified_gmt":"2023-10-05T12:19:54","slug":"campanyes-comercials-en-les-festes-de-xest-per-a-incentivar-el-consum-en-el-comerc-local","status":"publish","type":"post","link":"https:\/\/www.tucomarca.com\/wordpress\/segunda\/ca\/campanyes-comercials-en-les-festes-de-xest-per-a-incentivar-el-consum-en-el-comerc-local\/","title":{"rendered":"Campanyes comercials en les festes de Xest per a incentivar el consum en el comer\u00e7 local"},"content":{"rendered":"\n<p>Des de la Regidoria de Comer\u00e7 s&#8217;han posat en marxa diferents accions comercials en el marc de la iniciativa \u201cCompra a Xest, compra a casa\u201d coincidint amb la celebraci\u00f3 de la L Festa de la Verema.&nbsp;<br>\u201cEl nostre objectiu \u00e9s impulsar el consum al poble i posar en valor els nostres negocis i els nostres productes t\u00edpics\u201d, ha apuntat la regidora de Comer\u00e7, Brenda Jim\u00e9nez.<\/p>\n\n\n\n<figure class=\"wp-block-gallery has-nested-images columns-default is-cropped wp-block-gallery-1 is-layout-flex wp-block-gallery-is-layout-flex\">\n<figure class=\"wp-block-image size-large\"><img loading=\"lazy\" decoding=\"async\" width=\"886\" height=\"1293\" data-id=\"199842\" src=\"http:\/\/www.tucomarca.com\/wordpress\/segunda\/wp-content\/uploads\/2023\/10\/ChesteComercioFiestas02.jpg\" alt=\"\" class=\"wp-image-199842\" srcset=\"https:\/\/www.tucomarca.com\/wordpress\/segunda\/wp-content\/uploads\/2023\/10\/ChesteComercioFiestas02.jpg 886w, https:\/\/www.tucomarca.com\/wordpress\/segunda\/wp-content\/uploads\/2023\/10\/ChesteComercioFiestas02-206x300.jpg 206w, https:\/\/www.tucomarca.com\/wordpress\/segunda\/wp-content\/uploads\/2023\/10\/ChesteComercioFiestas02-702x1024.jpg 702w, https:\/\/www.tucomarca.com\/wordpress\/segunda\/wp-content\/uploads\/2023\/10\/ChesteComercioFiestas02-768x1121.jpg 768w\" sizes=\"auto, (max-width: 886px) 100vw, 886px\" \/><\/figure>\n\n\n\n<figure class=\"wp-block-image size-large\"><img loading=\"lazy\" decoding=\"async\" width=\"886\" height=\"1287\" data-id=\"199844\" src=\"http:\/\/www.tucomarca.com\/wordpress\/segunda\/wp-content\/uploads\/2023\/10\/ChesteComercioFiestas03.jpg\" alt=\"\" class=\"wp-image-199844\" srcset=\"https:\/\/www.tucomarca.com\/wordpress\/segunda\/wp-content\/uploads\/2023\/10\/ChesteComercioFiestas03.jpg 886w, https:\/\/www.tucomarca.com\/wordpress\/segunda\/wp-content\/uploads\/2023\/10\/ChesteComercioFiestas03-207x300.jpg 207w, https:\/\/www.tucomarca.com\/wordpress\/segunda\/wp-content\/uploads\/2023\/10\/ChesteComercioFiestas03-705x1024.jpg 705w, https:\/\/www.tucomarca.com\/wordpress\/segunda\/wp-content\/uploads\/2023\/10\/ChesteComercioFiestas03-768x1116.jpg 768w\" sizes=\"auto, (max-width: 886px) 100vw, 886px\" \/><\/figure>\n<\/figure>\n\n\n\n<p><strong>Productes carnis<br><\/strong>D&#8217;una banda, dissabte que ve, 7 d&#8217;octubre, totes aquelles persones que compren la carn per a la torr\u00e1 popular en les carnisseries de la localitat participants en la campanya obtindran de regal un davantal amb una il\u00b7lustraci\u00f3 commemorativa del 50 aniversari de la Festa de la Verema. Els negocis que repartiran aquests obsequis entre la seua clientela seran Carnisseria Ca l\u2019Esportinero, Carnisseria Alfonso, Carnisseria La Leniquia, Poller\u00eda Inma i El rac\u00f3 del pollastre.<\/p>\n\n\n\n<p><strong>Coca de bou<br><\/strong>A m\u00e9s, coincidint amb la celebraci\u00f3 dels actes taurins, des de l&#8217;11 fins al 15 d&#8217;octubre per la compra de dues coques de bou en els forns participants en la campanya es regalar\u00e0 una botella de vi dol\u00e7. Ser\u00e0 possible accedir a la promoci\u00f3 en els forns Pa i dol\u00e7os Les Villarencas, BDP Verge del Rosari, Llorer, Prego i Germans Llorens, aix\u00ed com en el Sal\u00f3 de te Verdi.<\/p>\n\n\n\n<p><strong>Sostenibilitat en el Dia de Les paelles<br><\/strong>D&#8217;altra banda, en aquesta ocasi\u00f3 tamb\u00e9 s&#8217;ha volgut apostar per la reducci\u00f3 del pl\u00e0stic d&#8217;un sol \u00fas, per la qual cosa el pr\u00f2xim 14 d&#8217;octubre, Dia de Les Paelles, es repartiran gots reutilitzables. Els recipients tamb\u00e9 lluiran un disseny commemoratiu del 50 aniversari de les Festes, en la l\u00ednia de la il\u00b7lustraci\u00f3 del davantal.<br>\u201cContinuem impulsant iniciatives per a recolzar al nostre teixit comercial, ara en festes i durant tot l&#8217;any\u201d, ha destacat l&#8217;alcalde, Jos\u00e9 Morell. \u201cA m\u00e9s, promovem la conscienciaci\u00f3 Mig Ambiental perqu\u00e8 Xest siga un municipi cada vegada m\u00e9s sostenible i respectu\u00f3s amb l&#8217;entorn\u201d.<\/p>\n","protected":false},"excerpt":{"rendered":"<div class=\"mh-excerpt\">Des de la Regidoria de Comer\u00e7 s&#8217;han posat en marxa diferents accions comercials en el marc de la iniciativa \u201cCompra a Xest, compra a casa\u201d coincidint amb la celebraci\u00f3 de la L Festa de la <a class=\"mh-excerpt-more\" href=\"https:\/\/www.tucomarca.com\/wordpress\/segunda\/ca\/campanyes-comercials-en-les-festes-de-xest-per-a-incentivar-el-consum-en-el-comerc-local\/\" title=\"Campanyes comercials en les festes de Xest per a incentivar el consum en el comer\u00e7 local\">[+] <\/a><\/div>\n","protected":false},"author":12,"featured_media":199841,"comment_status":"open","ping_status":"open","sticky":false,"template":"","format":"image","meta":{"footnotes":""},"categories":[11019,10948,10894,10912,11007,10947,10896,10974],"tags":[11071,12314,10914],"class_list":{"0":"post-199847","1":"post","2":"type-post","3":"status-publish","4":"format-image","5":"has-post-thumbnail","7":"category-agenda-ca","8":"category-infraestructuras-ca","9":"category-la-comarca-ca","10":"category-la-hoya-ca","11":"category-ocio-y-cultura-ca","12":"category-politica","13":"category-seccion-ca","14":"category-cheste-ca","15":"tag-cheste","16":"tag-comercio-local-ca","17":"tag-la-hoya-de-bunol-chiva-ca","18":"post_format-post-format-image"},"_links":{"self":[{"href":"https:\/\/www.tucomarca.com\/wordpress\/segunda\/ca\/wp-json\/wp\/v2\/posts\/199847","targetHints":{"allow":["GET"]}}],"collection":[{"href":"https:\/\/www.tucomarca.com\/wordpress\/segunda\/ca\/wp-json\/wp\/v2\/posts"}],"about":[{"href":"https:\/\/www.tucomarca.com\/wordpress\/segunda\/ca\/wp-json\/wp\/v2\/types\/post"}],"author":[{"embeddable":true,"href":"https:\/\/www.tucomarca.com\/wordpress\/segunda\/ca\/wp-json\/wp\/v2\/users\/12"}],"replies":[{"embeddable":true,"href":"https:\/\/www.tucomarca.com\/wordpress\/segunda\/ca\/wp-json\/wp\/v2\/comments?post=199847"}],"version-history":[{"count":0,"href":"https:\/\/www.tucomarca.com\/wordpress\/segunda\/ca\/wp-json\/wp\/v2\/posts\/199847\/revisions"}],"wp:featuredmedia":[{"embeddable":true,"href":"https:\/\/www.tucomarca.com\/wordpress\/segunda\/ca\/wp-json\/wp\/v2\/media\/199841"}],"wp:attachment":[{"href":"https:\/\/www.tucomarca.com\/wordpress\/segunda\/ca\/wp-json\/wp\/v2\/media?parent=199847"}],"wp:term":[{"taxonomy":"category","embeddable":true,"href":"https:\/\/www.tucomarca.com\/wordpress\/segunda\/ca\/wp-json\/wp\/v2\/categories?post=199847"},{"taxonomy":"post_tag","embeddable":true,"href":"https:\/\/www.tucomarca.com\/wordpress\/segunda\/ca\/wp-json\/wp\/v2\/tags?post=199847"}],"curies":[{"name":"wp","href":"https:\/\/api.w.org\/{rel}","templated":true}]}}