{"id":199891,"date":"2023-10-06T08:00:00","date_gmt":"2023-10-06T06:00:00","guid":{"rendered":"https:\/\/www.tucomarca.com\/wordpress\/segunda\/?p=199891"},"modified":"2023-10-06T13:53:23","modified_gmt":"2023-10-06T11:53:23","slug":"el-departament-de-salut-de-manises-redueix-les-queixes-ciutadanes-en-els-primers-sis-mesos-dany","status":"publish","type":"post","link":"https:\/\/www.tucomarca.com\/wordpress\/segunda\/ca\/el-departament-de-salut-de-manises-redueix-les-queixes-ciutadanes-en-els-primers-sis-mesos-dany\/","title":{"rendered":"El Departament de Salut de Manises redueix les queixes ciutadanes en els primers sis mesos d&#8217;any"},"content":{"rendered":"\n<h4 class=\"wp-block-heading\">Han disminu\u00eft respecte a l&#8217;any anterior, un 33% en Urg\u00e8ncies i un 38% en Atenci\u00f3 Prim\u00e0ria<br>9 dels 10 centres de salut dependents de l&#8217;\u00e0rea de salut tamb\u00e9 han vist redu\u00efdes les seues queixes. Els centres de salut de Xiva, Bunyol, Mislata i Aldaia compten a m\u00e9s amb major nombre d&#8217;agra\u00efments per part dels pacients&nbsp;<br>La Generalitat confirma aquestes dades amb l&#8217;enquesta de satisfacci\u00f3 de pacients que realitza anualment Sanitat, en la qual assenyala que&nbsp;<br>el Departament de Salut de Manises ha obtingut valors superiors a la mitjana de la Comunitat Valenciana en la satisfacci\u00f3 general dels i de les pacients en \u00e0rees tan importants com l&#8217;atenci\u00f3 prim\u00e0ria, urg\u00e8ncies, consultes externes, obstetr\u00edcia, cirurgia i la unitat d&#8217;hospitalitzaci\u00f3 a domicili.<br>En pediatria, el 28,1% dels pacients trasllada que l&#8217;atenci\u00f3 ha sigut \u201cmolt millor del que esperava\u201d<\/h4>\n\n\n\n<p>El Departament de Salut de Manises ha fet balan\u00e7 dels resultats obtinguts durant el primer semestre de 2023 quant a nivells de satisfacci\u00f3 de les persones usu\u00e0ries.&nbsp;<\/p>\n\n\n\n<p>El Departament de Salut manisero ha obtingut xifres de \u201cnotable alt\u201d quant a satisfacci\u00f3 dels pacients i ha aconseguit reduir el nombre de queixes ciutadanes durant els primers sis mesos de l&#8217;any. Concretament, la satisfacci\u00f3 amb l&#8217;atenci\u00f3 i el tracte rebut per part del personal m\u00e8dic i d&#8217;infermeria supera la puntuaci\u00f3 de 9 sobre 10. Aix\u00ed mateix, la satisfacci\u00f3 global de l&#8217;atenci\u00f3 rebuda \u00e9s de 8,7 punts sobre 10.<\/p>\n\n\n\n<p>A m\u00e9s, en les enquestes realitzades anualment per la Conselleria de Sanitat, el Departament de Salut de Manises ha obtingut valors superiors a la mitjana de la Comunitat Valenciana en la satisfacci\u00f3 general dels pacients en \u00e0rees tan importants com l&#8217;atenci\u00f3 prim\u00e0ria, urg\u00e8ncies, consultes externes, obstetr\u00edcia, cirurgia i la unitat d&#8217;hospitalitzaci\u00f3 a domicili.<\/p>\n\n\n\n<p>38% menys de queixes en Atenci\u00f3 Prim\u00e0ria<br>L&#8217;Atenci\u00f3 prim\u00e0ria en el Departament lidera la reducci\u00f3 de queixes, amb un 38% menys que en el mateix per\u00edode de l&#8217;any anterior. Aix\u00f2 suposa que el nivell b\u00e0sic i inicial d&#8217;atenci\u00f3 del Departament de salut i els municipis que l&#8217;integren presenta la menor taxa de queixes ciutadanes per mil actes (0\u201927) en el Departament. De fet, \u00e9s l&#8217;\u00e0rea que menor taxa de queixes reflecteix, amb una queixa per cada 3.684 atencions.<\/p>\n\n\n\n<p>A nivell de centres de salut, 9 dels 10 centres pertanyents al departament presenten una menor taxa de queixes que l&#8217;any passat. Quant als agra\u00efments dels usuaris, s\u00f3n els centres de salut de Xiva, Bunyol, Mislata i Aldaia els que compten amb major nivell de gratitud cap als professionals i l&#8217;atenci\u00f3 rebuda.&nbsp;<\/p>\n\n\n\n<p>D&#8217;altra banda, en les enquestes que realitza la Conselleria els pacients que mostren la seua satisfacci\u00f3 global amb l&#8217;atenci\u00f3 rebuda pels i les metgesses de fam\u00edlia ascendeixen al 96%. Xifra que supera la mitjana de la Comunitat Valenciana.<\/p>\n\n\n\n<p>El doctor Ricardo Trujillo, gerent del departament de salut, ha destacat \u201cel comprom\u00eds de tots els equips sanitaris en els diversos centres sanitaris amb la salut de la seua comunitat. Aquest conjunt de professionals treballen cada dia per a oferir una atenci\u00f3 personalitzada, humana i de qualitat\u201d.<\/p>\n\n\n\n<p>Satisfacci\u00f3 en el Servei d&#8217;Urg\u00e8ncies<br>En concret, en el primer trimestre de 2023, en el servei d&#8217;Urg\u00e8ncies ha disminu\u00eft un 33% el nombre de queixes rebudes respecte al mateix per\u00edode de 2022, reducci\u00f3 molt considerable si es t\u00e9 en compte a m\u00e9s l&#8217;augment d&#8217;un 17% de l&#8217;activitat en 2023.&nbsp;<\/p>\n\n\n\n<p>Aquestes dades es veuen reafirmats per l&#8217;enquesta de satisfacci\u00f3 de pacients 2022 de la Comunitat Valenciana realitzada per la Conselleria de Sanitat, en la qual el Departament de Manises obt\u00e9 un percentatge de pacients molt satisfets i satisfets del 97,4%.&nbsp;<\/p>\n\n\n\n<p>Pediatria, molt ben valorada<\/p>\n\n\n\n<p>En l&#8217;enquesta realitzada per la Conselleria, els resultats obtinguts a Manises en l&#8217;\u00e0mbit de l&#8217;atenci\u00f3 hospital\u00e0ria posen en relleu que el 90,6% dels pacients atesos en pediatria mostren estar molt satisfets (puntuen amb 10) i satisfets (puntuen de 7 a 9) amb l&#8217;atenci\u00f3 rebuda.&nbsp;<\/p>\n\n\n\n<p>Aquest informe de Conselleria assenyala a m\u00e9s que el 28,1% dels pacients trasllada que l&#8217;atenci\u00f3 ha sigut molt millor del que esperava. Unes dades que milloren la mitjana de la resta d&#8217;hospitals de la Comunitat Valenciana.<\/p>\n\n\n\n<p>Aix\u00f2 reflecteix l&#8217;alt grau de satisfacci\u00f3 dels pacients que han passat per \u00e0rees tan importants com Urg\u00e8ncies de l&#8217;Hospital, per pediatria o per l&#8217;Atenci\u00f3 Prim\u00e0ria del Departament quant a l&#8217;atenci\u00f3, tant sanit\u00e0ria com humana, que han rebut durant la seua estada. \u201cAquests resultats responen a l&#8217;esfor\u00e7 que, hui dia, continuen realitzant els nostres professionals per a oferir la millor atenci\u00f3 sanit\u00e0ria, cuidant de la salut de les persones que depenen de l&#8217;\u00e0rea de salut\u201d, explica el Dr. Ricardo Trujillo.&nbsp;<\/p>\n\n\n\n<p>Un 31% m\u00e9s de trucades ateses en el Call center&nbsp;<br>Els resultats de l&#8217;atenci\u00f3 telef\u00f2nica que presenta el Departament de Salut de Manises en aquest primer semestre de 2023 tamb\u00e9 s\u00f3n significatius. Des que va arrancar l&#8217;any, els professionals de l&#8217;\u00e0rea de salut han at\u00e9s quasi 100.000 crides. Aquesta dada \u00e9s sensiblement superior al de trucades ateses en el primer semestre de 2022, que va ser de 67.938.<\/p>\n\n\n\n<p>\u201cDurant aquest primer semestre d&#8217;any hem at\u00e9s un total de&nbsp;98.916 crides de pacients, la qual cosa suposa un 31% m\u00e9s que en l&#8217;anterior semestre i d&#8217;alguna manera estar m\u00e9s prop de la nostra poblaci\u00f3 protegida. Aquest servei ajuda a tindre una accessibilitat m\u00e9s efectiva i r\u00e0pida i evita despla\u00e7aments innecessaris als centres sanitaris per a gestions senzilles\u201d, ha explicat&nbsp;Sonia Palacios, responsable d&#8217;Admissi\u00f3 i de tots els punts d&#8217;atenci\u00f3 i informaci\u00f3 al pacient en tots els centres sanitaris.<\/p>\n\n\n\n<p>Un altre de les dades satisfact\u00f2ries que mostren l&#8217;evoluci\u00f3 del Call Center \u00e9s el nivell d&#8217;aquest servei, que aconsegueix un 93%, la qual cosa representa la millor dada des de la posada en funcionament de l&#8217;atenci\u00f3 telef\u00f2nica professionalitzada.<\/p>\n\n\n\n<p>Les trucades ateses per aquesta \u00e0rea de salut, que ascendeix en l&#8217;actualitat a m\u00e9s de 416.497 des que va arrancar el servei a l&#8217;octubre de 2020, les at\u00e9n un Call Center propi, instal\u00b7lat al principi de la pand\u00e8mia i que es localitza tant a l&#8217;Hospital de Manises com en el centre de salut de les localitats de Quart de Poblet, Riba-roja de T\u00faria, Mislata, Manises i Aldaia. A m\u00e9s, aquest servei compta amb personal propi, per\u00f2 tamb\u00e9 amb professionals de cada centre de salut situats en cadascun dels seus centres. Tots ells compten amb informaci\u00f3 i acc\u00e9s a l&#8217;estructura d&#8217;agendes i particularitats de cada centre.<\/p>\n\n\n\n<p>Mislata, municipi amb m\u00e9s dites<br>Una an\u00e0lisi de les dades d&#8217;aquest primer semestre despr\u00e9n que el municipi amb major volum de crides rebudes i ateses \u00e9s Mislata, amb 23.092 trucades ateses des del centre de salut i altres 11.115 trucades ateses des del Consultori Auxiliar de Mislata.&nbsp;<\/p>\n\n\n\n<p>En segona posici\u00f3 se situa Manises, amb 16.831 trucades ateses des del seu centre de salut. El tercer lloc l&#8217;ocupa Aldaia, amb 14.402 trucades ateses, seguit de Riba-roja de T\u00faria i Quart.<\/p>\n\n\n\n<p><\/p>\n","protected":false},"excerpt":{"rendered":"<div class=\"mh-excerpt\">Han disminu\u00eft respecte a l&#8217;any anterior, un 33% en Urg\u00e8ncies i un 38% en Atenci\u00f3 Prim\u00e0ria9 dels 10 centres de salut dependents de l&#8217;\u00e0rea de salut tamb\u00e9 han vist redu\u00efdes les seues queixes. Els centres <a class=\"mh-excerpt-more\" href=\"https:\/\/www.tucomarca.com\/wordpress\/segunda\/ca\/el-departament-de-salut-de-manises-redueix-les-queixes-ciutadanes-en-els-primers-sis-mesos-dany\/\" title=\"El Departament de Salut de Manises redueix les queixes ciutadanes en els primers sis mesos d&#8217;any\">[+] <\/a><\/div>\n","protected":false},"author":12,"featured_media":132439,"comment_status":"open","ping_status":"open","sticky":false,"template":"","format":"standard","meta":{"footnotes":""},"categories":[10973,10911,10892,10898,10977,10980,10948,10894,10912,10902,10931,10978,10906,10896,11047,10974,10975],"tags":[10899,11092,10914],"class_list":{"0":"post-199891","1":"post","2":"type-post","3":"status-publish","4":"format-standard","5":"has-post-thumbnail","7":"category-alborache-ca","8":"category-bunol-ca","9":"category-camp-de-turia-ca","10":"category-ventana-ca","11":"category-godelleta-ca","12":"category-yatova-ca","13":"category-infraestructuras-ca","14":"category-la-comarca-ca","15":"category-la-hoya-ca","16":"category-la-ribera-ca","17":"category-loriguilla-ca","18":"category-macastre-ca","19":"category-riba-roja-ca","20":"category-seccion-ca","21":"category-turis-ca","22":"category-cheste-ca","23":"category-chiva-ca","24":"tag-camp-de-turia-ca","25":"tag-hospital-de-manises-ca","26":"tag-la-hoya-de-bunol-chiva-ca"},"_links":{"self":[{"href":"https:\/\/www.tucomarca.com\/wordpress\/segunda\/ca\/wp-json\/wp\/v2\/posts\/199891","targetHints":{"allow":["GET"]}}],"collection":[{"href":"https:\/\/www.tucomarca.com\/wordpress\/segunda\/ca\/wp-json\/wp\/v2\/posts"}],"about":[{"href":"https:\/\/www.tucomarca.com\/wordpress\/segunda\/ca\/wp-json\/wp\/v2\/types\/post"}],"author":[{"embeddable":true,"href":"https:\/\/www.tucomarca.com\/wordpress\/segunda\/ca\/wp-json\/wp\/v2\/users\/12"}],"replies":[{"embeddable":true,"href":"https:\/\/www.tucomarca.com\/wordpress\/segunda\/ca\/wp-json\/wp\/v2\/comments?post=199891"}],"version-history":[{"count":0,"href":"https:\/\/www.tucomarca.com\/wordpress\/segunda\/ca\/wp-json\/wp\/v2\/posts\/199891\/revisions"}],"wp:featuredmedia":[{"embeddable":true,"href":"https:\/\/www.tucomarca.com\/wordpress\/segunda\/ca\/wp-json\/wp\/v2\/media\/132439"}],"wp:attachment":[{"href":"https:\/\/www.tucomarca.com\/wordpress\/segunda\/ca\/wp-json\/wp\/v2\/media?parent=199891"}],"wp:term":[{"taxonomy":"category","embeddable":true,"href":"https:\/\/www.tucomarca.com\/wordpress\/segunda\/ca\/wp-json\/wp\/v2\/categories?post=199891"},{"taxonomy":"post_tag","embeddable":true,"href":"https:\/\/www.tucomarca.com\/wordpress\/segunda\/ca\/wp-json\/wp\/v2\/tags?post=199891"}],"curies":[{"name":"wp","href":"https:\/\/api.w.org\/{rel}","templated":true}]}}