{"id":200180,"date":"2023-10-11T09:00:00","date_gmt":"2023-10-11T07:00:00","guid":{"rendered":"https:\/\/www.tucomarca.com\/wordpress\/segunda\/?p=200180"},"modified":"2023-10-11T22:55:21","modified_gmt":"2023-10-11T20:55:21","slug":"opinio-a-boca-de-cano-el-futbol-fa-olor-de-podridura-per-joseh-larrazabal","status":"publish","type":"post","link":"https:\/\/www.tucomarca.com\/wordpress\/segunda\/ca\/opinio-a-boca-de-cano-el-futbol-fa-olor-de-podridura-per-joseh-larrazabal\/","title":{"rendered":"Opini\u00f3: A boca de can\u00f3 &#8220;El futbol fa olor de podridura&#8221;, per J\u00f3seh Larraz\u00e1bal"},"content":{"rendered":"\n<figure class=\"wp-block-image size-large is-resized\"><img loading=\"lazy\" decoding=\"async\" src=\"http:\/\/www.tucomarca.com\/wordpress\/segunda\/wp-content\/uploads\/2021\/07\/JoseLarrazabal-1024x1024.jpg\" alt=\"\" class=\"wp-image-136627\" width=\"186\" height=\"186\" srcset=\"https:\/\/www.tucomarca.com\/wordpress\/segunda\/wp-content\/uploads\/2021\/07\/JoseLarrazabal-1024x1024.jpg 1024w, https:\/\/www.tucomarca.com\/wordpress\/segunda\/wp-content\/uploads\/2021\/07\/JoseLarrazabal-300x300.jpg 300w, https:\/\/www.tucomarca.com\/wordpress\/segunda\/wp-content\/uploads\/2021\/07\/JoseLarrazabal-290x290.jpg 290w, https:\/\/www.tucomarca.com\/wordpress\/segunda\/wp-content\/uploads\/2021\/07\/JoseLarrazabal-768x768.jpg 768w, https:\/\/www.tucomarca.com\/wordpress\/segunda\/wp-content\/uploads\/2021\/07\/JoseLarrazabal.jpg 1086w\" sizes=\"auto, (max-width: 186px) 100vw, 186px\" \/><\/figure>\n\n\n\n<p>Jo recorde tota la vida parlant de la influ\u00e8ncia dels \u00e0rbitres en els resultats dels partits.<br>Ara ni amb VAR ni sense VAR, cada vegada que ha de decidir l&#8217;\u00e0rbitre, cada vegada que una jugada dep\u00e9n de la interpretaci\u00f3 de l&#8217;\u00e0rbitre el perill \u00e9s m\u00e0xim, els errors excessius i les decisions depenen de l&#8217;equip que es tracte.<br>Si el VAR no ha solucionat el problema arbitral ser\u00e0 dif\u00edcil que aix\u00f2 tinga soluci\u00f3.<br>I aix\u00f2 \u00e9s molt desesperan\u00e7ador.<br>M\u00e9s de 100 anys de futbol a Espanya i seguim igual.<br>Em tem que la soluci\u00f3 no \u00e9s un tema de tecnologia sin\u00f3 de nivell, independ\u00e8ncia i imparcialitat arbitral, de nivell i independ\u00e8ncia dels mitjans i d&#8217;honradesa i honestedat dels dirigents futbol\u00edstics.<br>Potser descentralitzar l&#8217;univers institucional i medi\u00e0tic podria ser una de les claus per\u00f2 aix\u00f2 \u00e9s poc menys que una utopia.<\/p>\n\n\n\n<p><strong>Annex: <\/strong>Per cert el gol anul\u00b7lat a Joao F\u00e9lix davant el Granada \u00e9s una de les accions arbitrals m\u00e9s vergonyoses dels \u00faltims temps.&nbsp;<br>Si l&#8217;\u00e0rbitre tinguera vergonya, i despr\u00e9s de reflexionar, hauria de dimitir de manera irrevocable.<br>Gol absolutament legal. Nom\u00e9s el desvergonyiment i la falta d&#8217;independ\u00e8ncia d&#8217;aqueix \u00e0rbitre, hi ha molts com ell, va poder ser el motiu de tan desgraciada acci\u00f3.<br>Una cosa \u00e9s un error i una altra un robatori flagrant i mesqu\u00ed.<br>Qu\u00e8 li regalen ja la lliga al Madrid i ens estalviem temps, diners i faltes de respecte.<br>El futbol fa olor de podridura.<\/p>\n","protected":false},"excerpt":{"rendered":"<div class=\"mh-excerpt\">Jo recorde tota la vida parlant de la influ\u00e8ncia dels \u00e0rbitres en els resultats dels partits.Ara ni amb VAR ni sense VAR, cada vegada que ha de decidir l&#8217;\u00e0rbitre, cada vegada que una jugada dep\u00e9n <a class=\"mh-excerpt-more\" href=\"https:\/\/www.tucomarca.com\/wordpress\/segunda\/ca\/opinio-a-boca-de-cano-el-futbol-fa-olor-de-podridura-per-joseh-larrazabal\/\" title=\"Opini\u00f3: A boca de can\u00f3 &#8220;El futbol fa olor de podridura&#8221;, per J\u00f3seh Larraz\u00e1bal\">[+] <\/a><\/div>\n","protected":false},"author":12,"featured_media":136628,"comment_status":"open","ping_status":"open","sticky":false,"template":"","format":"standard","meta":{"footnotes":""},"categories":[11014,11003,10894,11020,11021,10896],"tags":[15972,10913,15481,10914,12606],"class_list":{"0":"post-200180","1":"post","2":"type-post","3":"status-publish","4":"format-standard","5":"has-post-thumbnail","7":"category-canal-valencia-cf-ca","8":"category-sports","9":"category-la-comarca-ca","10":"category-opinion-ca","11":"category-opinion-ca-2","12":"category-seccion-ca","13":"tag-a-bocajarro-ca","14":"tag-bunol-ca","15":"tag-joseh-larrazabal-ca","16":"tag-la-hoya-de-bunol-chiva-ca","17":"tag-valencia-cf-ca"},"_links":{"self":[{"href":"https:\/\/www.tucomarca.com\/wordpress\/segunda\/ca\/wp-json\/wp\/v2\/posts\/200180","targetHints":{"allow":["GET"]}}],"collection":[{"href":"https:\/\/www.tucomarca.com\/wordpress\/segunda\/ca\/wp-json\/wp\/v2\/posts"}],"about":[{"href":"https:\/\/www.tucomarca.com\/wordpress\/segunda\/ca\/wp-json\/wp\/v2\/types\/post"}],"author":[{"embeddable":true,"href":"https:\/\/www.tucomarca.com\/wordpress\/segunda\/ca\/wp-json\/wp\/v2\/users\/12"}],"replies":[{"embeddable":true,"href":"https:\/\/www.tucomarca.com\/wordpress\/segunda\/ca\/wp-json\/wp\/v2\/comments?post=200180"}],"version-history":[{"count":0,"href":"https:\/\/www.tucomarca.com\/wordpress\/segunda\/ca\/wp-json\/wp\/v2\/posts\/200180\/revisions"}],"wp:featuredmedia":[{"embeddable":true,"href":"https:\/\/www.tucomarca.com\/wordpress\/segunda\/ca\/wp-json\/wp\/v2\/media\/136628"}],"wp:attachment":[{"href":"https:\/\/www.tucomarca.com\/wordpress\/segunda\/ca\/wp-json\/wp\/v2\/media?parent=200180"}],"wp:term":[{"taxonomy":"category","embeddable":true,"href":"https:\/\/www.tucomarca.com\/wordpress\/segunda\/ca\/wp-json\/wp\/v2\/categories?post=200180"},{"taxonomy":"post_tag","embeddable":true,"href":"https:\/\/www.tucomarca.com\/wordpress\/segunda\/ca\/wp-json\/wp\/v2\/tags?post=200180"}],"curies":[{"name":"wp","href":"https:\/\/api.w.org\/{rel}","templated":true}]}}