{"id":200643,"date":"2023-10-14T15:00:00","date_gmt":"2023-10-14T13:00:00","guid":{"rendered":"https:\/\/www.tucomarca.com\/wordpress\/segunda\/?p=200643"},"modified":"2023-10-16T14:01:25","modified_gmt":"2023-10-16T12:01:25","slug":"mes-de-1-600-persones-participen-en-la-desena-edicio-de-la-carrera-popular-la-ribera-contra-el-cancer","status":"publish","type":"post","link":"https:\/\/www.tucomarca.com\/wordpress\/segunda\/ca\/mes-de-1-600-persones-participen-en-la-desena-edicio-de-la-carrera-popular-la-ribera-contra-el-cancer\/","title":{"rendered":"M\u00e9s de 1.600 persones participen en la desena edici\u00f3 de la Carrera Popular \u2018La Ribera contra el C\u00e0ncer\u2019"},"content":{"rendered":"\n<p>M\u00e9s de 1.600 persones han pres este mat\u00ed els carrers d&#8217;Alzira en la desena edici\u00f3 de la Carrera Popular \u2018la Ribera contra el C\u00e0ncer\u2019, organitzada en el marc del Dia Mundial contra el C\u00e0ncer de Mama, que se celebra dijous que ve, 19 d&#8217;octubre.<\/p>\n\n\n\n<p>Des de 2012, esta carrera \u00e9s organitzada anualment per l&#8217;associaci\u00f3 Dones Afectades de C\u00e0ncer de Mama d\u2019Alzira (DACMA), en col\u00b7laboraci\u00f3 amb el Departament de Salut de la Ribera, el Club d&#8217;Atletisme La Rabosa i l&#8217;Ajuntament d&#8217;Alzira.<\/p>\n\n\n\n<p>L&#8217;objectiu d&#8217;esta carrera, que ha transcorregut per un circuit urb\u00e0 de 4 quil\u00f2metres, \u00e9s purament ben\u00e8fic i els seus beneficis es destinaran a la lluita contra la malaltia.<\/p>\n\n\n\n<p>L&#8217;eixida de la carrera ha estat donada per l&#8217;alcalde d&#8217;Alzira, Alfons Dom\u00ednguez; el regidor d&#8217;Activitat Esportiva, Vicente de la Concepci\u00f3; el facultatiu del Servei d&#8217;Oncologia M\u00e8dica de l&#8217;Hospital d&#8217;Alzira David Collado, i la presidenta de DACMA, Mariv\u00ed Ferragut, els quals tamb\u00e9 han participat en el recorregut.<\/p>\n","protected":false},"excerpt":{"rendered":"<div class=\"mh-excerpt\">M\u00e9s de 1.600 persones han pres este mat\u00ed els carrers d&#8217;Alzira en la desena edici\u00f3 de la Carrera Popular \u2018la Ribera contra el C\u00e0ncer\u2019, organitzada en el marc del Dia Mundial contra el C\u00e0ncer de <a class=\"mh-excerpt-more\" href=\"https:\/\/www.tucomarca.com\/wordpress\/segunda\/ca\/mes-de-1-600-persones-participen-en-la-desena-edicio-de-la-carrera-popular-la-ribera-contra-el-cancer\/\" title=\"M\u00e9s de 1.600 persones participen en la desena edici\u00f3 de la Carrera Popular \u2018La Ribera contra el C\u00e0ncer\u2019\">[+] <\/a><\/div>\n","protected":false},"author":1,"featured_media":200641,"comment_status":"open","ping_status":"open","sticky":false,"template":"","format":"image","meta":{"footnotes":""},"categories":[10889,11018,11010,11003,10898,10894,10902,11007,10896],"tags":[11192,11077,11426],"class_list":{"0":"post-200643","1":"post","2":"type-post","3":"status-publish","4":"format-image","5":"has-post-thumbnail","7":"category-alzira-cat","8":"category-atletisme","9":"category-canal-salud","10":"category-sports","11":"category-ventana-ca","12":"category-la-comarca-ca","13":"category-la-ribera-ca","14":"category-ocio-y-cultura-ca","15":"category-seccion-ca","16":"tag-alzira-ca","17":"tag-la-ribera-alta-ca","18":"tag-runcancer-ca","19":"post_format-post-format-image"},"_links":{"self":[{"href":"https:\/\/www.tucomarca.com\/wordpress\/segunda\/ca\/wp-json\/wp\/v2\/posts\/200643","targetHints":{"allow":["GET"]}}],"collection":[{"href":"https:\/\/www.tucomarca.com\/wordpress\/segunda\/ca\/wp-json\/wp\/v2\/posts"}],"about":[{"href":"https:\/\/www.tucomarca.com\/wordpress\/segunda\/ca\/wp-json\/wp\/v2\/types\/post"}],"author":[{"embeddable":true,"href":"https:\/\/www.tucomarca.com\/wordpress\/segunda\/ca\/wp-json\/wp\/v2\/users\/1"}],"replies":[{"embeddable":true,"href":"https:\/\/www.tucomarca.com\/wordpress\/segunda\/ca\/wp-json\/wp\/v2\/comments?post=200643"}],"version-history":[{"count":0,"href":"https:\/\/www.tucomarca.com\/wordpress\/segunda\/ca\/wp-json\/wp\/v2\/posts\/200643\/revisions"}],"wp:featuredmedia":[{"embeddable":true,"href":"https:\/\/www.tucomarca.com\/wordpress\/segunda\/ca\/wp-json\/wp\/v2\/media\/200641"}],"wp:attachment":[{"href":"https:\/\/www.tucomarca.com\/wordpress\/segunda\/ca\/wp-json\/wp\/v2\/media?parent=200643"}],"wp:term":[{"taxonomy":"category","embeddable":true,"href":"https:\/\/www.tucomarca.com\/wordpress\/segunda\/ca\/wp-json\/wp\/v2\/categories?post=200643"},{"taxonomy":"post_tag","embeddable":true,"href":"https:\/\/www.tucomarca.com\/wordpress\/segunda\/ca\/wp-json\/wp\/v2\/tags?post=200643"}],"curies":[{"name":"wp","href":"https:\/\/api.w.org\/{rel}","templated":true}]}}