{"id":200893,"date":"2023-10-18T10:10:00","date_gmt":"2023-10-18T08:10:00","guid":{"rendered":"https:\/\/www.tucomarca.com\/wordpress\/segunda\/?p=200893"},"modified":"2023-10-18T17:50:49","modified_gmt":"2023-10-18T15:50:49","slug":"la-um-de-godelleta-ofereix-un-concert-al-costat-del-cor-corea-jubilee-music-academy","status":"publish","type":"post","link":"https:\/\/www.tucomarca.com\/wordpress\/segunda\/ca\/la-um-de-godelleta-ofereix-un-concert-al-costat-del-cor-corea-jubilee-music-academy\/","title":{"rendered":"La UM de Godelleta ofereix un concert al costat del cor core\u00e0 Jubilee Music Academy"},"content":{"rendered":"\n<p>La Uni\u00f3 Musical de Godelleta ha oferit un concert al costat de la coral de cantants coreans, Jubilee Music Academy, arribada de Corea, despr\u00e9s del gran acolliment que van tindre l&#8217;any passat estos professionals internacionals han tornat a actuar este passat dimecres, 11 d&#8217;octubre, en la Parr\u00f2quia Sant Pere Ap\u00f3stol de Godelleta.<\/p>\n\n\n\n<p>Acompanyats de viol\u00ed, violoncel i piano, els assistents han pogut gaudir d&#8217;unes veus angelicals en un entorn de pau i serenitat, com \u00e9s la nau principal de la Parr\u00f2quia Sant Pere Ap\u00f3stol.<\/p>\n\n\n\n<figure class=\"wp-block-gallery has-nested-images columns-default is-cropped wp-block-gallery-1 is-layout-flex wp-block-gallery-is-layout-flex\">\n<figure class=\"wp-block-image size-large\"><img loading=\"lazy\" decoding=\"async\" width=\"886\" height=\"886\" data-id=\"200881\" src=\"http:\/\/www.tucomarca.com\/wordpress\/segunda\/wp-content\/uploads\/2023\/10\/GodelletaCoroCoreano02.jpg\" alt=\"\" class=\"wp-image-200881\" srcset=\"https:\/\/www.tucomarca.com\/wordpress\/segunda\/wp-content\/uploads\/2023\/10\/GodelletaCoroCoreano02.jpg 886w, https:\/\/www.tucomarca.com\/wordpress\/segunda\/wp-content\/uploads\/2023\/10\/GodelletaCoroCoreano02-300x300.jpg 300w, https:\/\/www.tucomarca.com\/wordpress\/segunda\/wp-content\/uploads\/2023\/10\/GodelletaCoroCoreano02-290x290.jpg 290w, https:\/\/www.tucomarca.com\/wordpress\/segunda\/wp-content\/uploads\/2023\/10\/GodelletaCoroCoreano02-768x768.jpg 768w\" sizes=\"auto, (max-width: 886px) 100vw, 886px\" \/><\/figure>\n\n\n\n<figure class=\"wp-block-image size-large\"><img loading=\"lazy\" decoding=\"async\" width=\"886\" height=\"886\" data-id=\"200883\" src=\"http:\/\/www.tucomarca.com\/wordpress\/segunda\/wp-content\/uploads\/2023\/10\/GodelletaCoroCoreano03.jpg\" alt=\"\" class=\"wp-image-200883\" srcset=\"https:\/\/www.tucomarca.com\/wordpress\/segunda\/wp-content\/uploads\/2023\/10\/GodelletaCoroCoreano03.jpg 886w, https:\/\/www.tucomarca.com\/wordpress\/segunda\/wp-content\/uploads\/2023\/10\/GodelletaCoroCoreano03-300x300.jpg 300w, https:\/\/www.tucomarca.com\/wordpress\/segunda\/wp-content\/uploads\/2023\/10\/GodelletaCoroCoreano03-290x290.jpg 290w, https:\/\/www.tucomarca.com\/wordpress\/segunda\/wp-content\/uploads\/2023\/10\/GodelletaCoroCoreano03-768x768.jpg 768w\" sizes=\"auto, (max-width: 886px) 100vw, 886px\" \/><\/figure>\n\n\n\n<figure class=\"wp-block-image size-large\"><img loading=\"lazy\" decoding=\"async\" width=\"1181\" height=\"740\" data-id=\"200885\" src=\"http:\/\/www.tucomarca.com\/wordpress\/segunda\/wp-content\/uploads\/2023\/10\/GodelletaCoroCoreano04.jpg\" alt=\"\" class=\"wp-image-200885\" srcset=\"https:\/\/www.tucomarca.com\/wordpress\/segunda\/wp-content\/uploads\/2023\/10\/GodelletaCoroCoreano04.jpg 1181w, https:\/\/www.tucomarca.com\/wordpress\/segunda\/wp-content\/uploads\/2023\/10\/GodelletaCoroCoreano04-300x188.jpg 300w, https:\/\/www.tucomarca.com\/wordpress\/segunda\/wp-content\/uploads\/2023\/10\/GodelletaCoroCoreano04-1024x642.jpg 1024w, https:\/\/www.tucomarca.com\/wordpress\/segunda\/wp-content\/uploads\/2023\/10\/GodelletaCoroCoreano04-768x481.jpg 768w\" sizes=\"auto, (max-width: 1181px) 100vw, 1181px\" \/><\/figure>\n\n\n\n<figure class=\"wp-block-image size-large\"><img loading=\"lazy\" decoding=\"async\" width=\"1181\" height=\"709\" data-id=\"200887\" src=\"http:\/\/www.tucomarca.com\/wordpress\/segunda\/wp-content\/uploads\/2023\/10\/GodelletaCoroCoreano05.jpg\" alt=\"\" class=\"wp-image-200887\" srcset=\"https:\/\/www.tucomarca.com\/wordpress\/segunda\/wp-content\/uploads\/2023\/10\/GodelletaCoroCoreano05.jpg 1181w, https:\/\/www.tucomarca.com\/wordpress\/segunda\/wp-content\/uploads\/2023\/10\/GodelletaCoroCoreano05-300x180.jpg 300w, https:\/\/www.tucomarca.com\/wordpress\/segunda\/wp-content\/uploads\/2023\/10\/GodelletaCoroCoreano05-1024x615.jpg 1024w, https:\/\/www.tucomarca.com\/wordpress\/segunda\/wp-content\/uploads\/2023\/10\/GodelletaCoroCoreano05-768x461.jpg 768w\" sizes=\"auto, (max-width: 1181px) 100vw, 1181px\" \/><\/figure>\n<\/figure>\n","protected":false},"excerpt":{"rendered":"<div class=\"mh-excerpt\">La Uni\u00f3 Musical de Godelleta ha oferit un concert al costat de la coral de cantants coreans, Jubilee Music Academy, arribada de Corea, despr\u00e9s del gran acolliment que van tindre l&#8217;any passat estos professionals internacionals <a class=\"mh-excerpt-more\" href=\"https:\/\/www.tucomarca.com\/wordpress\/segunda\/ca\/la-um-de-godelleta-ofereix-un-concert-al-costat-del-cor-corea-jubilee-music-academy\/\" title=\"La UM de Godelleta ofereix un concert al costat del cor core\u00e0 Jubilee Music Academy\">[+] <\/a><\/div>\n","protected":false},"author":12,"featured_media":200880,"comment_status":"open","ping_status":"open","sticky":false,"template":"","format":"gallery","meta":{"footnotes":""},"categories":[11005,10977,10894,10912,11007,10896],"tags":[11087,10914,11670],"class_list":{"0":"post-200893","1":"post","2":"type-post","3":"status-publish","4":"format-gallery","5":"has-post-thumbnail","7":"category-canal-musica","8":"category-godelleta-ca","9":"category-la-comarca-ca","10":"category-la-hoya-ca","11":"category-ocio-y-cultura-ca","12":"category-seccion-ca","13":"tag-godelleta-ca","14":"tag-la-hoya-de-bunol-chiva-ca","15":"tag-um-godelleta-ca","16":"post_format-post-format-gallery"},"_links":{"self":[{"href":"https:\/\/www.tucomarca.com\/wordpress\/segunda\/ca\/wp-json\/wp\/v2\/posts\/200893","targetHints":{"allow":["GET"]}}],"collection":[{"href":"https:\/\/www.tucomarca.com\/wordpress\/segunda\/ca\/wp-json\/wp\/v2\/posts"}],"about":[{"href":"https:\/\/www.tucomarca.com\/wordpress\/segunda\/ca\/wp-json\/wp\/v2\/types\/post"}],"author":[{"embeddable":true,"href":"https:\/\/www.tucomarca.com\/wordpress\/segunda\/ca\/wp-json\/wp\/v2\/users\/12"}],"replies":[{"embeddable":true,"href":"https:\/\/www.tucomarca.com\/wordpress\/segunda\/ca\/wp-json\/wp\/v2\/comments?post=200893"}],"version-history":[{"count":0,"href":"https:\/\/www.tucomarca.com\/wordpress\/segunda\/ca\/wp-json\/wp\/v2\/posts\/200893\/revisions"}],"wp:featuredmedia":[{"embeddable":true,"href":"https:\/\/www.tucomarca.com\/wordpress\/segunda\/ca\/wp-json\/wp\/v2\/media\/200880"}],"wp:attachment":[{"href":"https:\/\/www.tucomarca.com\/wordpress\/segunda\/ca\/wp-json\/wp\/v2\/media?parent=200893"}],"wp:term":[{"taxonomy":"category","embeddable":true,"href":"https:\/\/www.tucomarca.com\/wordpress\/segunda\/ca\/wp-json\/wp\/v2\/categories?post=200893"},{"taxonomy":"post_tag","embeddable":true,"href":"https:\/\/www.tucomarca.com\/wordpress\/segunda\/ca\/wp-json\/wp\/v2\/tags?post=200893"}],"curies":[{"name":"wp","href":"https:\/\/api.w.org\/{rel}","templated":true}]}}