{"id":201150,"date":"2023-10-23T13:00:00","date_gmt":"2023-10-23T11:00:00","guid":{"rendered":"https:\/\/www.tucomarca.com\/wordpress\/segunda\/?p=201150"},"modified":"2023-10-23T15:57:19","modified_gmt":"2023-10-23T13:57:19","slug":"benaguasil-proclama-a-les-maximes-representants-de-les-falles-de-2024","status":"publish","type":"post","link":"https:\/\/www.tucomarca.com\/wordpress\/segunda\/ca\/benaguasil-proclama-a-les-maximes-representants-de-les-falles-de-2024\/","title":{"rendered":"Benaguasil proclama a les m\u00e0ximes representants de les Falles de 2024"},"content":{"rendered":"\n<p>L&#8217;Auditori va acollir l&#8217;acte d&#8217;exaltaci\u00f3 de la Fallera Major, Noem\u00ed Ferrer; de la Fallera Major Infantil, Ainhara Sanabria, acompanyada de la seua cort d&#8217;honor, i del president infantil, Asier Ortiz.<\/p>\n\n\n\n<p>Este dissabte Benaguasil va celebrar un dels actes m\u00e9s esperats del calendari faller, l&#8217;exaltaci\u00f3 de les Falleres Majors de Benaguasil, Noem\u00ed Ferrer Real i Ainhara Sanabria Subiela, i del president infantil Asier Ortiz Fortea.<br>La jornada es va iniciar amb un cercaviles en el qual les m\u00e0ximes representants de Benaguasil van ser acompanyades des de la Pla\u00e7a Mariano Benlliure fins a les portes de l&#8217;Auditori de la Uni\u00f3 Musical per les comissions falleres i per juntes locals de poblacions ve\u00efnes, aix\u00ed com per les autoritats locals.&nbsp;<br>Passades les set de la vesprada donava principi l&#8217;esperat acte amb el nomenament de la Junta local Fallera i de les xiquetes que formaren la cort d&#8217;honor de la fallera major infantil, Carla Romero i Daniela B\u00f3. Despr\u00e9s d&#8217;aix\u00f2 pujaven a l&#8217;escenari Ainhara i Asier, acompanyats per la presidenta de la JLF, Pepa Cano i per la regidor de Festes, Ana Aleixandre, que va ser l&#8217;encarregada d&#8217;imposar-li la banda i la joia que l&#8217;acredita com la m\u00e0xima representant dels xiquets de Benaguasil.<br>Tot seguit va arribar el moment de proclamar a Noem\u00ed, que acompanyada per la presidenta de la JLF, Pepa Cano i per l&#8217;alcalde, Ximo Segarra, va rebre la banda de fallera major de mans d&#8217;este.<br>Despr\u00e9s d&#8217;aix\u00f2 van pujar a l&#8217;escenari les juntes locals de Riba-roja de T\u00faria, La Vall d&#8217;Uix\u00f3, Montcada, La Pobla de Vallbona, Carcaixent, Paterna, Benetusser i Benicarl\u00f3 i les 10 comissions falleres de Benaguasil.<br>La regidora de Falles i l&#8217;Alcalde van tancar l&#8217;acte amb la imposici\u00f3 de l&#8217;escut d&#8217;or a les noves falleres majors. Despr\u00e9s de l&#8217;exaltaci\u00f3 es dona el tret d&#8217;eixida al calendari faller de l&#8217;exercici 2023-24 que continuar\u00e0 amb la presentaci\u00f3 dels esbossos fallers el pr\u00f2xim 2 de desembre.<\/p>\n\n\n\n<figure class=\"wp-block-gallery has-nested-images columns-2 is-cropped wp-block-gallery-1 is-layout-flex wp-block-gallery-is-layout-flex\">\n<figure class=\"wp-block-image size-large\"><img loading=\"lazy\" decoding=\"async\" width=\"886\" height=\"591\" data-id=\"201145\" src=\"http:\/\/www.tucomarca.com\/wordpress\/segunda\/wp-content\/uploads\/2023\/10\/Benaguasilmayor.jpg\" alt=\"\" class=\"wp-image-201145\" srcset=\"https:\/\/www.tucomarca.com\/wordpress\/segunda\/wp-content\/uploads\/2023\/10\/Benaguasilmayor.jpg 886w, https:\/\/www.tucomarca.com\/wordpress\/segunda\/wp-content\/uploads\/2023\/10\/Benaguasilmayor-300x200.jpg 300w, https:\/\/www.tucomarca.com\/wordpress\/segunda\/wp-content\/uploads\/2023\/10\/Benaguasilmayor-768x512.jpg 768w\" sizes=\"auto, (max-width: 886px) 100vw, 886px\" \/><\/figure>\n\n\n\n<figure class=\"wp-block-image size-large\"><img loading=\"lazy\" decoding=\"async\" width=\"886\" height=\"591\" data-id=\"201143\" src=\"http:\/\/www.tucomarca.com\/wordpress\/segunda\/wp-content\/uploads\/2023\/10\/Benaguasilinfantil.jpg\" alt=\"\" class=\"wp-image-201143\" srcset=\"https:\/\/www.tucomarca.com\/wordpress\/segunda\/wp-content\/uploads\/2023\/10\/Benaguasilinfantil.jpg 886w, https:\/\/www.tucomarca.com\/wordpress\/segunda\/wp-content\/uploads\/2023\/10\/Benaguasilinfantil-300x200.jpg 300w, https:\/\/www.tucomarca.com\/wordpress\/segunda\/wp-content\/uploads\/2023\/10\/Benaguasilinfantil-768x512.jpg 768w\" sizes=\"auto, (max-width: 886px) 100vw, 886px\" \/><\/figure>\n\n\n\n<figure class=\"wp-block-image size-large\"><img loading=\"lazy\" decoding=\"async\" width=\"1920\" height=\"1280\" data-id=\"201147\" src=\"http:\/\/www.tucomarca.com\/wordpress\/segunda\/wp-content\/uploads\/2023\/10\/maximos-representantes.jpg\" alt=\"\" class=\"wp-image-201147\" srcset=\"https:\/\/www.tucomarca.com\/wordpress\/segunda\/wp-content\/uploads\/2023\/10\/maximos-representantes.jpg 1920w, https:\/\/www.tucomarca.com\/wordpress\/segunda\/wp-content\/uploads\/2023\/10\/maximos-representantes-300x200.jpg 300w, https:\/\/www.tucomarca.com\/wordpress\/segunda\/wp-content\/uploads\/2023\/10\/maximos-representantes-1024x683.jpg 1024w, https:\/\/www.tucomarca.com\/wordpress\/segunda\/wp-content\/uploads\/2023\/10\/maximos-representantes-768x512.jpg 768w, https:\/\/www.tucomarca.com\/wordpress\/segunda\/wp-content\/uploads\/2023\/10\/maximos-representantes-1536x1024.jpg 1536w\" sizes=\"auto, (max-width: 1920px) 100vw, 1920px\" \/><\/figure>\n<\/figure>\n","protected":false},"excerpt":{"rendered":"<div class=\"mh-excerpt\">L&#8217;Auditori va acollir l&#8217;acte d&#8217;exaltaci\u00f3 de la Fallera Major, Noem\u00ed Ferrer; de la Fallera Major Infantil, Ainhara Sanabria, acompanyada de la seua cort d&#8217;honor, i del president infantil, Asier Ortiz. Este dissabte Benaguasil va celebrar <a class=\"mh-excerpt-more\" href=\"https:\/\/www.tucomarca.com\/wordpress\/segunda\/ca\/benaguasil-proclama-a-les-maximes-representants-de-les-falles-de-2024\/\" title=\"Benaguasil proclama a les m\u00e0ximes representants de les Falles de 2024\">[+] <\/a><\/div>\n","protected":false},"author":12,"featured_media":201142,"comment_status":"open","ping_status":"open","sticky":false,"template":"","format":"gallery","meta":{"footnotes":""},"categories":[10952,10892,10898,10894,10904,11007,10896],"tags":[11136,10899,19154],"class_list":{"0":"post-201150","1":"post","2":"type-post","3":"status-publish","4":"format-gallery","5":"has-post-thumbnail","7":"category-benaguasil-ca","8":"category-camp-de-turia-ca","9":"category-ventana-ca","10":"category-la-comarca-ca","11":"category-sin-categorizar-ca","12":"category-ocio-y-cultura-ca","13":"category-seccion-ca","14":"tag-benaguasil-ca","15":"tag-camp-de-turia-ca","16":"tag-fallas-2024-ca","17":"post_format-post-format-gallery"},"_links":{"self":[{"href":"https:\/\/www.tucomarca.com\/wordpress\/segunda\/ca\/wp-json\/wp\/v2\/posts\/201150","targetHints":{"allow":["GET"]}}],"collection":[{"href":"https:\/\/www.tucomarca.com\/wordpress\/segunda\/ca\/wp-json\/wp\/v2\/posts"}],"about":[{"href":"https:\/\/www.tucomarca.com\/wordpress\/segunda\/ca\/wp-json\/wp\/v2\/types\/post"}],"author":[{"embeddable":true,"href":"https:\/\/www.tucomarca.com\/wordpress\/segunda\/ca\/wp-json\/wp\/v2\/users\/12"}],"replies":[{"embeddable":true,"href":"https:\/\/www.tucomarca.com\/wordpress\/segunda\/ca\/wp-json\/wp\/v2\/comments?post=201150"}],"version-history":[{"count":0,"href":"https:\/\/www.tucomarca.com\/wordpress\/segunda\/ca\/wp-json\/wp\/v2\/posts\/201150\/revisions"}],"wp:featuredmedia":[{"embeddable":true,"href":"https:\/\/www.tucomarca.com\/wordpress\/segunda\/ca\/wp-json\/wp\/v2\/media\/201142"}],"wp:attachment":[{"href":"https:\/\/www.tucomarca.com\/wordpress\/segunda\/ca\/wp-json\/wp\/v2\/media?parent=201150"}],"wp:term":[{"taxonomy":"category","embeddable":true,"href":"https:\/\/www.tucomarca.com\/wordpress\/segunda\/ca\/wp-json\/wp\/v2\/categories?post=201150"},{"taxonomy":"post_tag","embeddable":true,"href":"https:\/\/www.tucomarca.com\/wordpress\/segunda\/ca\/wp-json\/wp\/v2\/tags?post=201150"}],"curies":[{"name":"wp","href":"https:\/\/api.w.org\/{rel}","templated":true}]}}