{"id":201205,"date":"2023-10-23T13:10:00","date_gmt":"2023-10-23T11:10:00","guid":{"rendered":"https:\/\/www.tucomarca.com\/wordpress\/segunda\/?p=201205"},"modified":"2023-10-23T21:12:42","modified_gmt":"2023-10-23T19:12:42","slug":"xest-proclama-a-les-representants-de-la-seua-junta-local-fallera-2024","status":"publish","type":"post","link":"https:\/\/www.tucomarca.com\/wordpress\/segunda\/ca\/xest-proclama-a-les-representants-de-la-seua-junta-local-fallera-2024\/","title":{"rendered":"Xest proclama a les representants de la seua Junta Local Fallera 2024"},"content":{"rendered":"\n<p>El sal\u00f3 de plens de l&#8217;ajuntament va acollir dissabte passat, 21 d&#8217;octubre, l&#8217;acte d&#8217;exaltaci\u00f3 de les falleres majors de la Junta Local Fallera de Xest.&nbsp;<\/p>\n\n\n\n<figure class=\"wp-block-gallery has-nested-images columns-default is-cropped wp-block-gallery-1 is-layout-flex wp-block-gallery-is-layout-flex\">\n<figure class=\"wp-block-image size-large\"><img loading=\"lazy\" decoding=\"async\" width=\"886\" height=\"591\" data-id=\"201197\" src=\"http:\/\/www.tucomarca.com\/wordpress\/segunda\/wp-content\/uploads\/2023\/10\/ChesteExaltacionFalleras_1.jpg\" alt=\"\" class=\"wp-image-201197\" srcset=\"https:\/\/www.tucomarca.com\/wordpress\/segunda\/wp-content\/uploads\/2023\/10\/ChesteExaltacionFalleras_1.jpg 886w, https:\/\/www.tucomarca.com\/wordpress\/segunda\/wp-content\/uploads\/2023\/10\/ChesteExaltacionFalleras_1-300x200.jpg 300w, https:\/\/www.tucomarca.com\/wordpress\/segunda\/wp-content\/uploads\/2023\/10\/ChesteExaltacionFalleras_1-768x512.jpg 768w\" sizes=\"auto, (max-width: 886px) 100vw, 886px\" \/><\/figure>\n\n\n\n<figure class=\"wp-block-image size-large\"><img loading=\"lazy\" decoding=\"async\" width=\"886\" height=\"591\" data-id=\"201199\" src=\"http:\/\/www.tucomarca.com\/wordpress\/segunda\/wp-content\/uploads\/2023\/10\/ChesteExaltacionFalleras_2.jpg\" alt=\"\" class=\"wp-image-201199\" srcset=\"https:\/\/www.tucomarca.com\/wordpress\/segunda\/wp-content\/uploads\/2023\/10\/ChesteExaltacionFalleras_2.jpg 886w, https:\/\/www.tucomarca.com\/wordpress\/segunda\/wp-content\/uploads\/2023\/10\/ChesteExaltacionFalleras_2-300x200.jpg 300w, https:\/\/www.tucomarca.com\/wordpress\/segunda\/wp-content\/uploads\/2023\/10\/ChesteExaltacionFalleras_2-768x512.jpg 768w\" sizes=\"auto, (max-width: 886px) 100vw, 886px\" \/><\/figure>\n<\/figure>\n\n\n\n<p>L&#8217;esdeveniment va estar condu\u00eft per Teo Vallet, vicepresident de la Junta Local, qui va donar la benvinguda a alcalde, Jose Morell, i al regidor de Festes, \u00d3scar Gald\u00f3n, com a presidents de l&#8217;acte. \u201cEl que celebrem hui \u00e9s el comiat de les \u00faltimes representants de les falles de la nostra poblaci\u00f3 i la benvinguda al seu relleu. Este acte \u00e9s una manifestaci\u00f3 d&#8217;eixa passi\u00f3 amb la qual vivim els fallers i el poder hipn\u00f2tic dels quals tanca i obri cada any el final d&#8217;un cicle i l&#8217;inici d&#8217;un altre\u201d, anunciava Vallet.<br>Despr\u00e9s de la seua paraules van ser anomenades les falleres sortints, Candela Llorens Bele\u00f1a i Marina Lleonart Oca\u00f1a, per a passar el testimoni a les seues companyes, Reme Peix Manzano i Marta Huercio Mar\u00edn, els qui representaran a la Junta Local Fallera de Xest en 2024 com a Fallera Major i Fallera Major Infantil, respectivament. \u201cLes falleres sortints han afrontat el per\u00edode m\u00e9s llarg en tota la hist\u00f2ria de les falles de la nostra poblaci\u00f3 com a m\u00e0ximes representants de la seua comissi\u00f3 i de la Junta Local, heu enfrontat amb valentia i disciplina els temps tan convulsos que ens va tocar viure i el vostre comprom\u00eds amb la festa passar\u00e0 a la posteritat. A les falleres entrants els vull recordar que ser representant de la Junta Local significa estr\u00e9nyer els lla\u00e7os d&#8217;harmonia i cordialitat entre les dues comissions que la formem i impulsar el millor enteniment a favor del major \u00e8xit i prestigi de la nostra festa fallera\u201d, apuntava Vallet.<br>Abans de celebrar el moment de l&#8217;exaltaci\u00f3, les falleres sortints van intervindre per a agrair el suport rebut i dedicar unes paraules a les seues companyes. \u201cHui posem fi a un dels somnis que qualsevol fallera major de la seua falla t\u00e9, i \u00e9s ser fallera major de la junta local del seu poble, perqu\u00e8 \u00e9s el m\u00e0xim c\u00e0rrec. S\u00f3n molts els records que ens emportem. Donem les gr\u00e0cies a les nostres fam\u00edlies i a la comissi\u00f3 fallera per acompanyar-nos durant este any. Reme i Marta, dir-vos que gaudiu dels actes, que \u00e9s un any molt especial, \u00e9s un orgull representar al nostre poble i les nostres falles, especialment enguany quan s&#8217;ha declarat la nostra cavalcada de San Jos\u00e9 B\u00e9 d&#8217;inter\u00e9s tur\u00edstic\u201d.<br>Tot seguit es va realitzar la imposici\u00f3 de bandes, amb l&#8217;aplaudiment de totes les persones assistents.<\/p>\n\n\n\n<p>\u201cQuan vaig saber que anava ser fallera major infantil vaig sentir que un somni es feia realitat. He tingut un any inoblidable i ara representar\u00e9 al meu poble i \u00e9s una gran responsabilitat, em compromet a posar tot de la meua part per a fer-ho tan b\u00e9 com siga possible. Us convide a acompanyar-me i a gaudir de les festes com nom\u00e9s els fallers sabem fer-ho\u201d, manifestava Reme Peix.<br>En la mateixa l\u00ednia, Marta Huercio va dedicar unes paraules a deixar patent el seu comprom\u00eds i la seua il\u00b7lusi\u00f3 amb el nou c\u00e0rrec. \u201cDespr\u00e9s de tant de temps torne a ser ac\u00ed, poder representar al meu poble \u00e9s tot un honor i alhora una gran a responsabilitat, posar\u00e9 tot el meu esfor\u00e7 i la meua il\u00b7lusi\u00f3 per a deixar a Xest en el millor lloc, el que es mereix\u201d.<br>L&#8217;alcalde, Jos\u00e9 Morell, va ser l&#8217;encarregat de tancar de l&#8217;acte amb el seu discurs. \u201cEncara toca recordar-nos un poc de la pand\u00e8mia, encara que estiguem en 2023, ja que Candela i Marina van estar en els moments dif\u00edcils, demostrant una gran capacitat d&#8217;adaptaci\u00f3 i sabent traure el positiu en un moment tan complicat. Moltes gr\u00e0cies pel comprom\u00eds amb les falles del vostre poble\u201d, declarava Morell. \u201cLa Junta ens permet participar m\u00e9s i millor en les Falles de Val\u00e8ncia per\u00f2 tamb\u00e9 ens permet treballar en objectius conjunts entre les dues falles i, enguany, hem de destacar la declaraci\u00f3 d&#8217;inter\u00e9s tur\u00edstic de la Cavalcada de San Jos\u00e9. Ja fa 80 anys que se celebra, com una il\u00b7lusi\u00f3 col\u00b7lectiva i amb l&#8217;enorme treball de tot un any, fruit de l&#8217;esfor\u00e7 de tots els que sou ac\u00ed. Este reconeixement \u00e9s un homenatge a tots els fallers que generaci\u00f3 rere generaci\u00f3 l&#8217;han aconseguit, gr\u00e0cies per posar a Xest en el mapa de les falles amb este treball. A les falleres entrants us dic que estic segur que sereu deposit\u00e0ries de totes esta tradici\u00f3. Us desitge que l&#8217;any siga inoblidable, hem vist que treballant junts s&#8217;arriba molt m\u00e9s lluny, aix\u00ed que compte amb vosaltres per a fer grans Les Falles\u201d, finalitzava Morell.<\/p>\n","protected":false},"excerpt":{"rendered":"<div class=\"mh-excerpt\">El sal\u00f3 de plens de l&#8217;ajuntament va acollir dissabte passat, 21 d&#8217;octubre, l&#8217;acte d&#8217;exaltaci\u00f3 de les falleres majors de la Junta Local Fallera de Xest.&nbsp; L&#8217;esdeveniment va estar condu\u00eft per Teo Vallet, vicepresident de la <a class=\"mh-excerpt-more\" href=\"https:\/\/www.tucomarca.com\/wordpress\/segunda\/ca\/xest-proclama-a-les-representants-de-la-seua-junta-local-fallera-2024\/\" title=\"Xest proclama a les representants de la seua Junta Local Fallera 2024\">[+] <\/a><\/div>\n","protected":false},"author":12,"featured_media":201204,"comment_status":"open","ping_status":"open","sticky":false,"template":"","format":"gallery","meta":{"footnotes":""},"categories":[10898,10894,10912,11007,10896,10974],"tags":[11071,11640,10914],"class_list":{"0":"post-201205","1":"post","2":"type-post","3":"status-publish","4":"format-gallery","5":"has-post-thumbnail","7":"category-ventana-ca","8":"category-la-comarca-ca","9":"category-la-hoya-ca","10":"category-ocio-y-cultura-ca","11":"category-seccion-ca","12":"category-cheste-ca","13":"tag-cheste","14":"tag-junta-local-fallera-de-cheste-ca","15":"tag-la-hoya-de-bunol-chiva-ca","16":"post_format-post-format-gallery"},"_links":{"self":[{"href":"https:\/\/www.tucomarca.com\/wordpress\/segunda\/ca\/wp-json\/wp\/v2\/posts\/201205","targetHints":{"allow":["GET"]}}],"collection":[{"href":"https:\/\/www.tucomarca.com\/wordpress\/segunda\/ca\/wp-json\/wp\/v2\/posts"}],"about":[{"href":"https:\/\/www.tucomarca.com\/wordpress\/segunda\/ca\/wp-json\/wp\/v2\/types\/post"}],"author":[{"embeddable":true,"href":"https:\/\/www.tucomarca.com\/wordpress\/segunda\/ca\/wp-json\/wp\/v2\/users\/12"}],"replies":[{"embeddable":true,"href":"https:\/\/www.tucomarca.com\/wordpress\/segunda\/ca\/wp-json\/wp\/v2\/comments?post=201205"}],"version-history":[{"count":0,"href":"https:\/\/www.tucomarca.com\/wordpress\/segunda\/ca\/wp-json\/wp\/v2\/posts\/201205\/revisions"}],"wp:featuredmedia":[{"embeddable":true,"href":"https:\/\/www.tucomarca.com\/wordpress\/segunda\/ca\/wp-json\/wp\/v2\/media\/201204"}],"wp:attachment":[{"href":"https:\/\/www.tucomarca.com\/wordpress\/segunda\/ca\/wp-json\/wp\/v2\/media?parent=201205"}],"wp:term":[{"taxonomy":"category","embeddable":true,"href":"https:\/\/www.tucomarca.com\/wordpress\/segunda\/ca\/wp-json\/wp\/v2\/categories?post=201205"},{"taxonomy":"post_tag","embeddable":true,"href":"https:\/\/www.tucomarca.com\/wordpress\/segunda\/ca\/wp-json\/wp\/v2\/tags?post=201205"}],"curies":[{"name":"wp","href":"https:\/\/api.w.org\/{rel}","templated":true}]}}