{"id":201222,"date":"2023-10-24T09:30:00","date_gmt":"2023-10-24T07:30:00","guid":{"rendered":"https:\/\/www.tucomarca.com\/wordpress\/segunda\/?p=201222"},"modified":"2023-10-24T14:19:11","modified_gmt":"2023-10-24T12:19:11","slug":"el-director-general-de-transparencia-i-participacio-jose-tarrega-presideix-a-utiel-la-i-trobada-interuniversitari-i-dentitats-collaboradores-en-materia-de-participacio-i-transparencia","status":"publish","type":"post","link":"https:\/\/www.tucomarca.com\/wordpress\/segunda\/ca\/el-director-general-de-transparencia-i-participacio-jose-tarrega-presideix-a-utiel-la-i-trobada-interuniversitari-i-dentitats-collaboradores-en-materia-de-participacio-i-transparencia\/","title":{"rendered":"El director general de Transpar\u00e8ncia i Participaci\u00f3, Jos\u00e9 T\u00e1rrega, presideix a Utiel la I Trobada interuniversitari i d&#8217;entitats col\u00b7laboradores en mat\u00e8ria de participaci\u00f3 i transpar\u00e8ncia"},"content":{"rendered":"\n<h4 class=\"wp-block-heading\">L&#8217;alcalde d&#8217;Utiel, Ricardo Gabald\u00f3n, ha acompanyat al Director General de Transpar\u00e8ncia en l&#8217;acte d&#8217;obertura i ha remarcat la import\u00e0ncia de les ajudes de transpar\u00e8ncia aprovades per Generalitat per a municipis menors de 20.000 habitants com Utiel.<\/h4>\n\n\n\n<p>Utiel acollia ahir la I Trobada interuniversitari i d&#8217;entitats col\u00b7laboradores en mat\u00e8ria de participaci\u00f3 i transpar\u00e8ncia organitzat per la Generalitat Valenciana.<br>El director general de Transpar\u00e8ncia i Participaci\u00f3, Jos\u00e9 T\u00e1rrega, acompanyat per l&#8217;alcalde de l&#8217;Utiel, Ricardo Gabald\u00f3n, presidia en el sal\u00f3 de plens de l&#8217;Ajuntament d&#8217;Utiel esta jornada en la qual es va establir una estrat\u00e8gia conjunta per a la legislatura en mat\u00e8ria de transpar\u00e8ncia i participaci\u00f3. L&#8217;alcalde d&#8217;Utiel va agrair la iniciativa de desenvolupar la trobada en la localitat i va remarcar la import\u00e0ncia de la posada en marxa d&#8217;ajudes en mat\u00e8ria de participaci\u00f3 i de transpar\u00e8ncia orientades a municipis de menys de 20.000 habitants que recentment anunciava la Generalitat Valenciana.&nbsp;<br>Despr\u00e9s de finalitzar la trobada, el director general de Transpar\u00e8ncia i Participaci\u00f3 va afirmar \u201cestar molt satisfet\u201d i va destacar \u201cla labor i el comprom\u00eds\u201d que demostren les universitats i entitats, com Les Naus, \u201cper a fer un pas m\u00e9s en les pol\u00edtiques de govern obert en la Comunitat Valenciana\u201d.<br>Jos\u00e9 T\u00e1rrega va remarcar la col\u00b7laboraci\u00f3 que mantenen amb la Generalitat a trav\u00e9s de projectes formatius, d&#8217;investigaci\u00f3 i intercanvi d&#8217;experi\u00e8ncies vinculats a la transpar\u00e8ncia i a la participaci\u00f3.<br>Durant la sessi\u00f3, el director general de Transpar\u00e8ncia i Participaci\u00f3 va exposar les principals l\u00ednies de treball de la legislatura, entre les quals va destacar la posada en marxa d&#8217;ajudes en mat\u00e8ria de participaci\u00f3 i de transpar\u00e8ncia orientades a municipis de menys de 20.000 habitants; l&#8217;impuls de nous mecanismes de rendici\u00f3 de comptes; la millora de la pol\u00edtica de dades obertes; a m\u00e9s de consolidar la posici\u00f3 del Govern valenci\u00e0 en mat\u00e8ria de govern obert; i aprofundir en les obligacions de transpar\u00e8ncia.<br>Aix\u00ed mateix, Jos\u00e9 T\u00e1rrega va esmentar que es refor\u00e7aran les l\u00ednies de treball encaminades al foment dels moviments associatius i ve\u00efnals o l&#8217;auditoria ciutadana en l&#8217;administraci\u00f3 p\u00fablica, entre altres q\u00fcestions.<\/p>\n\n\n\n<p><\/p>\n","protected":false},"excerpt":{"rendered":"<div class=\"mh-excerpt\">L&#8217;alcalde d&#8217;Utiel, Ricardo Gabald\u00f3n, ha acompanyat al Director General de Transpar\u00e8ncia en l&#8217;acte d&#8217;obertura i ha remarcat la import\u00e0ncia de les ajudes de transpar\u00e8ncia aprovades per Generalitat per a municipis menors de 20.000 habitants com <a class=\"mh-excerpt-more\" href=\"https:\/\/www.tucomarca.com\/wordpress\/segunda\/ca\/el-director-general-de-transparencia-i-participacio-jose-tarrega-presideix-a-utiel-la-i-trobada-interuniversitari-i-dentitats-collaboradores-en-materia-de-participacio-i-transparencia\/\" title=\"El director general de Transpar\u00e8ncia i Participaci\u00f3, Jos\u00e9 T\u00e1rrega, presideix a Utiel la I Trobada interuniversitari i d&#8217;entitats col\u00b7laboradores en mat\u00e8ria de participaci\u00f3 i transpar\u00e8ncia\">[+] <\/a><\/div>\n","protected":false},"author":12,"featured_media":201220,"comment_status":"open","ping_status":"open","sticky":false,"template":"","format":"standard","meta":{"footnotes":""},"categories":[10898,10948,10894,10947,10909,10896,11059],"tags":[10910,11174],"class_list":{"0":"post-201222","1":"post","2":"type-post","3":"status-publish","4":"format-standard","5":"has-post-thumbnail","7":"category-ventana-ca","8":"category-infraestructuras-ca","9":"category-la-comarca-ca","10":"category-politica","11":"category-requena-utiel-ca","12":"category-seccion-ca","13":"category-utiel-ca","14":"tag-requena-utiel-ca","15":"tag-utiel-ca"},"_links":{"self":[{"href":"https:\/\/www.tucomarca.com\/wordpress\/segunda\/ca\/wp-json\/wp\/v2\/posts\/201222","targetHints":{"allow":["GET"]}}],"collection":[{"href":"https:\/\/www.tucomarca.com\/wordpress\/segunda\/ca\/wp-json\/wp\/v2\/posts"}],"about":[{"href":"https:\/\/www.tucomarca.com\/wordpress\/segunda\/ca\/wp-json\/wp\/v2\/types\/post"}],"author":[{"embeddable":true,"href":"https:\/\/www.tucomarca.com\/wordpress\/segunda\/ca\/wp-json\/wp\/v2\/users\/12"}],"replies":[{"embeddable":true,"href":"https:\/\/www.tucomarca.com\/wordpress\/segunda\/ca\/wp-json\/wp\/v2\/comments?post=201222"}],"version-history":[{"count":0,"href":"https:\/\/www.tucomarca.com\/wordpress\/segunda\/ca\/wp-json\/wp\/v2\/posts\/201222\/revisions"}],"wp:featuredmedia":[{"embeddable":true,"href":"https:\/\/www.tucomarca.com\/wordpress\/segunda\/ca\/wp-json\/wp\/v2\/media\/201220"}],"wp:attachment":[{"href":"https:\/\/www.tucomarca.com\/wordpress\/segunda\/ca\/wp-json\/wp\/v2\/media?parent=201222"}],"wp:term":[{"taxonomy":"category","embeddable":true,"href":"https:\/\/www.tucomarca.com\/wordpress\/segunda\/ca\/wp-json\/wp\/v2\/categories?post=201222"},{"taxonomy":"post_tag","embeddable":true,"href":"https:\/\/www.tucomarca.com\/wordpress\/segunda\/ca\/wp-json\/wp\/v2\/tags?post=201222"}],"curies":[{"name":"wp","href":"https:\/\/api.w.org\/{rel}","templated":true}]}}