{"id":201233,"date":"2023-10-24T13:52:12","date_gmt":"2023-10-24T11:52:12","guid":{"rendered":"https:\/\/www.tucomarca.com\/wordpress\/segunda\/?p=201233"},"modified":"2023-10-24T14:13:10","modified_gmt":"2023-10-24T12:13:10","slug":"el-tomas-berlanga-de-requena-acogera-finalmente-el-cd-bunol-real-sociedad-del-proximo-1-de-noviembre-a-las-1830-horas","status":"publish","type":"post","link":"https:\/\/www.tucomarca.com\/wordpress\/segunda\/ca\/el-tomas-berlanga-de-requena-acogera-finalmente-el-cd-bunol-real-sociedad-del-proximo-1-de-noviembre-a-las-1830-horas\/","title":{"rendered":"El Tom\u00e1s Berlanga de Requena acollir\u00e0 finalment l&#8217;hist\u00f2ric CD Bunyol-Reial Societat del pr\u00f2xim 1 de novembre a les 18,30 hores"},"content":{"rendered":"\n<p>La directiva del Club Esportiu Bunyol ha confirmat este dimarts que definitivament ser\u00e0 l&#8217;estadi municipal Tom\u00e1s Berlanga de Requena el terreny de joc que aculla l&#8217;esperat partit de la Copa de Sa Majestat El Rei entre el CD Bunyol i la Reial Societat que, com ja va avan\u00e7ar <strong>tucomarca.com<\/strong>, es disputar\u00e0 el pr\u00f2xim 1 de novembre a partir de les 18,30 hores.<\/p>\n\n\n\n<p>El mateix president del CD Bunyol, Francisco Zan\u00f3n, ja va avan\u00e7ar dies arrere que este era un dels estadi que s&#8217;estava remenant per al xoc, at\u00e9s que la Federaci\u00f3 havia rebutjat definitivament la possibilitat que fora el Beltr\u00e1n B\u00e1guena l&#8217;espai en el qual es disputara esta trobada &#8220;perqu\u00e8 no reuneix les condicions necess\u00e0ries que un partit d&#8217;estes caracter\u00edstiques requeria i que ens exigia la Federaci\u00f3&#8221;, en paraules de Francisco Zan\u00f3n.\u00a0<\/p>\n\n\n\n<p>En el seu moment el president ja va explicar que s&#8217;estava &#8220;valorant i prioritzant una alternativa que volem que estiga prop de Bunyol, perqu\u00e8 els aficionats tinguen el menor despla\u00e7ament possible. Que el terreny de joc siga de gespa artificial, perqu\u00e8 el desgast en un de gespa natural \u00e9s enorme. Que tinga l&#8217;aforament suficient perqu\u00e8 tots els aficionats que vulguen anar puguen fer-ho i ning\u00fa es quede fora perqu\u00e8 no hi haja entrades suficients, ja que \u00e9s una cosa tan bonica que no sabem quan es podr\u00e0 tornar a repetir&#8221;.<\/p>\n\n\n\n<p>El club ja anunciat tamb\u00e9 que a partir d&#8217;este dimecres es posaran a la venda les entrades en horari de deu del mat\u00ed a una del migdia i de cinc a nou de la vesprada.<\/p>\n","protected":false},"excerpt":{"rendered":"<div class=\"mh-excerpt\">La directiva del Club Esportiu Bunyol ha confirmat este dimarts que definitivament ser\u00e0 l&#8217;estadi municipal Tom\u00e1s Berlanga de Requena el terreny de joc que aculla l&#8217;esperat partit de la Copa de Sa Majestat El Rei <a class=\"mh-excerpt-more\" href=\"https:\/\/www.tucomarca.com\/wordpress\/segunda\/ca\/el-tomas-berlanga-de-requena-acogera-finalmente-el-cd-bunol-real-sociedad-del-proximo-1-de-noviembre-a-las-1830-horas\/\" title=\"El Tom\u00e1s Berlanga de Requena acollir\u00e0 finalment l&#8217;hist\u00f2ric CD Bunyol-Reial Societat del pr\u00f2xim 1 de novembre a les 18,30 hores\">[+] <\/a><\/div>\n","protected":false},"author":1,"featured_media":100569,"comment_status":"open","ping_status":"open","sticky":false,"template":"","format":"standard","meta":{"footnotes":""},"categories":[10911,11015,11003,10898,10894,10904,10912,10908,10909,10896],"tags":[11126,11075,10914,10910],"class_list":{"0":"post-201233","1":"post","2":"type-post","3":"status-publish","4":"format-standard","5":"has-post-thumbnail","7":"category-bunol-ca","8":"category-canal-futbol","9":"category-sports","10":"category-ventana-ca","11":"category-la-comarca-ca","12":"category-sin-categorizar-ca","13":"category-la-hoya-ca","14":"category-requena-ca","15":"category-requena-utiel-ca","16":"category-seccion-ca","17":"tag-cd-bunol-ca","18":"tag-futbol-ca","19":"tag-la-hoya-de-bunol-chiva-ca","20":"tag-requena-utiel-ca"},"_links":{"self":[{"href":"https:\/\/www.tucomarca.com\/wordpress\/segunda\/ca\/wp-json\/wp\/v2\/posts\/201233","targetHints":{"allow":["GET"]}}],"collection":[{"href":"https:\/\/www.tucomarca.com\/wordpress\/segunda\/ca\/wp-json\/wp\/v2\/posts"}],"about":[{"href":"https:\/\/www.tucomarca.com\/wordpress\/segunda\/ca\/wp-json\/wp\/v2\/types\/post"}],"author":[{"embeddable":true,"href":"https:\/\/www.tucomarca.com\/wordpress\/segunda\/ca\/wp-json\/wp\/v2\/users\/1"}],"replies":[{"embeddable":true,"href":"https:\/\/www.tucomarca.com\/wordpress\/segunda\/ca\/wp-json\/wp\/v2\/comments?post=201233"}],"version-history":[{"count":0,"href":"https:\/\/www.tucomarca.com\/wordpress\/segunda\/ca\/wp-json\/wp\/v2\/posts\/201233\/revisions"}],"wp:featuredmedia":[{"embeddable":true,"href":"https:\/\/www.tucomarca.com\/wordpress\/segunda\/ca\/wp-json\/wp\/v2\/media\/100569"}],"wp:attachment":[{"href":"https:\/\/www.tucomarca.com\/wordpress\/segunda\/ca\/wp-json\/wp\/v2\/media?parent=201233"}],"wp:term":[{"taxonomy":"category","embeddable":true,"href":"https:\/\/www.tucomarca.com\/wordpress\/segunda\/ca\/wp-json\/wp\/v2\/categories?post=201233"},{"taxonomy":"post_tag","embeddable":true,"href":"https:\/\/www.tucomarca.com\/wordpress\/segunda\/ca\/wp-json\/wp\/v2\/tags?post=201233"}],"curies":[{"name":"wp","href":"https:\/\/api.w.org\/{rel}","templated":true}]}}