{"id":201337,"date":"2023-10-24T09:15:00","date_gmt":"2023-10-24T07:15:00","guid":{"rendered":"https:\/\/www.tucomarca.com\/wordpress\/segunda\/?p=201337"},"modified":"2023-10-24T21:33:50","modified_gmt":"2023-10-24T19:33:50","slug":"la-diputacio-activara-la-via-ciclopedestre-que-unira-cheste-i-chiva","status":"publish","type":"post","link":"https:\/\/www.tucomarca.com\/wordpress\/segunda\/ca\/la-diputacio-activara-la-via-ciclopedestre-que-unira-cheste-i-chiva\/","title":{"rendered":"La Diputaci\u00f3 activar\u00e0 la via ciclopedestre que unir\u00e0 Cheste i Chiva&nbsp;"},"content":{"rendered":"\n<h4 class=\"wp-block-heading\">La diputada de Carreteres, Reme Mazzolari acorda amb l&#8217;alcaldessa de Chiva, Amparo Fort, i amb l&#8217;alcalde de Cheste, Jos\u00e9 Morell, \u201cdonar l&#8217;impuls definitiu per a facilitar el tr\u00e0nsit ciclista i per als vianants entre dos municipis que tenen molt flux de poblaci\u00f3 diari\u201d<\/h4>\n\n\n\n<h4 class=\"wp-block-heading\">Els dos ajuntaments han subscrit este mat\u00ed la integraci\u00f3 en la Xarxa de Carreteres de la Generalitat de l&#8217;acc\u00e9s al circuit de Cheste des de l&#8217;A3, l&#8217;ens titular del qual ser\u00e0 la Diputaci\u00f3 de Val\u00e8ncia<\/h4>\n\n\n\n<p>La diputada de Carreteres i vicepresidenta 2a de la Diputaci\u00f3 de Val\u00e8ncia, Reme Mazzolari, s&#8217;ha reunit este mat\u00ed amb l&#8217;alcaldessa de Chiva, Amparo Fort, i l&#8217;alcalde de Cheste, Jos\u00e9 Morell, per a abordar diferents assumptes relacionats amb infraestructures que afecten als dos municipis.<\/p>\n\n\n\n<p>Un dels punts que s&#8217;han tractat \u00e9s la possible connexi\u00f3 de les dos poblacions mitjan\u00e7ant una via ciclopedestre. \u201cEs tracta d&#8217;un projecte que necessitava l&#8217;impuls definitiu que li donarem des de la Diputaci\u00f3, com una manera de facilitar el tr\u00e0nsit entre les dos poblacions, promovent vies de comunicaci\u00f3 saludables amb les m\u00e0ximes garanties de seguretat\u201d, indica la diputada Reme Mazzolari.<br><br>La tamb\u00e9 vicepresidenta 2a de la Diputaci\u00f3 explica que \u201cesta actuaci\u00f3 s&#8217;alinea perfectament amb l&#8217;objectiu d&#8217;este equip de govern de facilitar els lla\u00e7os d&#8217;uni\u00f3 entre poblacions confrontants\u201d, i incidix en \u201cel comprom\u00eds del president Vicent Momp\u00f3 que la xarxa de comunicacions que es promoga des de la Diputaci\u00f3 atenga tant grans carreteres com a altres tipus de vies que siguen d&#8217;inter\u00e9s per als municipis\u201d.<\/p>\n\n\n\n<p><strong>Adequaci\u00f3 de l&#8217;acc\u00e9s al circuit de Xest<\/strong><\/p>\n\n\n\n<p>La reuni\u00f3 entre la diputada de carreteres i els primers edils de Chiva i de Cheste, tamb\u00e9<br>ha servit per a accelerar els tr\u00e0mits administratius que permetran que la Diputaci\u00f3 condicione la carretera que uneix l&#8217;A3 amb el Circuit de Cheste. \u201cEs tracta d&#8217;una actuaci\u00f3 que realitzarem de manera urgent per tal que estiga preparada per al mundial de motociclisme de l&#8217;\u00faltim cap de setmana de novembre\u201d, confirma la diputada Reme Mazzolari.<\/p>\n\n\n\n<p>L&#8217;actuaci\u00f3 de l&#8217;\u00e0rea de Carreteres se centrar\u00e0 en la reparaci\u00f3 del ferm i la millora del drenatge, \u201camb l&#8217;objectiu d&#8217;incrementar la seguretat dels milers de vehicles, tant cotxes com sobretot motos, que transiten la zona els dies que hi ha algun esdeveniment en el circuit\u201d, explica Mazzolari, \u201ci que t\u00e9 en el Gran Premi de la Comunitat Valenciana l&#8217;esdeveniment m\u00e9s destacat de l&#8217;any\u201d.<\/p>\n\n\n\n<p>La modificaci\u00f3 administrativa consistix a donar conformitat a la modificaci\u00f3 proposada per la Conselleria de Medi Ambient, Aigua, Infraestructures i Territori per a la inclusi\u00f3 d&#8217;este tram dins de la Xarxa de Carreteres del Sistema Viari de la Comunitat Valenciana, assignant la titularitat a la Diputaci\u00f3n de Val\u00e8ncia amb denominaci\u00f3 CV-386, acc\u00e9s sud-est al circuit de velocitat.<\/p>\n\n\n\n<p><\/p>\n","protected":false},"excerpt":{"rendered":"<div class=\"mh-excerpt\">La diputada de Carreteres, Reme Mazzolari acorda amb l&#8217;alcaldessa de Chiva, Amparo Fort, i amb l&#8217;alcalde de Cheste, Jos\u00e9 Morell, \u201cdonar l&#8217;impuls definitiu per a facilitar el tr\u00e0nsit ciclista i per als vianants entre dos <a class=\"mh-excerpt-more\" href=\"https:\/\/www.tucomarca.com\/wordpress\/segunda\/ca\/la-diputacio-activara-la-via-ciclopedestre-que-unira-cheste-i-chiva\/\" title=\"La Diputaci\u00f3 activar\u00e0 la via ciclopedestre que unir\u00e0 Cheste i Chiva&nbsp;\">[+] <\/a><\/div>\n","protected":false},"author":12,"featured_media":201336,"comment_status":"open","ping_status":"open","sticky":false,"template":"","format":"standard","meta":{"footnotes":""},"categories":[10898,10948,10894,10912,10947,10896,10974,10975],"tags":[11195,11246,10914,15309],"class_list":{"0":"post-201337","1":"post","2":"type-post","3":"status-publish","4":"format-standard","5":"has-post-thumbnail","7":"category-ventana-ca","8":"category-infraestructuras-ca","9":"category-la-comarca-ca","10":"category-la-hoya-ca","11":"category-politica","12":"category-seccion-ca","13":"category-cheste-ca","14":"category-chiva-ca","15":"tag-chiva-ca","16":"tag-diputacio-de-valencia-ca","17":"tag-la-hoya-de-bunol-chiva-ca","18":"tag-via-ciclopeatonal-ca"},"_links":{"self":[{"href":"https:\/\/www.tucomarca.com\/wordpress\/segunda\/ca\/wp-json\/wp\/v2\/posts\/201337","targetHints":{"allow":["GET"]}}],"collection":[{"href":"https:\/\/www.tucomarca.com\/wordpress\/segunda\/ca\/wp-json\/wp\/v2\/posts"}],"about":[{"href":"https:\/\/www.tucomarca.com\/wordpress\/segunda\/ca\/wp-json\/wp\/v2\/types\/post"}],"author":[{"embeddable":true,"href":"https:\/\/www.tucomarca.com\/wordpress\/segunda\/ca\/wp-json\/wp\/v2\/users\/12"}],"replies":[{"embeddable":true,"href":"https:\/\/www.tucomarca.com\/wordpress\/segunda\/ca\/wp-json\/wp\/v2\/comments?post=201337"}],"version-history":[{"count":0,"href":"https:\/\/www.tucomarca.com\/wordpress\/segunda\/ca\/wp-json\/wp\/v2\/posts\/201337\/revisions"}],"wp:featuredmedia":[{"embeddable":true,"href":"https:\/\/www.tucomarca.com\/wordpress\/segunda\/ca\/wp-json\/wp\/v2\/media\/201336"}],"wp:attachment":[{"href":"https:\/\/www.tucomarca.com\/wordpress\/segunda\/ca\/wp-json\/wp\/v2\/media?parent=201337"}],"wp:term":[{"taxonomy":"category","embeddable":true,"href":"https:\/\/www.tucomarca.com\/wordpress\/segunda\/ca\/wp-json\/wp\/v2\/categories?post=201337"},{"taxonomy":"post_tag","embeddable":true,"href":"https:\/\/www.tucomarca.com\/wordpress\/segunda\/ca\/wp-json\/wp\/v2\/tags?post=201337"}],"curies":[{"name":"wp","href":"https:\/\/api.w.org\/{rel}","templated":true}]}}