{"id":201504,"date":"2023-10-26T11:00:00","date_gmt":"2023-10-26T09:00:00","guid":{"rendered":"https:\/\/www.tucomarca.com\/wordpress\/segunda\/?p=201504"},"modified":"2023-10-26T22:35:08","modified_gmt":"2023-10-26T20:35:08","slug":"riba-roja-de-turia-condemna-la-violencia-dhamas-i-el-govern-disrael-en-el-conflicte-a-orient-proxim-amb-el-suport-de-tots-els-partits-i-labstencio-de-vox","status":"publish","type":"post","link":"https:\/\/www.tucomarca.com\/wordpress\/segunda\/ca\/riba-roja-de-turia-condemna-la-violencia-dhamas-i-el-govern-disrael-en-el-conflicte-a-orient-proxim-amb-el-suport-de-tots-els-partits-i-labstencio-de-vox\/","title":{"rendered":"Riba-roja de T\u00faria condemna la viol\u00e8ncia d&#8217;Ham\u00e0s i el Govern d&#8217;Israel en el conflicte a Orient Pr\u00f2xim amb el suport de tots els partits i l&#8217;abstenci\u00f3 de Vox&nbsp;"},"content":{"rendered":"\n<h4 class=\"wp-block-heading\">La moci\u00f3 del PSOE incorpora esmenes de Comprom\u00eds per a exigir del Govern d&#8217;Israel que complisca les resolucions de Nacions Unides&nbsp;<\/h4>\n\n\n\n<p>El ple de l&#8217;Ajuntament de Riba-roja de T\u00faria ha aprovat una moci\u00f3 del grup socialista en la qual es condemna la viol\u00e8ncia emprada per Ham\u00e0s i les forces militars d&#8217;Israel en el conflicte que afecta, actualment, a Orient Pr\u00f2xim i que, fins al moment, s&#8217;ha saldat amb milers de morts. La moci\u00f3 del PSPV s&#8217;ha saldat amb els vots del PSPV-PSOE, Comprom\u00eds, Esquerra-Unida Podem i el Partit Popular i l&#8217;abstenci\u00f3 de Vox.&nbsp;<\/p>\n\n\n\n<p>La moci\u00f3 socialista aprovada, finalment, pel ple municipal de Riba-roja de T\u00faria incorpora, a m\u00e9s, una s\u00e8rie d&#8217;esmenes del grup Comprom\u00eds en les quals s&#8217;exigeix al Govern d&#8217;Espanya perqu\u00e8 reclame al Govern d&#8217;Israel i als representants de Palestina \u201cel compliment de les resolucions de les Nacions Unides\u201d i l&#8217;adopci\u00f3 de les iniciatives necess\u00e0ries per a garantir que l&#8217;ajuda de cooperaci\u00f3 continue arribant al poble palest\u00ed\u201d.&nbsp;<\/p>\n\n\n\n<p>El text de la moci\u00f3 del PSOE de Riba-roja de T\u00faria condemna \u201cfermament\u201d els recents atacs per part del grup terrorista Hamas cap a Israel que han originat l&#8217;\u00faltim conflicte i, al mateix temps, \u201crebutgem en\u00e8rgicament l&#8217;\u00fas de la resposta militar sobre la poblaci\u00f3 civil que comporta un sofriment innecessari i la p\u00e8rdua de vides humanes en totes dues parts del conflicte\u201d ja que poden \u201cviolar aix\u00ed els diferents tractats internacionals sobre protecci\u00f3 dels drets humans\u201d.&nbsp;<\/p>\n\n\n\n<p>De fet, el Quart Conveni de Ginebra prohibeix mesures que causen sofriment innecessari a la poblaci\u00f3 civil i que obliga a la protecci\u00f3 i respecte dels drets humans i la seguretat de la poblaci\u00f3 civil en zones de conflicte\u201d. La moci\u00f3 s&#8217;alinea, d&#8217;esta manera, sobre la posici\u00f3 actual del Consell Europeu que subratlla el dret que t\u00e9 Israel a defensar-se i l&#8217;obligaci\u00f3 de vetlar per la protecci\u00f3 de tots els civils conforme amb el Dret internacional humanitari.&nbsp;<br>La moci\u00f3 defensa que \u201ctotes les forces pol\u00edtiques amb un clar sentit democr\u00e0tic i defensors dels drets humans i normes internacionals han d&#8217;unir-se en este esfor\u00e7 per la pau i la just\u00edcia a Orient Pr\u00f2xim, igual que en els altres conflictes b\u00e8l\u00b7lics que actualment amenacen la pau global i s\u00f3n focus d&#8217;injust\u00edcies sobre la poblaci\u00f3 civil\u201d.&nbsp;<\/p>\n\n\n\n<p>El PSOE de Riba-roja de T\u00faria conclou que en presentar esta moci\u00f3 davant l&#8217;escalada de la viol\u00e8ncia a Orient Pr\u00f2xim \u201creafirma el seu comprom\u00eds amb la pau, la just\u00edcia internacional i la solidaritat amb totes les v\u00edctimes del conflicte i est\u00e9n esta invitaci\u00f3 oberta a totes les forces pol\u00edtiques de Riba-roja de T\u00faria amb valors democr\u00e0tics i defensors dels drets humans perqu\u00e8 s&#8217;unisquen a esta causa\u201d.&nbsp;<\/p>\n\n\n\n<p>La moci\u00f3 aprovada pel ple acorda, a m\u00e9s, la \u201cDeclaraci\u00f3 Institucional sobre la situaci\u00f3 actual d&#8217;Orient Mitj\u00e0\u201d i la lectura p\u00fablica del manifest que tindr\u00e0 lloc divendres que ve 27 d&#8217;octubre a les 19.30 hores sota el nom \u201cConcentraci\u00f3 per la pau a Orient Mitj\u00e0\u201d.<\/p>\n\n\n\n<p><\/p>\n","protected":false},"excerpt":{"rendered":"<div class=\"mh-excerpt\">La moci\u00f3 del PSOE incorpora esmenes de Comprom\u00eds per a exigir del Govern d&#8217;Israel que complisca les resolucions de Nacions Unides&nbsp; El ple de l&#8217;Ajuntament de Riba-roja de T\u00faria ha aprovat una moci\u00f3 del grup <a class=\"mh-excerpt-more\" href=\"https:\/\/www.tucomarca.com\/wordpress\/segunda\/ca\/riba-roja-de-turia-condemna-la-violencia-dhamas-i-el-govern-disrael-en-el-conflicte-a-orient-proxim-amb-el-suport-de-tots-els-partits-i-labstencio-de-vox\/\" title=\"Riba-roja de T\u00faria condemna la viol\u00e8ncia d&#8217;Ham\u00e0s i el Govern d&#8217;Israel en el conflicte a Orient Pr\u00f2xim amb el suport de tots els partits i l&#8217;abstenci\u00f3 de Vox&nbsp;\">[+] <\/a><\/div>\n","protected":false},"author":12,"featured_media":126424,"comment_status":"open","ping_status":"open","sticky":false,"template":"","format":"standard","meta":{"footnotes":""},"categories":[10892,10894,10947,10906,10896],"tags":[10899,19804,15024],"class_list":{"0":"post-201504","1":"post","2":"type-post","3":"status-publish","4":"format-standard","5":"has-post-thumbnail","7":"category-camp-de-turia-ca","8":"category-la-comarca-ca","9":"category-politica","10":"category-riba-roja-ca","11":"category-seccion-ca","12":"tag-camp-de-turia-ca","13":"tag-oriente-proximo-ca","14":"tag-riba-roja-de-turia-ca"},"_links":{"self":[{"href":"https:\/\/www.tucomarca.com\/wordpress\/segunda\/ca\/wp-json\/wp\/v2\/posts\/201504","targetHints":{"allow":["GET"]}}],"collection":[{"href":"https:\/\/www.tucomarca.com\/wordpress\/segunda\/ca\/wp-json\/wp\/v2\/posts"}],"about":[{"href":"https:\/\/www.tucomarca.com\/wordpress\/segunda\/ca\/wp-json\/wp\/v2\/types\/post"}],"author":[{"embeddable":true,"href":"https:\/\/www.tucomarca.com\/wordpress\/segunda\/ca\/wp-json\/wp\/v2\/users\/12"}],"replies":[{"embeddable":true,"href":"https:\/\/www.tucomarca.com\/wordpress\/segunda\/ca\/wp-json\/wp\/v2\/comments?post=201504"}],"version-history":[{"count":0,"href":"https:\/\/www.tucomarca.com\/wordpress\/segunda\/ca\/wp-json\/wp\/v2\/posts\/201504\/revisions"}],"wp:featuredmedia":[{"embeddable":true,"href":"https:\/\/www.tucomarca.com\/wordpress\/segunda\/ca\/wp-json\/wp\/v2\/media\/126424"}],"wp:attachment":[{"href":"https:\/\/www.tucomarca.com\/wordpress\/segunda\/ca\/wp-json\/wp\/v2\/media?parent=201504"}],"wp:term":[{"taxonomy":"category","embeddable":true,"href":"https:\/\/www.tucomarca.com\/wordpress\/segunda\/ca\/wp-json\/wp\/v2\/categories?post=201504"},{"taxonomy":"post_tag","embeddable":true,"href":"https:\/\/www.tucomarca.com\/wordpress\/segunda\/ca\/wp-json\/wp\/v2\/tags?post=201504"}],"curies":[{"name":"wp","href":"https:\/\/api.w.org\/{rel}","templated":true}]}}