{"id":201526,"date":"2023-10-26T12:00:00","date_gmt":"2023-10-26T10:00:00","guid":{"rendered":"https:\/\/www.tucomarca.com\/wordpress\/segunda\/?p=201526"},"modified":"2023-10-26T22:25:44","modified_gmt":"2023-10-26T20:25:44","slug":"xest-executa-millores-en-el-seu-cementeri-municipal","status":"publish","type":"post","link":"https:\/\/www.tucomarca.com\/wordpress\/segunda\/ca\/xest-executa-millores-en-el-seu-cementeri-municipal\/","title":{"rendered":"Xest executa millores en el seu cementeri municipal"},"content":{"rendered":"\n<p>Durant les tres \u00faltimes setmanes, des de les Regidories de Serveis, Medi Ambient i Parcs i Jardins, s&#8217;han dut a terme diferents actuacions per a condicionar el cementeri municipal.&nbsp;<br>D&#8217;una banda, s&#8217;ha sanejat la fa\u00e7ana exterior, s&#8217;han pintat les portes, s&#8217;ha netejat tota la instal\u00b7laci\u00f3 i s&#8217;ha esbrossat l&#8217;aparcament. A m\u00e9s, s&#8217;ha instal\u00b7lat un contenidor per a les restes de podes i s&#8217;ha procedit a la recollida de residus pl\u00e0stics per al seu posterior reciclatge. L&#8217;accessibilitat tamb\u00e9 s&#8217;ha millorat amb la instal\u00b7laci\u00f3 de diverses rampes.&nbsp;<br>Respecte a la jardineria, s&#8217;han canviat les plantes m\u00e9s antigues per noves, de l&#8217;esp\u00e8cie de les teues, fam\u00edlia dels xiprers; s&#8217;han reposat jardineres i s&#8217;ha realitzat la poda d&#8217;arbres. \u201cEn la poda d&#8217;arbres hem fet un important canvi, ja que ara no apliquem una modalitat dr\u00e0stica, si no que deixem cr\u00e9ixer a l&#8217;arbre i respectem la seua forma, perqu\u00e8 continue complint funcions tan importants com l&#8217;aportaci\u00f3 d&#8217;ombra\u201d, ha declarat el regidor de Parcs i Jardins, David Pujals. \u201cLa pr\u00f2xima actuaci\u00f3 que volem abordar en el cementeri \u00e9s la millora i ampliaci\u00f3 de l&#8217;enllumenat\u201d.<br><strong>Horari d&#8217;obertura<br><\/strong>Amb motiu de la Festivitat de Tots els Sants, el cementeri municipal romandr\u00e0 obert tots els dies des del 26 d&#8217;octubre fins al 2 de novembre, tots dos inclusivament, en el seu horari habitual, de 8.30 a 18.00 h.<\/p>\n\n\n\n<figure class=\"wp-block-gallery has-nested-images columns-default is-cropped wp-block-gallery-1 is-layout-flex wp-block-gallery-is-layout-flex\">\n<figure class=\"wp-block-image size-large\"><img loading=\"lazy\" decoding=\"async\" width=\"886\" height=\"1181\" data-id=\"201520\" src=\"http:\/\/www.tucomarca.com\/wordpress\/segunda\/wp-content\/uploads\/2023\/10\/ChesteCementerio2.jpg\" alt=\"\" class=\"wp-image-201520\" srcset=\"https:\/\/www.tucomarca.com\/wordpress\/segunda\/wp-content\/uploads\/2023\/10\/ChesteCementerio2.jpg 886w, https:\/\/www.tucomarca.com\/wordpress\/segunda\/wp-content\/uploads\/2023\/10\/ChesteCementerio2-225x300.jpg 225w, https:\/\/www.tucomarca.com\/wordpress\/segunda\/wp-content\/uploads\/2023\/10\/ChesteCementerio2-768x1024.jpg 768w\" sizes=\"auto, (max-width: 886px) 100vw, 886px\" \/><\/figure>\n\n\n\n<figure class=\"wp-block-image size-large\"><img loading=\"lazy\" decoding=\"async\" width=\"886\" height=\"1181\" data-id=\"201522\" src=\"http:\/\/www.tucomarca.com\/wordpress\/segunda\/wp-content\/uploads\/2023\/10\/ChesteCementerio3.jpg\" alt=\"\" class=\"wp-image-201522\" srcset=\"https:\/\/www.tucomarca.com\/wordpress\/segunda\/wp-content\/uploads\/2023\/10\/ChesteCementerio3.jpg 886w, https:\/\/www.tucomarca.com\/wordpress\/segunda\/wp-content\/uploads\/2023\/10\/ChesteCementerio3-225x300.jpg 225w, https:\/\/www.tucomarca.com\/wordpress\/segunda\/wp-content\/uploads\/2023\/10\/ChesteCementerio3-768x1024.jpg 768w\" sizes=\"auto, (max-width: 886px) 100vw, 886px\" \/><\/figure>\n\n\n\n<figure class=\"wp-block-image size-large\"><img loading=\"lazy\" decoding=\"async\" width=\"886\" height=\"665\" data-id=\"201518\" src=\"http:\/\/www.tucomarca.com\/wordpress\/segunda\/wp-content\/uploads\/2023\/10\/ChesteCementerio4.jpg\" alt=\"\" class=\"wp-image-201518\" srcset=\"https:\/\/www.tucomarca.com\/wordpress\/segunda\/wp-content\/uploads\/2023\/10\/ChesteCementerio4.jpg 886w, https:\/\/www.tucomarca.com\/wordpress\/segunda\/wp-content\/uploads\/2023\/10\/ChesteCementerio4-300x225.jpg 300w, https:\/\/www.tucomarca.com\/wordpress\/segunda\/wp-content\/uploads\/2023\/10\/ChesteCementerio4-768x576.jpg 768w, https:\/\/www.tucomarca.com\/wordpress\/segunda\/wp-content\/uploads\/2023\/10\/ChesteCementerio4-678x509.jpg 678w, https:\/\/www.tucomarca.com\/wordpress\/segunda\/wp-content\/uploads\/2023\/10\/ChesteCementerio4-326x245.jpg 326w, https:\/\/www.tucomarca.com\/wordpress\/segunda\/wp-content\/uploads\/2023\/10\/ChesteCementerio4-80x60.jpg 80w\" sizes=\"auto, (max-width: 886px) 100vw, 886px\" \/><\/figure>\n<\/figure>\n","protected":false},"excerpt":{"rendered":"<div class=\"mh-excerpt\">Durant les tres \u00faltimes setmanes, des de les Regidories de Serveis, Medi Ambient i Parcs i Jardins, s&#8217;han dut a terme diferents actuacions per a condicionar el cementeri municipal.&nbsp;D&#8217;una banda, s&#8217;ha sanejat la fa\u00e7ana exterior, <a class=\"mh-excerpt-more\" href=\"https:\/\/www.tucomarca.com\/wordpress\/segunda\/ca\/xest-executa-millores-en-el-seu-cementeri-municipal\/\" title=\"Xest executa millores en el seu cementeri municipal\">[+] <\/a><\/div>\n","protected":false},"author":12,"featured_media":201517,"comment_status":"open","ping_status":"open","sticky":false,"template":"","format":"gallery","meta":{"footnotes":""},"categories":[10948,10894,10912,10947,10896,10974],"tags":[15747,11071,10914],"class_list":{"0":"post-201526","1":"post","2":"type-post","3":"status-publish","4":"format-gallery","5":"has-post-thumbnail","7":"category-infraestructuras-ca","8":"category-la-comarca-ca","9":"category-la-hoya-ca","10":"category-politica","11":"category-seccion-ca","12":"category-cheste-ca","13":"tag-cementerio-municipal-ca","14":"tag-cheste","15":"tag-la-hoya-de-bunol-chiva-ca","16":"post_format-post-format-gallery"},"_links":{"self":[{"href":"https:\/\/www.tucomarca.com\/wordpress\/segunda\/ca\/wp-json\/wp\/v2\/posts\/201526","targetHints":{"allow":["GET"]}}],"collection":[{"href":"https:\/\/www.tucomarca.com\/wordpress\/segunda\/ca\/wp-json\/wp\/v2\/posts"}],"about":[{"href":"https:\/\/www.tucomarca.com\/wordpress\/segunda\/ca\/wp-json\/wp\/v2\/types\/post"}],"author":[{"embeddable":true,"href":"https:\/\/www.tucomarca.com\/wordpress\/segunda\/ca\/wp-json\/wp\/v2\/users\/12"}],"replies":[{"embeddable":true,"href":"https:\/\/www.tucomarca.com\/wordpress\/segunda\/ca\/wp-json\/wp\/v2\/comments?post=201526"}],"version-history":[{"count":0,"href":"https:\/\/www.tucomarca.com\/wordpress\/segunda\/ca\/wp-json\/wp\/v2\/posts\/201526\/revisions"}],"wp:featuredmedia":[{"embeddable":true,"href":"https:\/\/www.tucomarca.com\/wordpress\/segunda\/ca\/wp-json\/wp\/v2\/media\/201517"}],"wp:attachment":[{"href":"https:\/\/www.tucomarca.com\/wordpress\/segunda\/ca\/wp-json\/wp\/v2\/media?parent=201526"}],"wp:term":[{"taxonomy":"category","embeddable":true,"href":"https:\/\/www.tucomarca.com\/wordpress\/segunda\/ca\/wp-json\/wp\/v2\/categories?post=201526"},{"taxonomy":"post_tag","embeddable":true,"href":"https:\/\/www.tucomarca.com\/wordpress\/segunda\/ca\/wp-json\/wp\/v2\/tags?post=201526"}],"curies":[{"name":"wp","href":"https:\/\/api.w.org\/{rel}","templated":true}]}}