{"id":201538,"date":"2023-10-26T09:00:00","date_gmt":"2023-10-26T07:00:00","guid":{"rendered":"https:\/\/www.tucomarca.com\/wordpress\/segunda\/?p=201538"},"modified":"2023-10-26T22:05:31","modified_gmt":"2023-10-26T20:05:31","slug":"la-diputacio-suma-211-municipis-a-la-seua-xarxa-contra-la-violencia-de-genere-que-sera-incentiu-per-a-les-inversions","status":"publish","type":"post","link":"https:\/\/www.tucomarca.com\/wordpress\/segunda\/ca\/la-diputacio-suma-211-municipis-a-la-seua-xarxa-contra-la-violencia-de-genere-que-sera-incentiu-per-a-les-inversions\/","title":{"rendered":"La Diputaci\u00f3 suma 211 municipis a la seua Xarxa contra la Viol\u00e8ncia de G\u00e8nere que ser\u00e0 incentiu per a les inversions"},"content":{"rendered":"\n<p>El president Momp\u00f3 i la vicepresidenta primera i diputada d&#8217;Igualtat, Natalia Enguix, donen la benvinguda als 23 ajuntaments que s&#8217;adherixen a la Xarxa en l&#8217;assemblea celebrada a Alzira amb 200 responsables locals<\/p>\n\n\n\n<p>L&#8217;\u00e0rea de Cooperaci\u00f3 fomentar\u00e0 les bones pr\u00e0ctiques i els projectes urban\u00edstics amb visi\u00f3 de g\u00e8nere. Enguix ha avan\u00e7at les seues l\u00ednies estrat\u00e8giques i ha escoltat les propostes dels alcaldes i alcaldesses<\/p>\n\n\n\n<p>La ciutat de Val\u00e8ncia se suma a la plataforma de la Diputaci\u00f3, en la qual la Vall d&#8217;Albaida \u00e9s la comarca amb m\u00e9s membres (29), per davant de la Ribera Alta (28) i la Safor, que t\u00e9 26 ajuntaments adherits<\/p>\n\n\n\n<p>El president de la Diputaci\u00f3 de Val\u00e8ncia, Vicent Momp\u00f3, i la vicepresidenta primera i diputada d&#8217;Igualtat, Natalia Enguix, han donat este dijous la benvinguda als 23 nous membres de la Xarxa de Municipis Protegits contra la Viol\u00e8ncia de G\u00e8nere de la Diputaci\u00f3, i ho han fet en l&#8217;acte celebrat a les Sales Rex d&#8217;Alzira davant m\u00e9s de 200 responsables locals de les comarques valencianes, que han conegut les l\u00ednies estrat\u00e8giques de la corporaci\u00f3 en mat\u00e8ria d&#8217;Igualtat. Nat\u00e0lia Enguix ha anunciat que les ajudes s&#8217;incrementaran en 200.000 euros i que pert\u00e0nyer a la xarxa puntuar\u00e0 en el repartiment dels fons del pr\u00f2xim Pla d&#8217;Inversions de la Diputaci\u00f3.<\/p>\n\n\n\n<p>El president Momp\u00f3 ha lamentat les 51 dones mortes a les mans de les seues parelles o ex parelles a Espa\u00f1a en el que portem d&#8217;any, aix\u00ed com les 3.109 v\u00edctimes de viol\u00e8ncia de g\u00e8nere registrades a la prov\u00edncia en el segon trimestre de 2023, \u201cdades molt preocupants que demostren que esta xacra social \u00e9s una q\u00fcesti\u00f3 que no ent\u00e9n d&#8217;ideologies i que mereixen la resposta m\u00e9s contundent per part de les institucions\u201d. En el cas de la Diputaci\u00f3 de Val\u00e8ncia, ha continuat Momp\u00f3, \u201cseguim avant amb valentia i determinaci\u00f3, fomentant el treball en xarxa dels nostres ajuntaments i fent un esfor\u00e7 educatiu per a acabar amb els maltractadors\u201d.<\/p>\n\n\n\n<p>Durant la desena Assemblea de la Xarxa impulsada per la Diputaci\u00f3, Natalia Enguix ha avan\u00e7at que l&#8217;\u00e0rea que dirigix \u201cincrementar\u00e0 les l\u00ednies pressupost\u00e0ries en mat\u00e8ria d&#8217;Igualtat i les ajudes a la Xarxa de Municipis contra la Viol\u00e8ncia de G\u00e8nere, i tamb\u00e9 s&#8217;incentivar\u00e0 l&#8217;adhesi\u00f3 dels ajuntaments a este xarxa de treball conjunt, ja que ser\u00e0 un dels criteris que tindrem en compte en el repartiment del Pla d&#8217;Inversions\u201d. En la seua opini\u00f3, \u201cesta assemblea en la qual participen alcaldes, alcaldesses, responsables d&#8217;Igualtat i t\u00e8cnics locals \u00e9s una demostraci\u00f3 de la import\u00e0ncia del municipalisme en la lluita contra la viol\u00e8ncia de g\u00e8nere\u201d. Enguix ha destacat que la Igualtat \u201c\u00e9s la pol\u00edtica m\u00e9s transversal que es pot desenvolupar en les institucions p\u00fabliques\u201d, i ha reconegut el treball realitzat per la Xarxa i per les seues predecessores en el c\u00e0rrec, Isabel Garc\u00eda i Eli Garc\u00eda, com a \u201cpunta de llan\u00e7a del moviment feminista i la lluita enfront de la viol\u00e8ncia exercida contra les dones\u201d.<\/p>\n\n\n\n<p>La vicepresidenta primera ha exposat els eixos principals de l&#8217;\u00e0rea d&#8217;Igualtat de cara a la present legislatura, entre ells \u201cpromoure la formaci\u00f3 especialitzada en viol\u00e8ncia de g\u00e8nere dirigida a les policies locals, en col\u00b7laboraci\u00f3 amb l&#8217;IVASPE, i impulsar la creaci\u00f3 d&#8217;una xarxa comarcal de cases d&#8217;acolliment en col\u00b7laboraci\u00f3 amb la Generalitat i les entitats socials\u201d. Els responsables locals que han participat en l&#8217;assemblea han sigut informats, a m\u00e9s, que disposaran d&#8217;una guia de recursos i serveis per als consistoris adherits a esta plataforma de treball conjunt enfront de la viol\u00e8ncia exercida contra les dones.<\/p>\n\n\n\n<p><strong>211 municipis treballen ja en Xarxa<\/strong><\/p>\n\n\n\n<p>La Xarxa de Municipis Protegits contra la Viol\u00e8ncia de G\u00e8nere de la Diputaci\u00f3 de Val\u00e8ncia compta ja amb 211 ajuntaments adherits, despr\u00e9s de la incorporaci\u00f3 de Bicorp, Chella i Quesa a la Canal de Navarr\u00e9s; Gavarda, Sant Joanet, C\u00e0rcer, Cotes i Castell\u00f3 a la Ribera Alta; Benicolet i Sempere a la Vall d&#8217;Albaida; Llocnou de Sant Jeroni, Almiser\u00e0, Palma de Gandia i Benifair\u00f3 de la Valldigna a la Safor; Sollana i Benicull del X\u00faquer a la Ribera Baixa; Rotgl\u00e0 i Corbera a la Costera; Villargordo del Cabriel a la Plana d&#8217;Utiel-Requena; Aras de los Olmos en la Serran\u00eda; Jalance en el Valle de Ayora-Cofrentes; Massalfassar a l&#8217;Horta Nord, Casas Altas en el Rinc\u00f3n de Ademuz; i la ciutat de Val\u00e8ncia.<\/p>\n\n\n\n<p>Amb les noves adhesions, la Vall d&#8217;Albaida continua sent la comarca amb m\u00e9s consistoris en la xarxa provincial contra la viol\u00e8ncia de g\u00e8nere, amb 29 dels seus 34 municipis, seguida de prop per la Ribera Alta, amb 28 ajuntaments adherits i la Safor amb 26. La llista la completen l&#8217;Horta Nord (21); l&#8217;Horta Sud (19); el Camp de T\u00faria (16); la Costera (15); la Ribera Baixa (11); la Serran\u00eda (10); la Plana Utiel-Requena (9); la Canal de Navarr\u00e9s (8); la Hoya de Bu\u00f1ol (7); el Valle de Ayora-Cofrentes (5); el Camp de Morvedre (4); i el Rinc\u00f3n de Ademuz (2).<\/p>\n\n\n\n<p>A tots ells ha instat la responsable provincial d&#8217;Igualtat, Natalia Enguix, a \u201ccrear un front com\u00fa contra la viol\u00e8ncia de g\u00e8nere\u201d. Enguix, que ha escoltat les propostes dels responsables locals, ha insistit que \u201cvos necessitem a tots y totes per a mantindre&#8217;ns fermes en la lluita per erradicar la viol\u00e8ncia exercida contra les dones i oferir la millor resposta institucional enfront d&#8217;esta xacra social\u201d.<\/p>\n\n\n\n<p>En una assemblea que ha tingut com a principal novetat la invitaci\u00f3 a tots els ajuntaments de les comarques valencianes, pertanguen o no a la Xarxa contra la Viol\u00e8ncia de G\u00e8nere, la titular d&#8217;Igualtat ha repassat les novetats i incentius que es treballaran des de l&#8217;\u00e0rea, incl\u00f2s el foment de les actuacions urban\u00edstiques i infraestructures amb visi\u00f3 de g\u00e8nere i dels projectes basats en les bones pr\u00e0ctiques.<\/p>\n\n\n\n<p><strong>Bones pr\u00e0ctiques<\/strong><\/p>\n\n\n\n<p>En este sentit, l&#8217;assemblea ha incl\u00f2s un apartat d&#8217;exposici\u00f3 de projectes i iniciatives que promouen les bones pr\u00e0ctiques, amb la participaci\u00f3 dels ajuntaments d&#8217;Alzira, Oliva, Olocau, Albal i Torrent. L&#8217;agent d&#8217;Igualtat d&#8217;Alzira, Raquel Jos\u00e9 Ch\u00e0fer, ha obert el torn expositiu amb el desenvolupament del programa de prevenci\u00f3 de les agressions sexuals en \u00e0mbits festius.<\/p>\n\n\n\n<p>A continuaci\u00f3, la responsable en la Prefectura de Fam\u00edlia, Menors i Dona de l&#8217;Ajuntament d&#8217;Oliva, Carmen Teresa Girb\u00e9s, ha explicat el programa de prevenci\u00f3 del consum de prostituci\u00f3 que s&#8217;est\u00e0 implementant des del consistori. Per l&#8217;Ajuntament d&#8217;Olocau, la regidora d&#8217;Igualtat, Olga Brinquez, ha presentat el projecte desenvolupat amb Mabe Lozano que aprofundix en la relaci\u00f3 entre les noves tecnologies, la pornografia i l&#8217;explotaci\u00f3 sexual.<\/p>\n\n\n\n<p>Els \u00faltims en exposar les seues iniciatives han sigut l&#8217;Ajuntament d&#8217;Albal, on la t\u00e8cnica d&#8217;Igualtat i Joventut, Laura Herv\u00e1s, ha explicat el programa d&#8217;intervenci\u00f3 i prevenci\u00f3 Empodera-TE, dirigit a dones de serveis socials v\u00edctimes de la viol\u00e8ncia de g\u00e8nere; i l&#8217;Ajuntament de Torrent, amb la intervenci\u00f3 de la cap de la Unitat T\u00e8cnica d&#8217;Igualtat, Ana Roca Marug\u00e1n, sobre el programa d&#8217;intervenci\u00f3 implementat a trav\u00e9s de tallers d&#8217;autoestima dirigits a dones.<\/p>\n\n\n\n<p>Cal recordar que els requisits b\u00e0sics per a accedir a la Xarxa de Municipis Protegits contra la Viol\u00e8ncia de G\u00e8nere de la Diputaci\u00f3 de Val\u00e8ncia, que inclou ja a 211 dels 266 municipis de la prov\u00edncia, s\u00f3n disposar d&#8217;una Regidoria i un Pla d&#8217;Igualtat o contra la viol\u00e8ncia de g\u00e8nere propis, i estar adherits al Servei Telef\u00f2nic ATENPRO d&#8217;atenci\u00f3 i protecci\u00f3 a les v\u00edctimes, en el cas dels municipis de menys de 20.000 habitants.<\/p>\n\n\n\n<p><\/p>\n","protected":false},"excerpt":{"rendered":"<div class=\"mh-excerpt\">El president Momp\u00f3 i la vicepresidenta primera i diputada d&#8217;Igualtat, Natalia Enguix, donen la benvinguda als 23 ajuntaments que s&#8217;adherixen a la Xarxa en l&#8217;assemblea celebrada a Alzira amb 200 responsables locals L&#8217;\u00e0rea de Cooperaci\u00f3 <a class=\"mh-excerpt-more\" href=\"https:\/\/www.tucomarca.com\/wordpress\/segunda\/ca\/la-diputacio-suma-211-municipis-a-la-seua-xarxa-contra-la-violencia-de-genere-que-sera-incentiu-per-a-les-inversions\/\" title=\"La Diputaci\u00f3 suma 211 municipis a la seua Xarxa contra la Viol\u00e8ncia de G\u00e8nere que ser\u00e0 incentiu per a les inversions\">[+] <\/a><\/div>\n","protected":false},"author":12,"featured_media":201537,"comment_status":"open","ping_status":"open","sticky":false,"template":"","format":"standard","meta":{"footnotes":""},"categories":[10889,10898,10948,10894,10902,10947,10896],"tags":[11246,19806,11356],"class_list":{"0":"post-201538","1":"post","2":"type-post","3":"status-publish","4":"format-standard","5":"has-post-thumbnail","7":"category-alzira-cat","8":"category-ventana-ca","9":"category-infraestructuras-ca","10":"category-la-comarca-ca","11":"category-la-ribera-ca","12":"category-politica","13":"category-seccion-ca","14":"tag-diputacio-de-valencia-ca","15":"tag-red-conta-la-violencia-de-genero-ca","16":"tag-ribera-alta-ca"},"_links":{"self":[{"href":"https:\/\/www.tucomarca.com\/wordpress\/segunda\/ca\/wp-json\/wp\/v2\/posts\/201538","targetHints":{"allow":["GET"]}}],"collection":[{"href":"https:\/\/www.tucomarca.com\/wordpress\/segunda\/ca\/wp-json\/wp\/v2\/posts"}],"about":[{"href":"https:\/\/www.tucomarca.com\/wordpress\/segunda\/ca\/wp-json\/wp\/v2\/types\/post"}],"author":[{"embeddable":true,"href":"https:\/\/www.tucomarca.com\/wordpress\/segunda\/ca\/wp-json\/wp\/v2\/users\/12"}],"replies":[{"embeddable":true,"href":"https:\/\/www.tucomarca.com\/wordpress\/segunda\/ca\/wp-json\/wp\/v2\/comments?post=201538"}],"version-history":[{"count":0,"href":"https:\/\/www.tucomarca.com\/wordpress\/segunda\/ca\/wp-json\/wp\/v2\/posts\/201538\/revisions"}],"wp:featuredmedia":[{"embeddable":true,"href":"https:\/\/www.tucomarca.com\/wordpress\/segunda\/ca\/wp-json\/wp\/v2\/media\/201537"}],"wp:attachment":[{"href":"https:\/\/www.tucomarca.com\/wordpress\/segunda\/ca\/wp-json\/wp\/v2\/media?parent=201538"}],"wp:term":[{"taxonomy":"category","embeddable":true,"href":"https:\/\/www.tucomarca.com\/wordpress\/segunda\/ca\/wp-json\/wp\/v2\/categories?post=201538"},{"taxonomy":"post_tag","embeddable":true,"href":"https:\/\/www.tucomarca.com\/wordpress\/segunda\/ca\/wp-json\/wp\/v2\/tags?post=201538"}],"curies":[{"name":"wp","href":"https:\/\/api.w.org\/{rel}","templated":true}]}}