{"id":201598,"date":"2023-10-27T10:00:00","date_gmt":"2023-10-27T08:00:00","guid":{"rendered":"https:\/\/www.tucomarca.com\/wordpress\/segunda\/?p=201598"},"modified":"2023-10-27T21:26:41","modified_gmt":"2023-10-27T19:26:41","slug":"el-cfpa-de-xest-es-coordina-amb-els-godelleta-i-bunyol-per-a-facilitar-a-la-poblacio-adulta-lobtencio-del-titol-de-graduat-en-educacio-secundaria","status":"publish","type":"post","link":"https:\/\/www.tucomarca.com\/wordpress\/segunda\/ca\/el-cfpa-de-xest-es-coordina-amb-els-godelleta-i-bunyol-per-a-facilitar-a-la-poblacio-adulta-lobtencio-del-titol-de-graduat-en-educacio-secundaria\/","title":{"rendered":"El CFPA de Xest es coordina amb els Godelleta i Bunyol per a facilitar a la poblaci\u00f3 adulta l&#8217;obtenci\u00f3 del t\u00edtol de Graduat en Educaci\u00f3 Secund\u00e0ria"},"content":{"rendered":"\n<p>El Centre de Formaci\u00f3 de Persones Adultes (CFPA) de Xest desenvolupar\u00e0 un projecte d&#8217;investigaci\u00f3 i innovaci\u00f3 pedag\u00f2gica subvencionat per la Conselleria d&#8217;Educaci\u00f3 per a facilitar a les persones adultes de les poblacions ve\u00efnes l&#8217;obtenci\u00f3 del t\u00edtol de Graduat en Educaci\u00f3 Secund\u00e0ria. Concretament, el projecte involucra als Centres de Formaci\u00f3 de Persones Adultes de Godelleta i Bunyol, que fins al moment nom\u00e9s preparaven al seu alumnat per a presentar-se a la prova lliure per a l&#8217;obtenci\u00f3 del t\u00edtol. Amb el desenvolupament d&#8217;esta nova iniciativa estos centres estaran coordinats amb el Xest quant als continguts, materials did\u00e0ctics i estrat\u00e8gies metodol\u00f2giques, de manera que l&#8217;alumnat, des del seu propi centre, podr\u00e0 beneficiar-se d&#8217;un enfocament m\u00e9s pr\u00e0ctic i adaptat a les seues necessitats. L&#8217;avaluaci\u00f3 es realitzar\u00e0 des del CFPA de Xest, ja que \u00e9s l&#8217;\u00fanic autoritzat per a sol\u00b7licitar l&#8217;expedici\u00f3 del t\u00edtol. Aix\u00ed, l&#8217;alumnat dels centres de Godelleta i Bunyol podr\u00e0 ser proposat per a l&#8217;obtenci\u00f3 del graduat sense necessitat de presentar-se a la prova lliure.<br>\u201cEstem molt satisfets que Conselleria ens haja subvencionat este projecte, amb el qual pretenem que les persones adultes de poblacions ve\u00efnes tinguen m\u00e9s possibilitats d&#8217;obtindre el t\u00edtol de Graduat en Educaci\u00f3 Secund\u00e0ria, que \u00e9s tan important, ja que la preparaci\u00f3 per a la prova lliure \u00e9s m\u00e9s dura i no s&#8217;obtenen en general tan bons resultats com amb la metodologia que seguim nosaltres, en la qual l&#8217;alumnat \u00e9s el centre d&#8217;inter\u00e9s i s&#8217;aposta per un aprenentatge significatiu, en un marc flexible i adaptat als seus interessos\u201d, ha explicat el director de l&#8217;escola, \u00c1ngel Garc\u00eda Verduch.<br>Amb este projecte tamb\u00e9 es pret\u00e9n millorar la relaci\u00f3 entre els tres centres participants per a poder aprofitar millor els recursos, presentar una oferta educativa unificada, millorar l&#8217;\u00fas de les tecnologies i plantejar activitats extraescolars intercentres, entre altres objectius.<br>\u201cEl t\u00edtol de Graduat en Educaci\u00f3 Secund\u00e0ria \u00e9s un requisit indispensable per a poder optar a la majoria de les ofertes laborals, per a accedir a formacions superiors o a les convocat\u00f2ries d&#8217;oposicions, per aix\u00f2 \u00e9s important millorar els programes educatius que condueixen a la seua obtenci\u00f3\u201d, ha apuntat la Regidora d&#8217;Educaci\u00f3, M\u00aa \u00c1ngeles Llorente. \u201cFelicite l&#8217;equip docent del CFPA de Xest per la bona faena realitzada en la preparaci\u00f3 d&#8217;este projecte\u201d.<\/p>\n","protected":false},"excerpt":{"rendered":"<div class=\"mh-excerpt\">El Centre de Formaci\u00f3 de Persones Adultes (CFPA) de Xest desenvolupar\u00e0 un projecte d&#8217;investigaci\u00f3 i innovaci\u00f3 pedag\u00f2gica subvencionat per la Conselleria d&#8217;Educaci\u00f3 per a facilitar a les persones adultes de les poblacions ve\u00efnes l&#8217;obtenci\u00f3 del <a class=\"mh-excerpt-more\" href=\"https:\/\/www.tucomarca.com\/wordpress\/segunda\/ca\/el-cfpa-de-xest-es-coordina-amb-els-godelleta-i-bunyol-per-a-facilitar-a-la-poblacio-adulta-lobtencio-del-titol-de-graduat-en-educacio-secundaria\/\" title=\"El CFPA de Xest es coordina amb els Godelleta i Bunyol per a facilitar a la poblaci\u00f3 adulta l&#8217;obtenci\u00f3 del t\u00edtol de Graduat en Educaci\u00f3 Secund\u00e0ria\">[+] <\/a><\/div>\n","protected":false},"author":12,"featured_media":104697,"comment_status":"open","ping_status":"open","sticky":false,"template":"","format":"standard","meta":{"footnotes":""},"categories":[10911,10977,10948,10894,10912,11007,10896,10974],"tags":[10913,11071,11087,10914],"class_list":{"0":"post-201598","1":"post","2":"type-post","3":"status-publish","4":"format-standard","5":"has-post-thumbnail","7":"category-bunol-ca","8":"category-godelleta-ca","9":"category-infraestructuras-ca","10":"category-la-comarca-ca","11":"category-la-hoya-ca","12":"category-ocio-y-cultura-ca","13":"category-seccion-ca","14":"category-cheste-ca","15":"tag-bunol-ca","16":"tag-cheste","17":"tag-godelleta-ca","18":"tag-la-hoya-de-bunol-chiva-ca"},"_links":{"self":[{"href":"https:\/\/www.tucomarca.com\/wordpress\/segunda\/ca\/wp-json\/wp\/v2\/posts\/201598","targetHints":{"allow":["GET"]}}],"collection":[{"href":"https:\/\/www.tucomarca.com\/wordpress\/segunda\/ca\/wp-json\/wp\/v2\/posts"}],"about":[{"href":"https:\/\/www.tucomarca.com\/wordpress\/segunda\/ca\/wp-json\/wp\/v2\/types\/post"}],"author":[{"embeddable":true,"href":"https:\/\/www.tucomarca.com\/wordpress\/segunda\/ca\/wp-json\/wp\/v2\/users\/12"}],"replies":[{"embeddable":true,"href":"https:\/\/www.tucomarca.com\/wordpress\/segunda\/ca\/wp-json\/wp\/v2\/comments?post=201598"}],"version-history":[{"count":0,"href":"https:\/\/www.tucomarca.com\/wordpress\/segunda\/ca\/wp-json\/wp\/v2\/posts\/201598\/revisions"}],"wp:featuredmedia":[{"embeddable":true,"href":"https:\/\/www.tucomarca.com\/wordpress\/segunda\/ca\/wp-json\/wp\/v2\/media\/104697"}],"wp:attachment":[{"href":"https:\/\/www.tucomarca.com\/wordpress\/segunda\/ca\/wp-json\/wp\/v2\/media?parent=201598"}],"wp:term":[{"taxonomy":"category","embeddable":true,"href":"https:\/\/www.tucomarca.com\/wordpress\/segunda\/ca\/wp-json\/wp\/v2\/categories?post=201598"},{"taxonomy":"post_tag","embeddable":true,"href":"https:\/\/www.tucomarca.com\/wordpress\/segunda\/ca\/wp-json\/wp\/v2\/tags?post=201598"}],"curies":[{"name":"wp","href":"https:\/\/api.w.org\/{rel}","templated":true}]}}