{"id":201769,"date":"2023-10-31T08:30:00","date_gmt":"2023-10-31T06:30:00","guid":{"rendered":"https:\/\/www.tucomarca.com\/wordpress\/segunda\/?p=201769"},"modified":"2023-10-31T15:05:39","modified_gmt":"2023-10-31T13:05:39","slug":"amic-nous-talents-el-concurs-que-apropa-als-universitaris-als-mitjans-de-proximitat-a-traves-de-la-creacio-de-continguts-en-nous-formats","status":"publish","type":"post","link":"https:\/\/www.tucomarca.com\/wordpress\/segunda\/ca\/amic-nous-talents-el-concurs-que-apropa-als-universitaris-als-mitjans-de-proximitat-a-traves-de-la-creacio-de-continguts-en-nous-formats\/","title":{"rendered":"AMIC-Nous Talents, el concurs que apropa als universitaris als mitjans de proximitat a trav\u00e9s de la creaci\u00f3 de continguts en nous formats"},"content":{"rendered":"\n<p>Els participants han de triar una categoria i un format entre v\u00eddeos curts i p\u00f2dcast o v\u00eddeo p\u00f2dcast per crear el seu projecte de comunicaci\u00f3<\/p>\n\n\n\n<p>Acostar la informaci\u00f3 de proximitat en catal\u00e0 a les noves generacions \u00e9s un dels reptes que t\u00e9 l\u2019Associaci\u00f3 de Mitjans d\u2019Informaci\u00f3 i Comunicaci\u00f3 (AMIC) qui aglutina a m\u00e9s de cinc-centes trenta cap\u00e7aleres en paper i mitjans digitals de proximitat. Amb aquest objectiu, l\u2019entitat ha creat el concurs AMIC-Nous Talents, una iniciativa adre\u00e7ada a joves universitaris vinculats amb el m\u00f3n de la comunicaci\u00f3 i que consisteix a crear contingut en catal\u00e0 a trav\u00e9s de nous formats per a les xarxes socials com s\u00f3n els v\u00eddeos curts (estil Reels) i els p\u00f2dcasts o v\u00eddeo p\u00f2dcast.<\/p>\n\n\n\n<p><strong>En qu\u00e8 consisteix el concurs<\/strong><\/p>\n\n\n\n<p>AMIC-Nous Talents s\u2019estructura en dues fases: per una banda, la creaci\u00f3 d\u2019un projecte de comunicaci\u00f3 en format v\u00eddeo curt o p\u00f2dcast\/ v\u00eddeo p\u00f2dcast i per l\u2019altre, la possibilitat de fer pr\u00e0ctiques remunerades a un dels mitjans de comunicaci\u00f3 de l\u2019AMIC que participen en la iniciativa.<\/p>\n\n\n\n<p>Els participants hauran de ser estudiants universitaris que estiguin cursant una carrera vinculada amb la comunicaci\u00f3 i que tinguin entre 18 i 25 anys. En el moment de registrar-se hauran de triar entre quatre categories: cultura, oci i turisme, actualitat de proximitat o esports, i el format en qu\u00e8 volen participar: v\u00eddeo curt o p\u00f2dcast \/ v\u00eddeo p\u00f2dcast. Un cop ho tinguin seleccionat hauran de crear un projecte (br\u00edfing) on es demostri la viabilitat del mateix i l\u2019aplicaci\u00f3 a un mitj\u00e0 de proximitat, a m\u00e9s de fer exemples pr\u00e0ctics sobre aquest.<\/p>\n\n\n\n<p>M\u00e9s informaci\u00f3: www.amicnoustalents.cat | info@amicnoustalents.cat<\/p>\n\n\n\n<p><strong>La Masia del Nou Talent<\/strong><\/p>\n\n\n\n<p>Quan s\u2019hagin seleccionat els participants finalistes, aquests seran convocats a \u201cLa Masia del Nou Talent\u201d, una jornada presencial d\u2019activitats avaluables, on se\u2019ls demanar\u00e0 que facin 3 proves puntuables vinculades amb: la gesti\u00f3 del temps, el treball en equip i la creaci\u00f3 de continguts informatius. En acabar la jornada, el jurat designar\u00e0 els guanyadors de cada format, i es far\u00e0 el lliurament de premis. I durant les setmanes seg\u00fcents es realitzar\u00e0 el draft entre les empreses de mitjans que participen i els guanyadors i finalistes del concurs, que tindran la possibilitat de fer pr\u00e0ctiques remunerades.<\/p>\n\n\n\n<p><strong>Els premis<\/strong><\/p>\n\n\n\n<p>La primera fase del concurs premiar\u00e0 ambdues modalitats v\u00eddeos curts i p\u00f2dcast \/ v\u00eddeo p\u00f2dcast amb 800, 400 i 200 euros que correspondran al primer, segon i tercer premi de cada categoria. La segona fase oferir\u00e0 la possibilitat de fer pr\u00e0ctiques remunerades d\u2019una duraci\u00f3 de 4 mesos a un dels mitjans que participen en el concurs, entre els finalistes i guanyadors.<\/p>\n\n\n\n<p><strong>Calendari<\/strong><\/p>\n\n\n\n<p>El concurs s\u2019inicia el 2 d\u2019octubre i la fase creativa es desenvolupa entre el 9 d\u2019octubre i el 6 de novembre, en aquest per\u00edode els participants hauran de presentar els seus projectes. El 15 de novembre es donaran a con\u00e8ixer els finalistes i el dia 25 d\u2019aquest mateix mes es dur\u00e0 a terme \u201cLa Masia del Nou Talent\u201d. La publicaci\u00f3 dels convenis de pr\u00e0ctiques es far\u00e0 durant el mes de desembre.<\/p>\n\n\n\n<p><strong>L\u2019AMIC, entitat organitzadora<\/strong><\/p>\n\n\n\n<p>L\u2019Associaci\u00f3 de Mitjans d\u2019Informaci\u00f3 i Comunicaci\u00f3, entitat amb m\u00e9s de vint-i-cinc anys d\u2019hist\u00f2ria, representa a m\u00e9s de cinc-centes trenta publicacions en paper i mitjans digitals fortament arrelades arreu de Catalunya, les Illes Balears, Pa\u00eds Valenci\u00e0 i la Catalunya del Nord. Conjuntament, aquests mitjans arriben a una tirada en premsa d\u20191.200.000 exemplars, mentre que en digital superen els 14.000.000 navegadors \u00fanics mensuals.<\/p>\n\n\n\n<p><\/p>\n","protected":false},"excerpt":{"rendered":"<div class=\"mh-excerpt\">Els participants han de triar una categoria i un format entre v\u00eddeos curts i p\u00f2dcast o v\u00eddeo p\u00f2dcast per crear el seu projecte de comunicaci\u00f3 Acostar la informaci\u00f3 de proximitat en catal\u00e0 a les noves <a class=\"mh-excerpt-more\" href=\"https:\/\/www.tucomarca.com\/wordpress\/segunda\/ca\/amic-nous-talents-el-concurs-que-apropa-als-universitaris-als-mitjans-de-proximitat-a-traves-de-la-creacio-de-continguts-en-nous-formats\/\" title=\"AMIC-Nous Talents, el concurs que apropa als universitaris als mitjans de proximitat a trav\u00e9s de la creaci\u00f3 de continguts en nous formats\">[+] <\/a><\/div>\n","protected":false},"author":12,"featured_media":201768,"comment_status":"open","ping_status":"open","sticky":false,"template":"","format":"standard","meta":{"footnotes":""},"categories":[10894,10904,11007,10896],"tags":[11199],"class_list":{"0":"post-201769","1":"post","2":"type-post","3":"status-publish","4":"format-standard","5":"has-post-thumbnail","7":"category-la-comarca-ca","8":"category-sin-categorizar-ca","9":"category-ocio-y-cultura-ca","10":"category-seccion-ca","11":"tag-la-comunitat-ca"},"_links":{"self":[{"href":"https:\/\/www.tucomarca.com\/wordpress\/segunda\/ca\/wp-json\/wp\/v2\/posts\/201769","targetHints":{"allow":["GET"]}}],"collection":[{"href":"https:\/\/www.tucomarca.com\/wordpress\/segunda\/ca\/wp-json\/wp\/v2\/posts"}],"about":[{"href":"https:\/\/www.tucomarca.com\/wordpress\/segunda\/ca\/wp-json\/wp\/v2\/types\/post"}],"author":[{"embeddable":true,"href":"https:\/\/www.tucomarca.com\/wordpress\/segunda\/ca\/wp-json\/wp\/v2\/users\/12"}],"replies":[{"embeddable":true,"href":"https:\/\/www.tucomarca.com\/wordpress\/segunda\/ca\/wp-json\/wp\/v2\/comments?post=201769"}],"version-history":[{"count":0,"href":"https:\/\/www.tucomarca.com\/wordpress\/segunda\/ca\/wp-json\/wp\/v2\/posts\/201769\/revisions"}],"wp:featuredmedia":[{"embeddable":true,"href":"https:\/\/www.tucomarca.com\/wordpress\/segunda\/ca\/wp-json\/wp\/v2\/media\/201768"}],"wp:attachment":[{"href":"https:\/\/www.tucomarca.com\/wordpress\/segunda\/ca\/wp-json\/wp\/v2\/media?parent=201769"}],"wp:term":[{"taxonomy":"category","embeddable":true,"href":"https:\/\/www.tucomarca.com\/wordpress\/segunda\/ca\/wp-json\/wp\/v2\/categories?post=201769"},{"taxonomy":"post_tag","embeddable":true,"href":"https:\/\/www.tucomarca.com\/wordpress\/segunda\/ca\/wp-json\/wp\/v2\/tags?post=201769"}],"curies":[{"name":"wp","href":"https:\/\/api.w.org\/{rel}","templated":true}]}}