{"id":201785,"date":"2023-10-31T08:00:00","date_gmt":"2023-10-31T06:00:00","guid":{"rendered":"https:\/\/www.tucomarca.com\/wordpress\/segunda\/?p=201785"},"modified":"2023-10-31T14:53:03","modified_gmt":"2023-10-31T12:53:03","slug":"opinio-a-boca-de-cano-carta-a-un-periodista-per-joseh-larrazabal","status":"publish","type":"post","link":"https:\/\/www.tucomarca.com\/wordpress\/segunda\/ca\/opinio-a-boca-de-cano-carta-a-un-periodista-per-joseh-larrazabal\/","title":{"rendered":"Opini\u00f3: A boca de can\u00f3: &#8220;Carta a un periodista&#8221;, per J\u00f3seh Larraz\u00e1bal"},"content":{"rendered":"\n<figure class=\"wp-block-image size-large is-resized\"><img loading=\"lazy\" decoding=\"async\" src=\"http:\/\/www.tucomarca.com\/wordpress\/segunda\/wp-content\/uploads\/2021\/07\/JoseLarrazabal-1024x1024.jpg\" alt=\"\" class=\"wp-image-136627\" width=\"171\" height=\"171\" srcset=\"https:\/\/www.tucomarca.com\/wordpress\/segunda\/wp-content\/uploads\/2021\/07\/JoseLarrazabal-1024x1024.jpg 1024w, https:\/\/www.tucomarca.com\/wordpress\/segunda\/wp-content\/uploads\/2021\/07\/JoseLarrazabal-300x300.jpg 300w, https:\/\/www.tucomarca.com\/wordpress\/segunda\/wp-content\/uploads\/2021\/07\/JoseLarrazabal-290x290.jpg 290w, https:\/\/www.tucomarca.com\/wordpress\/segunda\/wp-content\/uploads\/2021\/07\/JoseLarrazabal-768x768.jpg 768w, https:\/\/www.tucomarca.com\/wordpress\/segunda\/wp-content\/uploads\/2021\/07\/JoseLarrazabal.jpg 1086w\" sizes=\"auto, (max-width: 171px) 100vw, 171px\" \/><\/figure>\n\n\n\n<p>Bon programa, Pedro.<br>Excel\u00b7lent exposici\u00f3 del tema del nou estadi.<br>Coincidisc amb tu: Peter Lim ha d&#8217;eixir del vcf i no hi ha &#8220;conveni&#8221; que valga, \u00e9s una vergonya que encara continue dirigint els destins d&#8217;aquest club centenari. Cada punt que aconsegueix l&#8217;equip en un punt m\u00e9s que va al caseller de Lim.Cada partit que guanya el Val\u00e8ncia enforteix m\u00e9s la pres\u00e8ncia de Meriton i dificulta m\u00e9s la seua eixida del club.<br>Estic conven\u00e7ut que l&#8217;afici\u00f3 del vcf \u00e9s la major aliada del m\u00e0xim accionista.es inconcebible que acudisquen 45.000 espectadors a Mestalla, \u00e9s inconcebible que 35.000 abonats hagen renovat les seues passades, i \u00e9s inaudit que que les botigues del vcf continuen donant beneficis.<br>Tot aix\u00f2 \u00e9s el que enforteix la perman\u00e8ncia d&#8217;eixe senyor en el vcf i el que impedeix la seua marxa.<br>Nom\u00e9s buidar Mestalla i minimitzar els seus beneficis podria fer-li reflexionar sobre la idone\u00eftat de la seua continu\u00eftat en aquest club.<br>Estic conven\u00e7ut d&#8217;aix\u00f2 i per aix\u00f2 he deixat de renovar el meu abonament, no vaig a Mestalla, i a penes veig partits del vcf per TV, per descomptat no compre ni una gorra a les botigues vcf.<br>Quant a Baralla i la marxa de l&#8217;equip, entenc que ara el politicamente correcte \u00e9s a dir el que han dit hui Ca\u00f1izares i Mista i no cap una altra. Per\u00f2 estic d&#8217;acord en una cosa: queda molt i 11 criatures procedents de 3a divisi\u00f3 no aguantaran tota la temporada. De totes maneres vull recordar que van els novens i aix\u00f2 no \u00e9s motiu d&#8217;orgull per a un Val\u00e8ncia que ha d&#8217;aspirar a lluitar per tot cada any. Encara que s\u00ed que sembla ser-ho per a una afici\u00f3 conformista i sense ambici\u00f3.<br>Jo, en el meu programa de R\u00e0dio Bunyol, cada vegada li done menys cabuda al vcf.<br>El desagafe i la desafecci\u00f3 m&#8217;envaeixen jo no tinc per qu\u00e8 ser pol\u00edticament correcte encara que en dies com hui no quede una altra opci\u00f3 i ho entenc.<br>Jo ahir vaig veure al pitjor Athletic des de fa molts anys. Aquest Val\u00e8ncia est\u00e0 format per xavals joves procedents de divisions inferiors que nom\u00e9s saben c\u00f3rrer com a pedrissos sense cap i, com he dit anteriorment, no aguantaran tota la temporada. La segona volta \u00e9s dura i arribaran lesions, cansament i altres circumst\u00e0ncies, Baralla haur\u00e0 de tirar de fons d&#8217;armari, una cosa de la qual manca.<br>Parlant del Pipo, ha sabut inculcar als jugadors il\u00b7lusi\u00f3, ganes i poc m\u00e9s.<br>\u00c9s un entrenador noven\u00e7\u00e0 que dirigeix a jugadors noven\u00e7ans i cal ser realistes, miracles en el futbol\u2026pocs i nom\u00e9s a un partit, aquests no donen per a guanyar una Lliga.<br>Coincidisc amb tu i amb la teua visi\u00f3 sobre la situaci\u00f3 del Val\u00e8ncia per\u00f2 he lluitat tant per aquest club que m&#8217;he cremat. El desagafe i la desafecci\u00f3 s\u00f3n els meus companys de viatge.<br>Gr\u00e0cies per fer un programa per a adults ja que la majoria d&#8217;emissores nom\u00e9s fan programes per a adolescents oblidant que en l&#8217;afici\u00f3 del vcf tamb\u00e9 hi ha gent madura, intel\u00b7ligent i capa\u00e7 de pensar per si mateixa.<br>Sent no poder col\u00b7laborar amb tu com ho haguera fet fa algun temps per\u00f2, com a s\u00f2l dir, ara mateix soc un Valencianista en&nbsp;<em>estand bye<\/em>, almenys mentre Lim seguisca en aquest club. I si alguna vegada es va em costar\u00e0 molt oblidar tantes decepcions, tanta hipocresia, i tantes caretes com han caigut, per\u00f2 el que m\u00e9s em costar\u00e0 \u00e9s el comportament de l&#8217;afici\u00f3 del Val\u00e8ncia i la poca resist\u00e8ncia a la manipulaci\u00f3, una manipulaci\u00f3 procedent d&#8217;alguns mitjans de comunicaci\u00f3 mal anomenats Valencianistes, perqu\u00e8 el que eixos mitjans fan est\u00e0 molt lluny d&#8217;ajudar al club, la qual cosa ells fan es diu destrossar l&#8217;orgull, l&#8217;honor i l&#8217;ambici\u00f3 d&#8217;una entitat l&#8217;objectiu de la qual deberia ser lluitar per tots els t\u00edtols i glorificar l&#8217;escut.<br>Moratas hi ha molt pocs.<br>Han fet del vcf un club xicotet i sense ambici\u00f3.<br>Segueix en la bretxa com sempre has fet, per\u00f2 amb aquest entorn que envolta al club estic conven\u00e7ut que Lim nom\u00e9s s&#8217;anir\u00e0 quan ell vulga anar-se.<br>Ah, i felicitats per la visi\u00f3 que tens dels pol\u00edtics Valencians, a ells el vcf no els importa en absolut, nom\u00e9s actuen de la forma m\u00e9s convenient per als seus interessos pol\u00edtics.<br>Et continuar\u00e9 escoltant per quin solo tu i alguna excepci\u00f3 sou dignes de respecte.<br>Gr\u00e0cies per tot<br>Una abra\u00e7ada gran.<\/p>\n","protected":false},"excerpt":{"rendered":"<div class=\"mh-excerpt\">Bon programa, Pedro.Excel\u00b7lent exposici\u00f3 del tema del nou estadi.Coincidisc amb tu: Peter Lim ha d&#8217;eixir del vcf i no hi ha &#8220;conveni&#8221; que valga, \u00e9s una vergonya que encara continue dirigint els destins d&#8217;aquest club <a class=\"mh-excerpt-more\" href=\"https:\/\/www.tucomarca.com\/wordpress\/segunda\/ca\/opinio-a-boca-de-cano-carta-a-un-periodista-per-joseh-larrazabal\/\" title=\"Opini\u00f3: A boca de can\u00f3: &#8220;Carta a un periodista&#8221;, per J\u00f3seh Larraz\u00e1bal\">[+] <\/a><\/div>\n","protected":false},"author":12,"featured_media":136628,"comment_status":"open","ping_status":"open","sticky":false,"template":"","format":"standard","meta":{"footnotes":""},"categories":[11014,11003,10894,11021,12000,10896],"tags":[10913,10914,12606],"class_list":{"0":"post-201785","1":"post","2":"type-post","3":"status-publish","4":"format-standard","5":"has-post-thumbnail","7":"category-canal-valencia-cf-ca","8":"category-sports","9":"category-la-comarca-ca","10":"category-opinion-ca-2","11":"category-opinion-lectores-ca","12":"category-seccion-ca","13":"tag-bunol-ca","14":"tag-la-hoya-de-bunol-chiva-ca","15":"tag-valencia-cf-ca"},"_links":{"self":[{"href":"https:\/\/www.tucomarca.com\/wordpress\/segunda\/ca\/wp-json\/wp\/v2\/posts\/201785","targetHints":{"allow":["GET"]}}],"collection":[{"href":"https:\/\/www.tucomarca.com\/wordpress\/segunda\/ca\/wp-json\/wp\/v2\/posts"}],"about":[{"href":"https:\/\/www.tucomarca.com\/wordpress\/segunda\/ca\/wp-json\/wp\/v2\/types\/post"}],"author":[{"embeddable":true,"href":"https:\/\/www.tucomarca.com\/wordpress\/segunda\/ca\/wp-json\/wp\/v2\/users\/12"}],"replies":[{"embeddable":true,"href":"https:\/\/www.tucomarca.com\/wordpress\/segunda\/ca\/wp-json\/wp\/v2\/comments?post=201785"}],"version-history":[{"count":0,"href":"https:\/\/www.tucomarca.com\/wordpress\/segunda\/ca\/wp-json\/wp\/v2\/posts\/201785\/revisions"}],"wp:featuredmedia":[{"embeddable":true,"href":"https:\/\/www.tucomarca.com\/wordpress\/segunda\/ca\/wp-json\/wp\/v2\/media\/136628"}],"wp:attachment":[{"href":"https:\/\/www.tucomarca.com\/wordpress\/segunda\/ca\/wp-json\/wp\/v2\/media?parent=201785"}],"wp:term":[{"taxonomy":"category","embeddable":true,"href":"https:\/\/www.tucomarca.com\/wordpress\/segunda\/ca\/wp-json\/wp\/v2\/categories?post=201785"},{"taxonomy":"post_tag","embeddable":true,"href":"https:\/\/www.tucomarca.com\/wordpress\/segunda\/ca\/wp-json\/wp\/v2\/tags?post=201785"}],"curies":[{"name":"wp","href":"https:\/\/api.w.org\/{rel}","templated":true}]}}