{"id":202121,"date":"2023-11-02T08:15:00","date_gmt":"2023-11-02T07:15:00","guid":{"rendered":"https:\/\/www.tucomarca.com\/wordpress\/segunda\/?p=202121"},"modified":"2023-11-02T19:48:37","modified_gmt":"2023-11-02T18:48:37","slug":"xest-celebra-halloween-amb-la-implicacio-del-comerc-local","status":"publish","type":"post","link":"https:\/\/www.tucomarca.com\/wordpress\/segunda\/ca\/xest-celebra-halloween-amb-la-implicacio-del-comerc-local\/","title":{"rendered":"Xest celebra Halloween amb la implicaci\u00f3 del comer\u00e7 local"},"content":{"rendered":"\n<p>Els carrers de Xest es van omplir de fam\u00edlies amb xiquetes i xiquets disfressats per a participar en la festa d&#8217;Halloween que va organitzar la Regidoria de Comer\u00e7, amb la col\u00b7laboraci\u00f3 dels negocis locals, aquest passat dimarts, 31 d&#8217;octubre.<br>A les 17.30, carabasses, dimonis, esquelets, fantasmes i vampirs, entre altres, es concentraven en la pla\u00e7a Doctor Cajal per a, m\u00e9s tard, unir-se a una desfilada amb animaci\u00f3, encap\u00e7alat pel cotxe dels Cazafantasmas, i recollir caramels en els comer\u00e7os participants en la campanya \u201cCompra a Xest, compra a casa\u201d. Per a aix\u00f2, l&#8217;Ajuntament va entregar als xiquets i xiquetes una cistella amb forma de carabassa. El recorregut va acabar de nou en la pla\u00e7a Doctor Cajal, on va comen\u00e7ar una discom\u00f3vil tematizada amb conegudes can\u00e7ons infantils d&#8217;Halloween i es van llan\u00e7ar de nou m\u00e9s caramels per part de l&#8217;Ajuntament.<br>\u201cPensem que era una bona idea organitzar una festa d&#8217;Halloween en la qual s&#8217;implicaren de nou els negocis locals; aix\u00ed hem aconseguit passar una vesprada molt agradable amb els xiquets i xiquetes i tamb\u00e9 hem donat visibilitat al nostre teixit comercial, fent una ruta en la qual hem visitat a totes les botigues participants en aquesta iniciativa, que s&#8217;han involucrat repartint caramels\u201d, destacava la regidora de Comer\u00e7, Brenda Jim\u00e9nez.<\/p>\n\n\n\n<figure class=\"wp-block-gallery has-nested-images columns-2 is-cropped wp-block-gallery-1 is-layout-flex wp-block-gallery-is-layout-flex\">\n<figure class=\"wp-block-image size-large\"><img loading=\"lazy\" decoding=\"async\" width=\"886\" height=\"591\" data-id=\"202115\" src=\"http:\/\/www.tucomarca.com\/wordpress\/segunda\/wp-content\/uploads\/2023\/11\/ChesteHalloween_18.jpg\" alt=\"\" class=\"wp-image-202115\" srcset=\"https:\/\/www.tucomarca.com\/wordpress\/segunda\/wp-content\/uploads\/2023\/11\/ChesteHalloween_18.jpg 886w, https:\/\/www.tucomarca.com\/wordpress\/segunda\/wp-content\/uploads\/2023\/11\/ChesteHalloween_18-300x200.jpg 300w, https:\/\/www.tucomarca.com\/wordpress\/segunda\/wp-content\/uploads\/2023\/11\/ChesteHalloween_18-768x512.jpg 768w\" sizes=\"auto, (max-width: 886px) 100vw, 886px\" \/><\/figure>\n\n\n\n<figure class=\"wp-block-image size-large\"><img loading=\"lazy\" decoding=\"async\" width=\"886\" height=\"591\" data-id=\"202111\" src=\"http:\/\/www.tucomarca.com\/wordpress\/segunda\/wp-content\/uploads\/2023\/11\/ChesteHalloween_16.jpg\" alt=\"\" class=\"wp-image-202111\" srcset=\"https:\/\/www.tucomarca.com\/wordpress\/segunda\/wp-content\/uploads\/2023\/11\/ChesteHalloween_16.jpg 886w, https:\/\/www.tucomarca.com\/wordpress\/segunda\/wp-content\/uploads\/2023\/11\/ChesteHalloween_16-300x200.jpg 300w, https:\/\/www.tucomarca.com\/wordpress\/segunda\/wp-content\/uploads\/2023\/11\/ChesteHalloween_16-768x512.jpg 768w\" sizes=\"auto, (max-width: 886px) 100vw, 886px\" \/><\/figure>\n\n\n\n<figure class=\"wp-block-image size-large\"><img loading=\"lazy\" decoding=\"async\" width=\"886\" height=\"591\" data-id=\"202113\" src=\"http:\/\/www.tucomarca.com\/wordpress\/segunda\/wp-content\/uploads\/2023\/11\/ChesteHalloween_17.jpg\" alt=\"\" class=\"wp-image-202113\" srcset=\"https:\/\/www.tucomarca.com\/wordpress\/segunda\/wp-content\/uploads\/2023\/11\/ChesteHalloween_17.jpg 886w, https:\/\/www.tucomarca.com\/wordpress\/segunda\/wp-content\/uploads\/2023\/11\/ChesteHalloween_17-300x200.jpg 300w, https:\/\/www.tucomarca.com\/wordpress\/segunda\/wp-content\/uploads\/2023\/11\/ChesteHalloween_17-768x512.jpg 768w\" sizes=\"auto, (max-width: 886px) 100vw, 886px\" \/><\/figure>\n<\/figure>\n","protected":false},"excerpt":{"rendered":"<div class=\"mh-excerpt\">Els carrers de Xest es van omplir de fam\u00edlies amb xiquetes i xiquets disfressats per a participar en la festa d&#8217;Halloween que va organitzar la Regidoria de Comer\u00e7, amb la col\u00b7laboraci\u00f3 dels negocis locals, aquest <a class=\"mh-excerpt-more\" href=\"https:\/\/www.tucomarca.com\/wordpress\/segunda\/ca\/xest-celebra-halloween-amb-la-implicacio-del-comerc-local\/\" title=\"Xest celebra Halloween amb la implicaci\u00f3 del comer\u00e7 local\">[+] <\/a><\/div>\n","protected":false},"author":12,"featured_media":202118,"comment_status":"open","ping_status":"open","sticky":false,"template":"","format":"gallery","meta":{"footnotes":""},"categories":[10894,10912,11007,10896,10974],"tags":[11071,12841,10914],"class_list":{"0":"post-202121","1":"post","2":"type-post","3":"status-publish","4":"format-gallery","5":"has-post-thumbnail","7":"category-la-comarca-ca","8":"category-la-hoya-ca","9":"category-ocio-y-cultura-ca","10":"category-seccion-ca","11":"category-cheste-ca","12":"tag-cheste","13":"tag-halloween-ca","14":"tag-la-hoya-de-bunol-chiva-ca","15":"post_format-post-format-gallery"},"_links":{"self":[{"href":"https:\/\/www.tucomarca.com\/wordpress\/segunda\/ca\/wp-json\/wp\/v2\/posts\/202121","targetHints":{"allow":["GET"]}}],"collection":[{"href":"https:\/\/www.tucomarca.com\/wordpress\/segunda\/ca\/wp-json\/wp\/v2\/posts"}],"about":[{"href":"https:\/\/www.tucomarca.com\/wordpress\/segunda\/ca\/wp-json\/wp\/v2\/types\/post"}],"author":[{"embeddable":true,"href":"https:\/\/www.tucomarca.com\/wordpress\/segunda\/ca\/wp-json\/wp\/v2\/users\/12"}],"replies":[{"embeddable":true,"href":"https:\/\/www.tucomarca.com\/wordpress\/segunda\/ca\/wp-json\/wp\/v2\/comments?post=202121"}],"version-history":[{"count":0,"href":"https:\/\/www.tucomarca.com\/wordpress\/segunda\/ca\/wp-json\/wp\/v2\/posts\/202121\/revisions"}],"wp:featuredmedia":[{"embeddable":true,"href":"https:\/\/www.tucomarca.com\/wordpress\/segunda\/ca\/wp-json\/wp\/v2\/media\/202118"}],"wp:attachment":[{"href":"https:\/\/www.tucomarca.com\/wordpress\/segunda\/ca\/wp-json\/wp\/v2\/media?parent=202121"}],"wp:term":[{"taxonomy":"category","embeddable":true,"href":"https:\/\/www.tucomarca.com\/wordpress\/segunda\/ca\/wp-json\/wp\/v2\/categories?post=202121"},{"taxonomy":"post_tag","embeddable":true,"href":"https:\/\/www.tucomarca.com\/wordpress\/segunda\/ca\/wp-json\/wp\/v2\/tags?post=202121"}],"curies":[{"name":"wp","href":"https:\/\/api.w.org\/{rel}","templated":true}]}}