{"id":202212,"date":"2023-11-04T14:05:00","date_gmt":"2023-11-04T13:05:00","guid":{"rendered":"https:\/\/www.tucomarca.com\/wordpress\/segunda\/?p=202212"},"modified":"2023-11-05T12:41:56","modified_gmt":"2023-11-05T11:41:56","slug":"la-unio-informa-que-el-fort-temporal-de-vent-provoca-ja-danys-importants-en-nombrosos-cultius","status":"publish","type":"post","link":"https:\/\/www.tucomarca.com\/wordpress\/segunda\/ca\/la-unio-informa-que-el-fort-temporal-de-vent-provoca-ja-danys-importants-en-nombrosos-cultius\/","title":{"rendered":"La Uni\u00f3 informa que el fort temporal de vent provoca ja danys importants en nombrosos cultius"},"content":{"rendered":"\n<h4 class=\"wp-block-heading\">Els danys que s&#8217;observen s\u00f3n per caiguda de fruita o impacte o per trencament de branques i brotades<\/h4>\n\n\n\n<h4 class=\"wp-block-heading\">L&#8217;organitzaci\u00f3 sol\u00b7licitar\u00e0 ajudes i mesures per als llauradors afectats<\/h4>\n\n\n\n<p>La Uni\u00f3 Llauradora informa que el temporal de vent dels \u00faltims dies, i que seguir\u00e0 segons les previsions durant els pr\u00f2xims, causa ja danys importants en bastants cultius del camp valenci\u00e0 com a conseq\u00fcencie de les fortes r\u00e0fegues amb les quals ve bufant.<\/p>\n\n\n\n<p>Els cultius on s&#8217;observen majors danys s\u00f3n els que es troben en l&#8217;actualitat en plena campanya de recol\u00b7lecci\u00f3 com \u00e9s el cas de caqui, alvocat, c\u00edtrics, olives i el perell\u00f3 de la Marina Alta.<\/p>\n\n\n\n<p>Els danys que es detecten s\u00f3n tant per caiguda de la fruita o impacte en les mateixes que les deprecia comercialment o per trencament de branques i brotades.<\/p>\n\n\n\n<p>En el cultiu del caqui, en plena campanya de recol\u00b7lecci\u00f3, provocar\u00e0 un rebuig elevat perqu\u00e8 qualsevol lleuger colp provoca que ja no servisca per a la seua comercialitzaci\u00f3.<\/p>\n\n\n\n<p>Cal assenyalar que el vent \u00e9s un risc meteorol\u00f2gic cobert per l&#8217;actual sistema d&#8217;assegurances agr\u00e0ries. La Uni\u00f3 va a sol\u00b7licitar a Agroseguro la r\u00e0pida peritaci\u00f3 dels danys en les parcel\u00b7les sinistrades.<\/p>\n\n\n\n<p>De la mateixa manera, l&#8217;organitzaci\u00f3 demanar\u00e0, una vegada finalitze aquest fort temporal de vent, una s\u00e8rie de mesures per als llauradors afectats. Entre elles ajudes directes, la condonaci\u00f3 de l&#8217;IBI de les parcel\u00b7les cultivades i construccions presents en elles, la bonificaci\u00f3 de les quotes de la Seguretat Social durant un any, l&#8217;establiment de pr\u00e9stecs amb inter\u00e9s subvencionat i tamb\u00e9 una s\u00e8rie d&#8217;actuacions i ajudes per a les cooperatives comercialitzadores afectades.<\/p>\n\n\n\n<p>Carles Peris, secretari general de la Uni\u00f3 Llauradora, indica que \u201caquest temporal de vent arriba en molt mal moment i s&#8217;uneix a aforaments de collites ja molt baixos en els cultius pels problemes meteorol\u00f2gics anteriors, per la qual cosa pot haver-hi problemes comercials en determinats moments si el minvament final de producci\u00f3 \u00e9s important\u201d.<\/p>\n","protected":false},"excerpt":{"rendered":"<div class=\"mh-excerpt\">Els danys que s&#8217;observen s\u00f3n per caiguda de fruita o impacte o per trencament de branques i brotades L&#8217;organitzaci\u00f3 sol\u00b7licitar\u00e0 ajudes i mesures per als llauradors afectats La Uni\u00f3 Llauradora informa que el temporal de <a class=\"mh-excerpt-more\" href=\"https:\/\/www.tucomarca.com\/wordpress\/segunda\/ca\/la-unio-informa-que-el-fort-temporal-de-vent-provoca-ja-danys-importants-en-nombrosos-cultius\/\" title=\"La Uni\u00f3 informa que el fort temporal de vent provoca ja danys importants en nombrosos cultius\">[+] <\/a><\/div>\n","protected":false},"author":12,"featured_media":202207,"comment_status":"open","ping_status":"open","sticky":false,"template":"","format":"standard","meta":{"footnotes":""},"categories":[10905,10898,10948,10894,10904,10902,10896,10897],"tags":[18022,13656],"class_list":{"0":"post-202212","1":"post","2":"type-post","3":"status-publish","4":"format-standard","5":"has-post-thumbnail","7":"category-agricultura-la-comarca-ca","8":"category-ventana-ca","9":"category-infraestructuras-ca","10":"category-la-comarca-ca","11":"category-sin-categorizar-ca","12":"category-la-ribera-ca","13":"category-seccion-ca","14":"category-sucesos-la-comarca-ca","15":"tag-la-unio-llauradora-ca","16":"tag-temporal-de-viento-ca"},"_links":{"self":[{"href":"https:\/\/www.tucomarca.com\/wordpress\/segunda\/ca\/wp-json\/wp\/v2\/posts\/202212","targetHints":{"allow":["GET"]}}],"collection":[{"href":"https:\/\/www.tucomarca.com\/wordpress\/segunda\/ca\/wp-json\/wp\/v2\/posts"}],"about":[{"href":"https:\/\/www.tucomarca.com\/wordpress\/segunda\/ca\/wp-json\/wp\/v2\/types\/post"}],"author":[{"embeddable":true,"href":"https:\/\/www.tucomarca.com\/wordpress\/segunda\/ca\/wp-json\/wp\/v2\/users\/12"}],"replies":[{"embeddable":true,"href":"https:\/\/www.tucomarca.com\/wordpress\/segunda\/ca\/wp-json\/wp\/v2\/comments?post=202212"}],"version-history":[{"count":0,"href":"https:\/\/www.tucomarca.com\/wordpress\/segunda\/ca\/wp-json\/wp\/v2\/posts\/202212\/revisions"}],"wp:featuredmedia":[{"embeddable":true,"href":"https:\/\/www.tucomarca.com\/wordpress\/segunda\/ca\/wp-json\/wp\/v2\/media\/202207"}],"wp:attachment":[{"href":"https:\/\/www.tucomarca.com\/wordpress\/segunda\/ca\/wp-json\/wp\/v2\/media?parent=202212"}],"wp:term":[{"taxonomy":"category","embeddable":true,"href":"https:\/\/www.tucomarca.com\/wordpress\/segunda\/ca\/wp-json\/wp\/v2\/categories?post=202212"},{"taxonomy":"post_tag","embeddable":true,"href":"https:\/\/www.tucomarca.com\/wordpress\/segunda\/ca\/wp-json\/wp\/v2\/tags?post=202212"}],"curies":[{"name":"wp","href":"https:\/\/api.w.org\/{rel}","templated":true}]}}