{"id":202220,"date":"2023-11-04T14:00:00","date_gmt":"2023-11-04T13:00:00","guid":{"rendered":"https:\/\/www.tucomarca.com\/wordpress\/segunda\/?p=202220"},"modified":"2023-11-05T12:31:17","modified_gmt":"2023-11-05T11:31:17","slug":"ava-asaja-estima-danys-pels-forts-torbs-a-la-comunitat-valenciana","status":"publish","type":"post","link":"https:\/\/www.tucomarca.com\/wordpress\/segunda\/ca\/ava-asaja-estima-danys-pels-forts-torbs-a-la-comunitat-valenciana\/","title":{"rendered":"AVA-Asaja estima danys pels forts torbs a la Comunitat Valenciana"},"content":{"rendered":"\n<h4 class=\"wp-block-heading\">El caqui, els c\u00edtrics, l&#8217;olivera i l&#8217;alvocat seran els grans afectats pel temporal en totes les comarques de Val\u00e8ncia i Castell\u00f3<\/h4>\n\n\n\n<p>AVA-Asaja alerta dels possibles danys que patiran els cultius derivats dels forts torbs que assoten la Comunitat Valenciana. Tant a l&#8217;interior de la prov\u00edncia valenciana, com a Castell\u00f3, ja s&#8217;ha decretat alerta taronja i s&#8217;han comptabilitzat vents de fins a 108 quil\u00f2metres per hora.&nbsp;<br><br>Notificats ja els primers danys en cultius agraris, \u00e9s el cas del caqui el que m\u00e9s preocupa els agricultors. Trobant-se en plena campanya de recol\u00b7lecci\u00f3, el focus de la preocupaci\u00f3 se situa en aquests fruits que poden patir danys per ramejat i per trencament, causant una depreciaci\u00f3 comercial. Les branques del caqui s\u00f3n fr\u00e8vols, i el fruit, la pell del qual \u00e9s sensible als colps, ara est\u00e0 madur i \u00e9s pesat, estant m\u00e9s exposat als trencaments provocats pels vents huracanats. Els termes municipals m\u00e9s afectats fins a la data han sigut Camp de T\u00faria, la Ribera Alta, l&#8217;Horta de Val\u00e8ncia i la Costera.<br><br>Encara que en bastant menor mesura, els c\u00edtrics, l&#8217;alvocat i l&#8217;olivera tamb\u00e9 es troben en el punt de mira de la preocupaci\u00f3 pel temporal. De fet, els agricultors de la zona ja han indicat danys a Camp de T\u00faria, la Ribera Alta, l&#8217;Horta de Val\u00e8ncia, la Costera i la Marina Alta.<br><br>AVA-Asaja informa que encara no \u00e9s possible realitzar una valoraci\u00f3 econ\u00f2mica de les p\u00e8rdues, pel fet que no es preveu una frenada dels vents fins al dilluns 6 de novembre. No obstant aix\u00f2, manifesten la preocupaci\u00f3 per les possibles p\u00e8rdues en quantitat i qualitat que poden patir els agricultors de la zona.<\/p>\n","protected":false},"excerpt":{"rendered":"<div class=\"mh-excerpt\">El caqui, els c\u00edtrics, l&#8217;olivera i l&#8217;alvocat seran els grans afectats pel temporal en totes les comarques de Val\u00e8ncia i Castell\u00f3 AVA-Asaja alerta dels possibles danys que patiran els cultius derivats dels forts torbs que <a class=\"mh-excerpt-more\" href=\"https:\/\/www.tucomarca.com\/wordpress\/segunda\/ca\/ava-asaja-estima-danys-pels-forts-torbs-a-la-comunitat-valenciana\/\" title=\"AVA-Asaja estima danys pels forts torbs a la Comunitat Valenciana\">[+] <\/a><\/div>\n","protected":false},"author":12,"featured_media":202219,"comment_status":"open","ping_status":"open","sticky":false,"template":"","format":"standard","meta":{"footnotes":""},"categories":[10905,10892,10898,10948,10894,10904,10896,10897],"tags":[11924,14614,12409,13413],"class_list":{"0":"post-202220","1":"post","2":"type-post","3":"status-publish","4":"format-standard","5":"has-post-thumbnail","7":"category-agricultura-la-comarca-ca","8":"category-camp-de-turia-ca","9":"category-ventana-ca","10":"category-infraestructuras-ca","11":"category-la-comarca-ca","12":"category-sin-categorizar-ca","13":"category-seccion-ca","14":"category-sucesos-la-comarca-ca","15":"tag-ava-asaja-ca","16":"tag-caqui-ca","17":"tag-citricos-valencianos-ca","18":"tag-fuertes-vientos-ca"},"_links":{"self":[{"href":"https:\/\/www.tucomarca.com\/wordpress\/segunda\/ca\/wp-json\/wp\/v2\/posts\/202220","targetHints":{"allow":["GET"]}}],"collection":[{"href":"https:\/\/www.tucomarca.com\/wordpress\/segunda\/ca\/wp-json\/wp\/v2\/posts"}],"about":[{"href":"https:\/\/www.tucomarca.com\/wordpress\/segunda\/ca\/wp-json\/wp\/v2\/types\/post"}],"author":[{"embeddable":true,"href":"https:\/\/www.tucomarca.com\/wordpress\/segunda\/ca\/wp-json\/wp\/v2\/users\/12"}],"replies":[{"embeddable":true,"href":"https:\/\/www.tucomarca.com\/wordpress\/segunda\/ca\/wp-json\/wp\/v2\/comments?post=202220"}],"version-history":[{"count":0,"href":"https:\/\/www.tucomarca.com\/wordpress\/segunda\/ca\/wp-json\/wp\/v2\/posts\/202220\/revisions"}],"wp:featuredmedia":[{"embeddable":true,"href":"https:\/\/www.tucomarca.com\/wordpress\/segunda\/ca\/wp-json\/wp\/v2\/media\/202219"}],"wp:attachment":[{"href":"https:\/\/www.tucomarca.com\/wordpress\/segunda\/ca\/wp-json\/wp\/v2\/media?parent=202220"}],"wp:term":[{"taxonomy":"category","embeddable":true,"href":"https:\/\/www.tucomarca.com\/wordpress\/segunda\/ca\/wp-json\/wp\/v2\/categories?post=202220"},{"taxonomy":"post_tag","embeddable":true,"href":"https:\/\/www.tucomarca.com\/wordpress\/segunda\/ca\/wp-json\/wp\/v2\/tags?post=202220"}],"curies":[{"name":"wp","href":"https:\/\/api.w.org\/{rel}","templated":true}]}}