{"id":202227,"date":"2023-11-05T10:00:00","date_gmt":"2023-11-05T09:00:00","guid":{"rendered":"https:\/\/www.tucomarca.com\/wordpress\/segunda\/?p=202227"},"modified":"2023-11-06T21:40:25","modified_gmt":"2023-11-06T20:40:25","slug":"la-federacio-de-caca-de-la-comunitat-valenciana-recorda-la-utilitat-publica-de-la-caca","status":"publish","type":"post","link":"https:\/\/www.tucomarca.com\/wordpress\/segunda\/ca\/la-federacio-de-caca-de-la-comunitat-valenciana-recorda-la-utilitat-publica-de-la-caca\/","title":{"rendered":"La Federaci\u00f3 de Ca\u00e7a de la Comunitat Valenciana recorda la utilitat p\u00fablica de la ca\u00e7a&nbsp;"},"content":{"rendered":"\n<p>Amb la mirada posada en l&#8217;actualitzaci\u00f3 de l&#8217;activitat cineg\u00e8tica en la futura Llei de la Ca\u00e7a, la Federaci\u00f3 de Ca\u00e7a de la Comunitat Valenciana celebra hui San Huberto, 3 de novembre, patr\u00f3 dels ca\u00e7adors. \u201cL&#8217;organitzaci\u00f3, que en la comunitat ha professionalitzat les seues estructures internes -els seus equips estan integrats per enginyers i \u00e9s l&#8217;\u00fanica federaci\u00f3 espanyola la presidenta de la qual \u00e9s enginyera forestal- treballa ara per modelar l&#8217;actual legislaci\u00f3 per a adaptar-la a les noves necessitats\u201d han deixat clar des de la federaci\u00f3. La seua presidenta, Lorena Mart\u00ednez, afirma que \u201cl&#8217;actual Llei de Ca\u00e7a t\u00e9 dues d\u00e8cades de vida i t\u00e9 origen quan l&#8217;activitat de la ca\u00e7a era d&#8217;\u00edndole m\u00e9s aviat recreatiu. Hui la ca\u00e7a \u00e9s una activitat d&#8217;utilitat p\u00fablica i la legislaci\u00f3 ha d&#8217;adaptar-se a la realitat\u201d.<br>Per a aix\u00f2, \u201cla Federaci\u00f3 de Ca\u00e7a de la Comunitat Valenciana fomenta l&#8217;activitat, ordena el seu desenvolupament, negocia amb les institucions, guia i protegeix les 36.000 persones que en el nostre territori practiquen aquesta activitat i s&#8217;erigeix com a eina de servei a la societat comptant amb els ca\u00e7adors com a aut\u00e8ntics protagonistes d&#8217;aquest servei\u201d afirmen les fonts. \u201cSense els ca\u00e7adors la federaci\u00f3 no tindria ra\u00f3 de ser i tampoc l&#8217;Administraci\u00f3 seria capa\u00e7 de complir amb les comeses p\u00fabliques que en l&#8217;actualitat duen a terme els nostres federats i que van en benefici dels valencians en el seu conjunt\u201d asseguren. La Federaci\u00f3 de Ca\u00e7a de la Comunitat Valenciana, la segona en nombre de persones federades despr\u00e9s de la de futbol, \u00e9s una organitzaci\u00f3 que ofereix als seus federats serveis en 3 grans \u00e0rees de treball: l&#8217;operativa, la t\u00e8cnica i la institucional. Informa, <strong>Luis Ib\u00e1\u00f1ez.<\/strong><\/p>\n","protected":false},"excerpt":{"rendered":"<div class=\"mh-excerpt\">Amb la mirada posada en l&#8217;actualitzaci\u00f3 de l&#8217;activitat cineg\u00e8tica en la futura Llei de la Ca\u00e7a, la Federaci\u00f3 de Ca\u00e7a de la Comunitat Valenciana celebra hui San Huberto, 3 de novembre, patr\u00f3 dels ca\u00e7adors. \u201cL&#8217;organitzaci\u00f3, <a class=\"mh-excerpt-more\" href=\"https:\/\/www.tucomarca.com\/wordpress\/segunda\/ca\/la-federacio-de-caca-de-la-comunitat-valenciana-recorda-la-utilitat-publica-de-la-caca\/\" title=\"La Federaci\u00f3 de Ca\u00e7a de la Comunitat Valenciana recorda la utilitat p\u00fablica de la ca\u00e7a&nbsp;\">[+] <\/a><\/div>\n","protected":false},"author":12,"featured_media":202226,"comment_status":"open","ping_status":"open","sticky":false,"template":"","format":"standard","meta":{"footnotes":""},"categories":[10894,10904,10909,10896],"tags":[19835],"class_list":{"0":"post-202227","1":"post","2":"type-post","3":"status-publish","4":"format-standard","5":"has-post-thumbnail","7":"category-la-comarca-ca","8":"category-sin-categorizar-ca","9":"category-requena-utiel-ca","10":"category-seccion-ca","11":"tag-federacion-de-caza-de-la-comunidad-valenciana-ca"},"_links":{"self":[{"href":"https:\/\/www.tucomarca.com\/wordpress\/segunda\/ca\/wp-json\/wp\/v2\/posts\/202227","targetHints":{"allow":["GET"]}}],"collection":[{"href":"https:\/\/www.tucomarca.com\/wordpress\/segunda\/ca\/wp-json\/wp\/v2\/posts"}],"about":[{"href":"https:\/\/www.tucomarca.com\/wordpress\/segunda\/ca\/wp-json\/wp\/v2\/types\/post"}],"author":[{"embeddable":true,"href":"https:\/\/www.tucomarca.com\/wordpress\/segunda\/ca\/wp-json\/wp\/v2\/users\/12"}],"replies":[{"embeddable":true,"href":"https:\/\/www.tucomarca.com\/wordpress\/segunda\/ca\/wp-json\/wp\/v2\/comments?post=202227"}],"version-history":[{"count":0,"href":"https:\/\/www.tucomarca.com\/wordpress\/segunda\/ca\/wp-json\/wp\/v2\/posts\/202227\/revisions"}],"wp:featuredmedia":[{"embeddable":true,"href":"https:\/\/www.tucomarca.com\/wordpress\/segunda\/ca\/wp-json\/wp\/v2\/media\/202226"}],"wp:attachment":[{"href":"https:\/\/www.tucomarca.com\/wordpress\/segunda\/ca\/wp-json\/wp\/v2\/media?parent=202227"}],"wp:term":[{"taxonomy":"category","embeddable":true,"href":"https:\/\/www.tucomarca.com\/wordpress\/segunda\/ca\/wp-json\/wp\/v2\/categories?post=202227"},{"taxonomy":"post_tag","embeddable":true,"href":"https:\/\/www.tucomarca.com\/wordpress\/segunda\/ca\/wp-json\/wp\/v2\/tags?post=202227"}],"curies":[{"name":"wp","href":"https:\/\/api.w.org\/{rel}","templated":true}]}}