{"id":202255,"date":"2023-11-05T19:00:00","date_gmt":"2023-11-05T18:00:00","guid":{"rendered":"https:\/\/www.tucomarca.com\/wordpress\/segunda\/?p=202255"},"modified":"2023-11-06T20:01:07","modified_gmt":"2023-11-06T19:01:07","slug":"un-incendi-forestal-afecta-al-terme-municipal-de-xiva","status":"publish","type":"post","link":"https:\/\/www.tucomarca.com\/wordpress\/segunda\/ca\/un-incendi-forestal-afecta-al-terme-municipal-de-xiva\/","title":{"rendered":"Un incendi forestal afecta al terme municipal de Xiva"},"content":{"rendered":"\n<h4 class=\"wp-block-heading\">Tres dotacions de bombers i quatre brigades forestals han treballat a un incendi forestal declarat aquest dissabte en el terme municipal de Xiva, segons ha informat el Centre de Coordinaci\u00f3 d&#8217;Emerg\u00e8ncies de la Generalitat (CCE).<\/h4>\n\n\n\n<h4 class=\"wp-block-heading\">Segons les primeres investigacions, el foc s&#8217;hauria originat en un xalet del municipi.<\/h4>\n\n\n\n<p>Diverses dotacions de bombers han treballat a un incendi forestal declarat aquest dissabte en el terme municipal de Xiva, segons ha informat el Centre de Coordinaci\u00f3 d&#8217;Emerg\u00e8ncies de la Generalitat (CCE).<\/p>\n\n\n\n<p>Fins a la zona s&#8217;han mobilitzat tres dotacions i quatre brigades forestals (BRIFO) del Consorci Provincial de Bombers de Val\u00e8ncia, tres unitats de bombers forestals i tres autobombes.<\/p>\n\n\n\n<p>Tamb\u00e9 s&#8217;han incorporat quatre mitjans aeris, dos agents mediambientals, una unitat de prevenci\u00f3 i un capat\u00e0s forestal, ha detallat el &#8216;112 CV&#8217;.<\/p>\n\n\n\n<p>Segons les primeres investigacions, el foc s&#8217;hauria originat en un xalet del municipi.<\/p>\n\n\n\n<p>Els bombers han donat per estabilitzat l&#8217;incendi al voltant de les 6 de la vesprada del diumenge, segons ha informat Emerg\u00e8ncies.<\/p>\n","protected":false},"excerpt":{"rendered":"<div class=\"mh-excerpt\">Tres dotacions de bombers i quatre brigades forestals han treballat a un incendi forestal declarat aquest dissabte en el terme municipal de Xiva, segons ha informat el Centre de Coordinaci\u00f3 d&#8217;Emerg\u00e8ncies de la Generalitat (CCE). <a class=\"mh-excerpt-more\" href=\"https:\/\/www.tucomarca.com\/wordpress\/segunda\/ca\/un-incendi-forestal-afecta-al-terme-municipal-de-xiva\/\" title=\"Un incendi forestal afecta al terme municipal de Xiva\">[+] <\/a><\/div>\n","protected":false},"author":12,"featured_media":139102,"comment_status":"open","ping_status":"open","sticky":false,"template":"","format":"standard","meta":{"footnotes":""},"categories":[10898,10948,10894,10912,10903,10896,10897,10975],"tags":[11195,12834,13724,10914],"class_list":{"0":"post-202255","1":"post","2":"type-post","3":"status-publish","4":"format-standard","5":"has-post-thumbnail","7":"category-ventana-ca","8":"category-infraestructuras-ca","9":"category-la-comarca-ca","10":"category-la-hoya-ca","11":"category-medio-ambiente-la-comarca-ca","12":"category-seccion-ca","13":"category-sucesos-la-comarca-ca","14":"category-chiva-ca","15":"tag-chiva-ca","16":"tag-consorcio-provincial-de-bomberos-de-valencia-ca","17":"tag-incendio-forestal-ca","18":"tag-la-hoya-de-bunol-chiva-ca"},"_links":{"self":[{"href":"https:\/\/www.tucomarca.com\/wordpress\/segunda\/ca\/wp-json\/wp\/v2\/posts\/202255","targetHints":{"allow":["GET"]}}],"collection":[{"href":"https:\/\/www.tucomarca.com\/wordpress\/segunda\/ca\/wp-json\/wp\/v2\/posts"}],"about":[{"href":"https:\/\/www.tucomarca.com\/wordpress\/segunda\/ca\/wp-json\/wp\/v2\/types\/post"}],"author":[{"embeddable":true,"href":"https:\/\/www.tucomarca.com\/wordpress\/segunda\/ca\/wp-json\/wp\/v2\/users\/12"}],"replies":[{"embeddable":true,"href":"https:\/\/www.tucomarca.com\/wordpress\/segunda\/ca\/wp-json\/wp\/v2\/comments?post=202255"}],"version-history":[{"count":0,"href":"https:\/\/www.tucomarca.com\/wordpress\/segunda\/ca\/wp-json\/wp\/v2\/posts\/202255\/revisions"}],"wp:featuredmedia":[{"embeddable":true,"href":"https:\/\/www.tucomarca.com\/wordpress\/segunda\/ca\/wp-json\/wp\/v2\/media\/139102"}],"wp:attachment":[{"href":"https:\/\/www.tucomarca.com\/wordpress\/segunda\/ca\/wp-json\/wp\/v2\/media?parent=202255"}],"wp:term":[{"taxonomy":"category","embeddable":true,"href":"https:\/\/www.tucomarca.com\/wordpress\/segunda\/ca\/wp-json\/wp\/v2\/categories?post=202255"},{"taxonomy":"post_tag","embeddable":true,"href":"https:\/\/www.tucomarca.com\/wordpress\/segunda\/ca\/wp-json\/wp\/v2\/tags?post=202255"}],"curies":[{"name":"wp","href":"https:\/\/api.w.org\/{rel}","templated":true}]}}