{"id":202445,"date":"2023-11-08T11:00:00","date_gmt":"2023-11-08T10:00:00","guid":{"rendered":"https:\/\/www.tucomarca.com\/wordpress\/segunda\/?p=202445"},"modified":"2023-11-08T22:35:42","modified_gmt":"2023-11-08T21:35:42","slug":"lartistica-celebra-santa-cecilia-inundant-de-musica-bunyol","status":"publish","type":"post","link":"https:\/\/www.tucomarca.com\/wordpress\/segunda\/ca\/lartistica-celebra-santa-cecilia-inundant-de-musica-bunyol\/","title":{"rendered":"&#8220;L&#8217;Art\u00edstica&#8221; celebra Santa Cecilia inundant de m\u00fasica Bunyol"},"content":{"rendered":"\n<p>Durant el mes de novembre, la Societat Musical L&#8217;Art\u00edstica de Bunyol honrar\u00e0 a la seua patrona Santa Cecilia amb una s\u00e8rie d&#8217;actes, en els quals la m\u00fasica ser\u00e0 la protagonista.&nbsp;<br>El primer festeig \u00e9s una novetat d&#8217;enguany, ja que per primera vegada, la Banda Juvenil oferir\u00e0 un concert extraordinari de Santa Cecilia en el qual presentaran als seus nous integrants, que desfilaran pel corredor del Teatre Montecarlo per a ser rebuts pels seus companys i el seu director David Tar\u00edn D\u00edaz. El concert tindr\u00e0 lloc aquest pr\u00f2xim dissabte 11 de novembre a les 19 hores.&nbsp;<br>Continuant amb la tradici\u00f3 iniciada fa tan sols 2 anys, en 2021, el diumenge 19 de novembre la Banda Simf\u00f2nica de \u201cEls Lletjos\u201d recorrer\u00e0 Bunyol en cercavila, recollint en els seus domicilis als nous integrants de l&#8217;agrupaci\u00f3. La desfilada comen\u00e7ar\u00e0 a les 10.30 hores, desfilant tant per les Vendes com pel Poble, per a finalitzar en Rosers, inundant de m\u00fasica i emocions la nostra localitat.&nbsp;<br>El dimecres 22 de novembre, Dia de Santa Cecilia, se celebrar\u00e0 la missa en el seu honor a l&#8217;Esgl\u00e9sia de Sant Pere Ap\u00f3stol. Acompanyada per les veus del Cor \u201cOrFeos\u201d, dirigits per Jose Ram\u00f3n Peinado Montero, l&#8217;acte religi\u00f3s comen\u00e7ar\u00e0 a les 19 hores, i despr\u00e9s d&#8217;ell, la comitiva es dirigir\u00e0 al Teatre Montecarlo en cercavila, a ritme de la Banda Juvenil, on m\u00fasics, educands, socis i simpatitzants compartiran un aperitiu.<br>L&#8217;\u00faltim dels actes tindr\u00e0 lloc el dissabte 25 de novembre amb el Concert en Honor a Santa Cecilia que oferir\u00e0 la Banda Simf\u00f2nica de \u201cEls Lletjos\u201d. L&#8217;acte comen\u00e7ar\u00e0 amb la presentaci\u00f3 dels nous m\u00fasics, que desfilaran pel corredor de Montecarlo fins a l&#8217;escenari on s&#8217;uniran als seus nous companys de la banda. Sota la batuta de Mario Ortu\u00f1o Gelardo, oferiran un concert en el qual destaca l&#8217;estrena de \u201cTarango\u201d de David Rivas, en el qual actuaran com a solistes Daniel Bellov\u00ed i Juan Fenollar, al clarinet baix i clarinet, respectivament. El programa el completen obres com el pasdoble \u201cPuenteareas\u201d de Reveriano Soutullo o \u201cEl fandango de Donya Francisquita\u201d, d&#8217;Amadeo Vives, entre altres peces.&nbsp;<br>Des de la Societat Musical \u201cL&#8217;Art\u00edstica\u201d conviden a tots els seus socis i simpatitzants a participar i gaudir dels actes preparats en honor a la patrona de la m\u00fasica.<\/p>\n","protected":false},"excerpt":{"rendered":"<div class=\"mh-excerpt\">Durant el mes de novembre, la Societat Musical L&#8217;Art\u00edstica de Bunyol honrar\u00e0 a la seua patrona Santa Cecilia amb una s\u00e8rie d&#8217;actes, en els quals la m\u00fasica ser\u00e0 la protagonista.&nbsp;El primer festeig \u00e9s una novetat <a class=\"mh-excerpt-more\" href=\"https:\/\/www.tucomarca.com\/wordpress\/segunda\/ca\/lartistica-celebra-santa-cecilia-inundant-de-musica-bunyol\/\" title=\"&#8220;L&#8217;Art\u00edstica&#8221; celebra Santa Cecilia inundant de m\u00fasica Bunyol\">[+] <\/a><\/div>\n","protected":false},"author":12,"featured_media":202444,"comment_status":"open","ping_status":"open","sticky":false,"template":"","format":"standard","meta":{"footnotes":""},"categories":[11019,10911,11005,10894,10912,11007,10896],"tags":[10913,10914,13054,11154],"class_list":{"0":"post-202445","1":"post","2":"type-post","3":"status-publish","4":"format-standard","5":"has-post-thumbnail","7":"category-agenda-ca","8":"category-bunol-ca","9":"category-canal-musica","10":"category-la-comarca-ca","11":"category-la-hoya-ca","12":"category-ocio-y-cultura-ca","13":"category-seccion-ca","14":"tag-bunol-ca","15":"tag-la-hoya-de-bunol-chiva-ca","16":"tag-santa-cecilia-ca","17":"tag-sm-la-artistica-de-bunol-ca"},"_links":{"self":[{"href":"https:\/\/www.tucomarca.com\/wordpress\/segunda\/ca\/wp-json\/wp\/v2\/posts\/202445","targetHints":{"allow":["GET"]}}],"collection":[{"href":"https:\/\/www.tucomarca.com\/wordpress\/segunda\/ca\/wp-json\/wp\/v2\/posts"}],"about":[{"href":"https:\/\/www.tucomarca.com\/wordpress\/segunda\/ca\/wp-json\/wp\/v2\/types\/post"}],"author":[{"embeddable":true,"href":"https:\/\/www.tucomarca.com\/wordpress\/segunda\/ca\/wp-json\/wp\/v2\/users\/12"}],"replies":[{"embeddable":true,"href":"https:\/\/www.tucomarca.com\/wordpress\/segunda\/ca\/wp-json\/wp\/v2\/comments?post=202445"}],"version-history":[{"count":0,"href":"https:\/\/www.tucomarca.com\/wordpress\/segunda\/ca\/wp-json\/wp\/v2\/posts\/202445\/revisions"}],"wp:featuredmedia":[{"embeddable":true,"href":"https:\/\/www.tucomarca.com\/wordpress\/segunda\/ca\/wp-json\/wp\/v2\/media\/202444"}],"wp:attachment":[{"href":"https:\/\/www.tucomarca.com\/wordpress\/segunda\/ca\/wp-json\/wp\/v2\/media?parent=202445"}],"wp:term":[{"taxonomy":"category","embeddable":true,"href":"https:\/\/www.tucomarca.com\/wordpress\/segunda\/ca\/wp-json\/wp\/v2\/categories?post=202445"},{"taxonomy":"post_tag","embeddable":true,"href":"https:\/\/www.tucomarca.com\/wordpress\/segunda\/ca\/wp-json\/wp\/v2\/tags?post=202445"}],"curies":[{"name":"wp","href":"https:\/\/api.w.org\/{rel}","templated":true}]}}