{"id":202512,"date":"2023-11-09T10:00:00","date_gmt":"2023-11-09T09:00:00","guid":{"rendered":"https:\/\/www.tucomarca.com\/wordpress\/segunda\/?p=202512"},"modified":"2023-11-09T18:33:37","modified_gmt":"2023-11-09T17:33:37","slug":"el-psoe-de-bunyol-assegura-que-pp-i-xbunol-admeten-que-el-fallit-ple-doctubre-anava-a-realitzar-se-sense-la-legalitat-necessaria","status":"publish","type":"post","link":"https:\/\/www.tucomarca.com\/wordpress\/segunda\/ca\/el-psoe-de-bunyol-assegura-que-pp-i-xbunol-admeten-que-el-fallit-ple-doctubre-anava-a-realitzar-se-sense-la-legalitat-necessaria\/","title":{"rendered":"El PSOE de Bunyol assegura que PP i XBu\u00f1ol &#8220;admeten que el fallit ple d&#8217;octubre anava a realitzar-se sense la legalitat necess\u00e0ria\u201d\u00a0"},"content":{"rendered":"\n<h4 class=\"wp-block-heading\">El govern municipal &#8220;admet que fins ahir no tenien l&#8217;autoritzaci\u00f3 de la direcci\u00f3 general. A m\u00e9s va ocultar als regidors un informe negatiu de l&#8217;anterior secret\u00e0ria&#8221;, segons l&#8217;agrupaci\u00f3 municipal socialista.\u00a0<\/h4>\n\n\n\n<p>L&#8217;agrupaci\u00f3 municipal del Partit Socialista ha informat que els seus regidors de l&#8217;Ajuntament de Bunyol &#8220;van ser avisats a escasses hores de la convocat\u00f2ria d&#8217;un ple extraordinari amb car\u00e0cter urgent el dia 8 de novembre&#8221;.&nbsp;<\/p>\n\n\n\n<p>El portaveu socialista, Aurelio Palmer, ha destacat que en el &#8220;ple d&#8217;octubre els membres de l&#8217;oposici\u00f3 alertem d&#8217;irregularitats en la celebraci\u00f3 del ple al no tindre l&#8217;autoritzaci\u00f3 per part de la direcci\u00f3 general del nomenament de la nova secret\u00e0ria\u201d i ha afegit &#8220;que el ple urgent de hui \u2014per ahir\u2014 ha servit per a donar-nos la ra\u00f3, no sols no tenien l&#8217;autoritzaci\u00f3 sin\u00f3 que a m\u00e9s tenien un informe en contra realitzat per l&#8217;anterior secret\u00e0ria, el Govern ha reconegut que fins ahir dia 7 no havien rebut l&#8217;autoritzaci\u00f3, per tant la celebraci\u00f3 del ple era irregular\u201d pel que hi ha remarcat que el govern &#8220;va ser el que va boicotejar l&#8217;anterior ple amb les seues presses hui encara injustificades\u201d.<\/p>\n\n\n\n<p>D&#8217;altra banda, des del PSOE mantenen que el ple urgent \u201cha sigut innecessari i rid\u00edcul, fins al punt que ni tan sols s&#8217;han pogut votar tots els punts per no ser compet\u00e8ncia del ple\u201d; a m\u00e9s lamenten que en l&#8217;ordre del dia del passat ple &#8220;hi havia assumptes m\u00e9s importants que es podien haver tractat hui per\u00f2 el govern nom\u00e9s volia donar espectacle i generar confrontaci\u00f3\u201d, per la qual cosa mantenen que no \u00e9s &#8220;comparable el nomenament de l&#8217;anterior secret\u00e0ria i el de la nova&#8221;.&nbsp;<\/p>\n\n\n\n<p>Des del PSOE asseguren que han tornat &#8220;a denunciar la falta de transpar\u00e8ncia d&#8217;aquest Ajuntament i una vegada m\u00e9s sol\u00b7licitem una major comunicaci\u00f3 amb els regidors. XBu\u00f1ol, per part seua, continua sent c\u00f2mplice de les pr\u00e0ctiques del Partit Popular i roman en silenci\u201d, han finalitzat des del PSOE.<\/p>\n","protected":false},"excerpt":{"rendered":"<div class=\"mh-excerpt\">El govern municipal &#8220;admet que fins ahir no tenien l&#8217;autoritzaci\u00f3 de la direcci\u00f3 general. A m\u00e9s va ocultar als regidors un informe negatiu de l&#8217;anterior secret\u00e0ria&#8221;, segons l&#8217;agrupaci\u00f3 municipal socialista.\u00a0 L&#8217;agrupaci\u00f3 municipal del Partit Socialista <a class=\"mh-excerpt-more\" href=\"https:\/\/www.tucomarca.com\/wordpress\/segunda\/ca\/el-psoe-de-bunyol-assegura-que-pp-i-xbunol-admeten-que-el-fallit-ple-doctubre-anava-a-realitzar-se-sense-la-legalitat-necessaria\/\" title=\"El PSOE de Bunyol assegura que PP i XBu\u00f1ol &#8220;admeten que el fallit ple d&#8217;octubre anava a realitzar-se sense la legalitat necess\u00e0ria\u201d\u00a0\">[+] <\/a><\/div>\n","protected":false},"author":12,"featured_media":202510,"comment_status":"open","ping_status":"open","sticky":false,"template":"","format":"standard","meta":{"footnotes":""},"categories":[10911,10894,10912,10947,10896],"tags":[10913,10914,14227,11546],"class_list":{"0":"post-202512","1":"post","2":"type-post","3":"status-publish","4":"format-standard","5":"has-post-thumbnail","7":"category-bunol-ca","8":"category-la-comarca-ca","9":"category-la-hoya-ca","10":"category-politica","11":"category-seccion-ca","12":"tag-bunol-ca","13":"tag-la-hoya-de-bunol-chiva-ca","14":"tag-pleno-de-bunol-ca","15":"tag-psoe-bunol-ca"},"_links":{"self":[{"href":"https:\/\/www.tucomarca.com\/wordpress\/segunda\/ca\/wp-json\/wp\/v2\/posts\/202512","targetHints":{"allow":["GET"]}}],"collection":[{"href":"https:\/\/www.tucomarca.com\/wordpress\/segunda\/ca\/wp-json\/wp\/v2\/posts"}],"about":[{"href":"https:\/\/www.tucomarca.com\/wordpress\/segunda\/ca\/wp-json\/wp\/v2\/types\/post"}],"author":[{"embeddable":true,"href":"https:\/\/www.tucomarca.com\/wordpress\/segunda\/ca\/wp-json\/wp\/v2\/users\/12"}],"replies":[{"embeddable":true,"href":"https:\/\/www.tucomarca.com\/wordpress\/segunda\/ca\/wp-json\/wp\/v2\/comments?post=202512"}],"version-history":[{"count":0,"href":"https:\/\/www.tucomarca.com\/wordpress\/segunda\/ca\/wp-json\/wp\/v2\/posts\/202512\/revisions"}],"wp:featuredmedia":[{"embeddable":true,"href":"https:\/\/www.tucomarca.com\/wordpress\/segunda\/ca\/wp-json\/wp\/v2\/media\/202510"}],"wp:attachment":[{"href":"https:\/\/www.tucomarca.com\/wordpress\/segunda\/ca\/wp-json\/wp\/v2\/media?parent=202512"}],"wp:term":[{"taxonomy":"category","embeddable":true,"href":"https:\/\/www.tucomarca.com\/wordpress\/segunda\/ca\/wp-json\/wp\/v2\/categories?post=202512"},{"taxonomy":"post_tag","embeddable":true,"href":"https:\/\/www.tucomarca.com\/wordpress\/segunda\/ca\/wp-json\/wp\/v2\/tags?post=202512"}],"curies":[{"name":"wp","href":"https:\/\/api.w.org\/{rel}","templated":true}]}}