{"id":202573,"date":"2023-11-09T14:00:00","date_gmt":"2023-11-09T13:00:00","guid":{"rendered":"https:\/\/www.tucomarca.com\/wordpress\/segunda\/?p=202573"},"modified":"2023-11-09T19:17:07","modified_gmt":"2023-11-09T18:17:07","slug":"mompo-aten-les-demandes-de-bugarra-higueruelas-i-chulilla-en-una-visita-a-la-serrania","status":"publish","type":"post","link":"https:\/\/www.tucomarca.com\/wordpress\/segunda\/ca\/mompo-aten-les-demandes-de-bugarra-higueruelas-i-chulilla-en-una-visita-a-la-serrania\/","title":{"rendered":"Momp\u00f3 at\u00e9n les demandes de Bugarra, Higueruelas i Chulilla en una visita a La Serrania"},"content":{"rendered":"\n<h4 class=\"wp-block-heading\">El president de la Diputaci\u00f3 de Val\u00e8ncia, Vicent Momp\u00f3, destaca la m\u00e0 estesa de la corporaci\u00f3 provincial als pobles m\u00e9s xicotets<\/h4>\n\n\n\n<h4 class=\"wp-block-heading\">Els alcaldes dels tres municipis, de menys de 1.000 habitants, destaquen l&#8217;imprescindible que \u00e9s per a ells l&#8217;ajuda de la Diputaci\u00f3<\/h4>\n\n\n\n<p>El president de la Diputaci\u00f3 de Val\u00e8ncia, Vicent Momp\u00f3, ha visitat Bugarra, Higueruelas i Chulilla per a escoltar de primera m\u00e0 les seues necessitats, al mateix temps que ha comprovat l&#8217;estat de les obres finan\u00e7ades per la corporaci\u00f3 provincial en estos tres municipis de La Serrania.<\/p>\n\n\n\n<p>Momp\u00f3 ha garantit als tres alcaldes la m\u00e0 estesa de la corporaci\u00f3 provincial \u201cper a donar-los suport en la gesti\u00f3 de les ajudes i avan\u00e7ar en les millores necess\u00e0ries per als seus municipis\u201d. \u201cLa Diputaci\u00f3 estar\u00e0 sempre al costat dels 266 pobles de la prov\u00edncia, especialment dels m\u00e9s xicotets perqu\u00e8 s\u00f3n els que m\u00e9s el necessiten\u201d, ha assegurat Momp\u00f3.<\/p>\n\n\n\n<p>Per part seua, l&#8217;alcaldessa de Bugarra, Teresa Cervera, ha demanat ajuda a la Diputaci\u00f3 per a realitzar la casa de la cultura i la de la joventut per ser \u201cmolt necess\u00e0ries\u201d, aix\u00ed com per a la celebraci\u00f3 de \u201cBous al Carrer\u201d. De la mateixa manera, ha sol\u00b7licitat a la instituci\u00f3 provincial suport per a la construcci\u00f3 de la variant de Pedralba i ha destacat la falta de personal t\u00e8cnic, un problema que la Diputaci\u00f3 pret\u00e9n solucionar amb l&#8217;impuls a les oficines comarcals. \u201cQue la Diputaci\u00f3 es recorde dels pobles xicotets ens ajuda, no sols econ\u00f2micament\u201d, ha declarat Cervera.<\/p>\n\n\n\n<p>En la mateixa l\u00ednia, s&#8217;ha pronunciat el primer edil d\u2019Higueruelas, Melanio Esteban. \u201c\u00c9s necessari tindre la calor de la Diputaci\u00f3 perqu\u00e8 per als pobles xicotets \u00e9s el nostre referent\u201d, ha assegurat Esteban, qui a m\u00e9s li ha traslladat a Momp\u00f3 el seu projecte per a remodelar l&#8217;ajuntament i adequar-lo a les exig\u00e8ncies d&#8217;accessibilitat i seguretat vigents.<\/p>\n\n\n\n<p>Finalment, l&#8217;alcalde de Chulilla, Vicente Polo, ha demanat inversions en carreteres, infraestructures i aparcament tant per a ve\u00efns com la gran aflu\u00e8ncia de visitants que rep el municipi. Tamb\u00e9 necessita inversi\u00f3 per a reobrir el balneari, millorar les infraestructures esportives i recuperar el projecte de construcci\u00f3 d&#8217;una ronda. Per a Polo, \u201c\u00e9s fonamental el suport de la Diputaci\u00f3\u201d. \u201cEstar\u00edem totalment perduts si no f\u00f3rem de la seua m\u00e0, \u00e9s d&#8217;agrair que el president vinga i trepitge el terreny per a con\u00e9ixer les nostres necessitats\u201d, ha ressaltat.<\/p>\n\n\n\n<p><strong>Inversions de la Diputaci\u00f3<\/strong><\/p>\n\n\n\n<p>A Bugarra, la corporaci\u00f3 provincial ha destinat 490.000 euros a millorar diferents edificis municipals, repavimentaci\u00f3 d&#8217;alguns carrers o el col\u00b7lector de pluvials de l&#8217;\u00e0rea industrial, entre altres projectes. Ho ha fet trav\u00e9s del Pla d&#8217;Inversions des de 2020, al que cal sumar una quantitat similar de l&#8217;aportaci\u00f3 provincial al Fons de Cooperaci\u00f3.<\/p>\n\n\n\n<p>Higueruelas tamb\u00e9 ha rebut la mateixa inversi\u00f3 en el per\u00edode 2020-23 per a la rehabilitaci\u00f3 integral de la Casa de la Cultura i la reurbanitzaci\u00f3 del barri del Crist, entre altres millores per al municipi.<br><br>Pel que fa a Chulilla, la Diputaci\u00f3 ha aprovat la inversi\u00f3 de 795.000 euros a trav\u00e9s del Pla d&#8217;Inversions des de 2020. Entre altres adequacions, anava destinada a la construcci\u00f3 d&#8217;un edifici dotacional m\u00faltiple, al condicionament de diferents parcel\u00b7les, i a l&#8217;asfaltat i repavimentaci\u00f3 de diferents carrers. A esta quantitat, cal afegir una altra similar de l&#8217;aportaci\u00f3 provincial al Fons de Cooperaci\u00f3.<\/p>\n\n\n\n<p><\/p>\n","protected":false},"excerpt":{"rendered":"<div class=\"mh-excerpt\">El president de la Diputaci\u00f3 de Val\u00e8ncia, Vicent Momp\u00f3, destaca la m\u00e0 estesa de la corporaci\u00f3 provincial als pobles m\u00e9s xicotets Els alcaldes dels tres municipis, de menys de 1.000 habitants, destaquen l&#8217;imprescindible que \u00e9s <a class=\"mh-excerpt-more\" href=\"https:\/\/www.tucomarca.com\/wordpress\/segunda\/ca\/mompo-aten-les-demandes-de-bugarra-higueruelas-i-chulilla-en-una-visita-a-la-serrania\/\" title=\"Momp\u00f3 at\u00e9n les demandes de Bugarra, Higueruelas i Chulilla en una visita a La Serrania\">[+] <\/a><\/div>\n","protected":false},"author":12,"featured_media":202572,"comment_status":"open","ping_status":"open","sticky":false,"template":"","format":"standard","meta":{"footnotes":""},"categories":[11040,11036,11046,10898,11033,10948,10894,10947,10896],"tags":[19852,11084,11246,19853,11928],"class_list":{"0":"post-202573","1":"post","2":"type-post","3":"status-publish","4":"format-standard","5":"has-post-thumbnail","7":"category-bugarra-ca","8":"category-chulilla-ca","9":"category-los-serranos-ca","10":"category-ventana-ca","11":"category-higueruelas-ca","12":"category-infraestructuras-ca","13":"category-la-comarca-ca","14":"category-politica","15":"category-seccion-ca","16":"tag-bugarra-ca","17":"tag-chulilla-ca","18":"tag-diputacio-de-valencia-ca","19":"tag-higueruelas-ca","20":"tag-la-serrania-ca"},"_links":{"self":[{"href":"https:\/\/www.tucomarca.com\/wordpress\/segunda\/ca\/wp-json\/wp\/v2\/posts\/202573","targetHints":{"allow":["GET"]}}],"collection":[{"href":"https:\/\/www.tucomarca.com\/wordpress\/segunda\/ca\/wp-json\/wp\/v2\/posts"}],"about":[{"href":"https:\/\/www.tucomarca.com\/wordpress\/segunda\/ca\/wp-json\/wp\/v2\/types\/post"}],"author":[{"embeddable":true,"href":"https:\/\/www.tucomarca.com\/wordpress\/segunda\/ca\/wp-json\/wp\/v2\/users\/12"}],"replies":[{"embeddable":true,"href":"https:\/\/www.tucomarca.com\/wordpress\/segunda\/ca\/wp-json\/wp\/v2\/comments?post=202573"}],"version-history":[{"count":0,"href":"https:\/\/www.tucomarca.com\/wordpress\/segunda\/ca\/wp-json\/wp\/v2\/posts\/202573\/revisions"}],"wp:featuredmedia":[{"embeddable":true,"href":"https:\/\/www.tucomarca.com\/wordpress\/segunda\/ca\/wp-json\/wp\/v2\/media\/202572"}],"wp:attachment":[{"href":"https:\/\/www.tucomarca.com\/wordpress\/segunda\/ca\/wp-json\/wp\/v2\/media?parent=202573"}],"wp:term":[{"taxonomy":"category","embeddable":true,"href":"https:\/\/www.tucomarca.com\/wordpress\/segunda\/ca\/wp-json\/wp\/v2\/categories?post=202573"},{"taxonomy":"post_tag","embeddable":true,"href":"https:\/\/www.tucomarca.com\/wordpress\/segunda\/ca\/wp-json\/wp\/v2\/tags?post=202573"}],"curies":[{"name":"wp","href":"https:\/\/api.w.org\/{rel}","templated":true}]}}