{"id":202705,"date":"2023-11-14T11:00:00","date_gmt":"2023-11-14T10:00:00","guid":{"rendered":"https:\/\/www.tucomarca.com\/wordpress\/segunda\/?p=202705"},"modified":"2023-11-14T11:53:35","modified_gmt":"2023-11-14T10:53:35","slug":"lajuntament-de-xiva-fa-els-primers-passos-per-a-la-creacio-dun-parc-dhabitatge-jove-en-lloguer","status":"publish","type":"post","link":"https:\/\/www.tucomarca.com\/wordpress\/segunda\/ca\/lajuntament-de-xiva-fa-els-primers-passos-per-a-la-creacio-dun-parc-dhabitatge-jove-en-lloguer\/","title":{"rendered":"L&#8217;Ajuntament de Xiva fa els primers passos per a la creaci\u00f3 d&#8217;un parc d&#8217;habitatge jove en lloguer"},"content":{"rendered":"\n<p>L&#8217;equip de govern de l&#8217;ajuntament de Xiva, ha rebut la visita d&#8217;Ernesto Fern\u00e1ndez Pardo, director general de la Entitat Valenciana d\u2019Habitatge.<br>La reuni\u00f3, mantinguda despr\u00e9s de la petici\u00f3 de l&#8217;ajuntament, ha perm\u00e9s comen\u00e7ar a definir els primers passos del qual ha de ser un primer pla d&#8217;habitatges joves en lloguer en el municipi, una prioritat amb la qual fer front a l&#8217;important d\u00e8ficit d&#8217;habitatges en lloguer amb qu\u00e8 es troba aquesta poblaci\u00f3.<\/p>\n\n\n\n<p>En el transcurs de la reuni\u00f3, s&#8217;han analitzat diferents opcions sobre les quals l&#8217;ajuntament comen\u00e7ar\u00e0 ja a actuar de manera urgent, seguint les prescripcions marcades pel responsable d&#8217;habitatge de la Conselleria.&nbsp;<\/p>\n\n\n\n<p>Per a Amparo Fort, alcaldessa de Xiva; \u201cactuar sobre el problema de l&#8217;habitatge per a joves en el municipi resulta fonamental si volem garantir la perman\u00e8ncia d&#8217;una poblaci\u00f3 que en l&#8217;actualitat es veu abocada a abandonar el poble davant la falta d&#8217;habitatges en lloguer a preus accessibles\u201d.<\/p>\n\n\n\n<p>En aquesta mateixa reuni\u00f3 de treball, l&#8217;equip de govern ha informat el director general sobre la imperiosa necessitat de disposar, a m\u00e9s d&#8217;espai assignat a habitatges socials, amb el qual fer front a les necessitats d&#8217;aquelles persones m\u00e9s necessitades.<\/p>\n\n\n\n<p>La reuni\u00f3 mantinguda amb el director general, a m\u00e9s ha aclarit els criteris per a poder iniciar les gestions en diferents \u00e0mbits de s\u00f2l residencial, pendents de desenvolupament des de fa anys, un objectiu fonamental de l&#8217;actual equip de govern sobre el qual consolidar el desenvolupament de projectes futurs.<\/p>\n\n\n\n<p>Aquestes actuacions exposades a Conselleria seran complement\u00e0ries i simult\u00e0nies amb l&#8217;expedient del nou Pla General recentment iniciat, essencial per al futur desenvolupament econ\u00f2mic del municipi.<\/p>\n","protected":false},"excerpt":{"rendered":"<div class=\"mh-excerpt\">L&#8217;equip de govern de l&#8217;ajuntament de Xiva, ha rebut la visita d&#8217;Ernesto Fern\u00e1ndez Pardo, director general de la Entitat Valenciana d\u2019Habitatge.La reuni\u00f3, mantinguda despr\u00e9s de la petici\u00f3 de l&#8217;ajuntament, ha perm\u00e9s comen\u00e7ar a definir els <a class=\"mh-excerpt-more\" href=\"https:\/\/www.tucomarca.com\/wordpress\/segunda\/ca\/lajuntament-de-xiva-fa-els-primers-passos-per-a-la-creacio-dun-parc-dhabitatge-jove-en-lloguer\/\" title=\"L&#8217;Ajuntament de Xiva fa els primers passos per a la creaci\u00f3 d&#8217;un parc d&#8217;habitatge jove en lloguer\">[+] <\/a><\/div>\n","protected":false},"author":12,"featured_media":202704,"comment_status":"open","ping_status":"open","sticky":false,"template":"","format":"standard","meta":{"footnotes":""},"categories":[10948,10894,10912,10947,10896,10975],"tags":[11195,10914,19866],"class_list":{"0":"post-202705","1":"post","2":"type-post","3":"status-publish","4":"format-standard","5":"has-post-thumbnail","7":"category-infraestructuras-ca","8":"category-la-comarca-ca","9":"category-la-hoya-ca","10":"category-politica","11":"category-seccion-ca","12":"category-chiva-ca","13":"tag-chiva-ca","14":"tag-la-hoya-de-bunol-chiva-ca","15":"tag-vivienda-joven-ca"},"_links":{"self":[{"href":"https:\/\/www.tucomarca.com\/wordpress\/segunda\/ca\/wp-json\/wp\/v2\/posts\/202705","targetHints":{"allow":["GET"]}}],"collection":[{"href":"https:\/\/www.tucomarca.com\/wordpress\/segunda\/ca\/wp-json\/wp\/v2\/posts"}],"about":[{"href":"https:\/\/www.tucomarca.com\/wordpress\/segunda\/ca\/wp-json\/wp\/v2\/types\/post"}],"author":[{"embeddable":true,"href":"https:\/\/www.tucomarca.com\/wordpress\/segunda\/ca\/wp-json\/wp\/v2\/users\/12"}],"replies":[{"embeddable":true,"href":"https:\/\/www.tucomarca.com\/wordpress\/segunda\/ca\/wp-json\/wp\/v2\/comments?post=202705"}],"version-history":[{"count":0,"href":"https:\/\/www.tucomarca.com\/wordpress\/segunda\/ca\/wp-json\/wp\/v2\/posts\/202705\/revisions"}],"wp:featuredmedia":[{"embeddable":true,"href":"https:\/\/www.tucomarca.com\/wordpress\/segunda\/ca\/wp-json\/wp\/v2\/media\/202704"}],"wp:attachment":[{"href":"https:\/\/www.tucomarca.com\/wordpress\/segunda\/ca\/wp-json\/wp\/v2\/media?parent=202705"}],"wp:term":[{"taxonomy":"category","embeddable":true,"href":"https:\/\/www.tucomarca.com\/wordpress\/segunda\/ca\/wp-json\/wp\/v2\/categories?post=202705"},{"taxonomy":"post_tag","embeddable":true,"href":"https:\/\/www.tucomarca.com\/wordpress\/segunda\/ca\/wp-json\/wp\/v2\/tags?post=202705"}],"curies":[{"name":"wp","href":"https:\/\/api.w.org\/{rel}","templated":true}]}}