{"id":202979,"date":"2023-11-16T13:00:00","date_gmt":"2023-11-16T12:00:00","guid":{"rendered":"https:\/\/www.tucomarca.com\/wordpress\/segunda\/?p=202979"},"modified":"2023-11-16T22:31:30","modified_gmt":"2023-11-16T21:31:30","slug":"la-pobla-de-vallbona-presenta-un-pressupost-2024-realista-equilibrat-i-adaptat-a-les-necessitats-de-la-ciutadania","status":"publish","type":"post","link":"https:\/\/www.tucomarca.com\/wordpress\/segunda\/ca\/la-pobla-de-vallbona-presenta-un-pressupost-2024-realista-equilibrat-i-adaptat-a-les-necessitats-de-la-ciutadania\/","title":{"rendered":"La Pobla de Vallbona presenta un pressupost 2024 \u201crealista, equilibrat i adaptat a les necessitats de la ciutadania\u201d"},"content":{"rendered":"\n<h4 class=\"wp-block-heading\">El pressupost es veur\u00e0 incrementat en un 9,58% gr\u00e0cies a la gesti\u00f3 d&#8217;inversions procedents de la Generalitat Valenciana<\/h4>\n\n\n\n<h4 class=\"wp-block-heading\">Abel Mart\u00ed: \u201cHem equilibrat els comptes perqu\u00e8 siga un pressupost segur i estar preparats per a tot l&#8217;any\u201d<\/h4>\n\n\n\n<p>L&#8217;equip de govern de la Pobla de Vallbona ha presentat hui el projecte de pressupost municipal per a l&#8217;exercici 2024, el qual ser\u00e0 votat per a la seua aprovaci\u00f3 en ple extraordinari el dijous 23 de novembre. Un pressupost que ha sigut definit com a \u201crealista, equilibrat i adaptat a les necessitats de la ciutadania\u201d.<\/p>\n\n\n\n<p>\u201cPresentem a la ciutadania un pressupost ben anivellat, en el qual hem equilibrat els comptes perqu\u00e8 siga segur i estar preparats per a tot l&#8217;any\u201d, ha destacat Abel Mart\u00ed, alcalde de la Pobla de Vallbona, qui ha definit els comptes per a l&#8217;any vinent com a \u201crealistes, ja que hem treballat perqu\u00e8 l&#8217;apartat d&#8217;ingressos estiga concorde als quals realment percep el nostre municipi, sense engreixar les previsions de les partides, \u00e9s per aix\u00f2 que tamb\u00e9 estan equilibrats i, sobretot, responen a les necessitats de la poblaci\u00f3\u201d.<\/p>\n\n\n\n<p>El pressupost municipal arrivar\u00e0 als 32.117.807,67 euros, el que significa un increment de 9,58% respecte a l&#8217;exercici anterior. Este augment ve motivat per l&#8217;impacte que suposar\u00e0 la gesti\u00f3 municipal dels fons procedents de la Generalitat Valenciana, en especial import\u00e0ncia al Pla Convivint, destinat al centre de dia de la Rascanya, i el Pla Edificant, que suposar\u00e0 actuacions en el CEIP Llu\u00eds Vives i en el nou institut de la Pobla.<\/p>\n\n\n\n<p>El regidor d&#8217;Hisenda, Jos\u00e9 Mar\u00eda Romero, ha destacat que \u201cs\u00f3n uns pressupostos seriosos i que inicien el cam\u00ed cap a un ajuntament m\u00e9s sanejat\u201d. Malgrat aix\u00f2, Romero ha reconegut la necessitat d&#8217;incrementar les despeses per consignaci\u00f3 de cr\u00e8dit, a causa dels interessos d&#8217;operacions d&#8217;endeutament realitzades en exercicis anteriors, \u201cel que ens ha limitat, ja que la quantitat ascendeix a un mili\u00f3 d&#8217;euros per deutes de cr\u00e8dit, malgrat el qual estem satisfets per com hem pogut configurar l&#8217;apartat d&#8217;inversions per a dotar a la Pobla de nous projectes\u201d.<\/p>\n\n\n\n<p>Uns nous projectes entre els quals es dur\u00e0 a terme el de la remodelaci\u00f3 i millora del parc municipal Benjam\u00edn March Civera i la seua dotaci\u00f3 de mobiliari, gr\u00e0cies a la gesti\u00f3 dels fons del Pla d&#8217;Inversions de la Diputaci\u00f3 de Val\u00e8ncia, els quals, no han pogut veure&#8217;s encara reflectits en el pressupost de l&#8217;any 2024, en el que suposar\u00e0 una nova injecci\u00f3 en este cap\u00edtol perqu\u00e8 la Pobla de Vallbona afronte el pr\u00f2xim exercici de forma equilibrada per\u00f2 tamb\u00e9 en diverses de les millores que el municipi necessita.<\/p>\n\n\n\n<p><\/p>\n","protected":false},"excerpt":{"rendered":"<div class=\"mh-excerpt\">El pressupost es veur\u00e0 incrementat en un 9,58% gr\u00e0cies a la gesti\u00f3 d&#8217;inversions procedents de la Generalitat Valenciana Abel Mart\u00ed: \u201cHem equilibrat els comptes perqu\u00e8 siga un pressupost segur i estar preparats per a tot <a class=\"mh-excerpt-more\" href=\"https:\/\/www.tucomarca.com\/wordpress\/segunda\/ca\/la-pobla-de-vallbona-presenta-un-pressupost-2024-realista-equilibrat-i-adaptat-a-les-necessitats-de-la-ciutadania\/\" title=\"La Pobla de Vallbona presenta un pressupost 2024 \u201crealista, equilibrat i adaptat a les necessitats de la ciutadania\u201d\">[+] <\/a><\/div>\n","protected":false},"author":12,"featured_media":202978,"comment_status":"open","ping_status":"open","sticky":false,"template":"","format":"standard","meta":{"footnotes":""},"categories":[10892,10894,10915,10947,10896],"tags":[10899,10916,19889],"class_list":{"0":"post-202979","1":"post","2":"type-post","3":"status-publish","4":"format-standard","5":"has-post-thumbnail","7":"category-camp-de-turia-ca","8":"category-la-comarca-ca","9":"category-la-pobla-ca","10":"category-politica","11":"category-seccion-ca","12":"tag-camp-de-turia-ca","13":"tag-la-pobla-de-vallbona-ca","14":"tag-presupuesto-2024-ca"},"_links":{"self":[{"href":"https:\/\/www.tucomarca.com\/wordpress\/segunda\/ca\/wp-json\/wp\/v2\/posts\/202979","targetHints":{"allow":["GET"]}}],"collection":[{"href":"https:\/\/www.tucomarca.com\/wordpress\/segunda\/ca\/wp-json\/wp\/v2\/posts"}],"about":[{"href":"https:\/\/www.tucomarca.com\/wordpress\/segunda\/ca\/wp-json\/wp\/v2\/types\/post"}],"author":[{"embeddable":true,"href":"https:\/\/www.tucomarca.com\/wordpress\/segunda\/ca\/wp-json\/wp\/v2\/users\/12"}],"replies":[{"embeddable":true,"href":"https:\/\/www.tucomarca.com\/wordpress\/segunda\/ca\/wp-json\/wp\/v2\/comments?post=202979"}],"version-history":[{"count":0,"href":"https:\/\/www.tucomarca.com\/wordpress\/segunda\/ca\/wp-json\/wp\/v2\/posts\/202979\/revisions"}],"wp:featuredmedia":[{"embeddable":true,"href":"https:\/\/www.tucomarca.com\/wordpress\/segunda\/ca\/wp-json\/wp\/v2\/media\/202978"}],"wp:attachment":[{"href":"https:\/\/www.tucomarca.com\/wordpress\/segunda\/ca\/wp-json\/wp\/v2\/media?parent=202979"}],"wp:term":[{"taxonomy":"category","embeddable":true,"href":"https:\/\/www.tucomarca.com\/wordpress\/segunda\/ca\/wp-json\/wp\/v2\/categories?post=202979"},{"taxonomy":"post_tag","embeddable":true,"href":"https:\/\/www.tucomarca.com\/wordpress\/segunda\/ca\/wp-json\/wp\/v2\/tags?post=202979"}],"curies":[{"name":"wp","href":"https:\/\/api.w.org\/{rel}","templated":true}]}}