{"id":203044,"date":"2023-11-17T10:10:00","date_gmt":"2023-11-17T09:10:00","guid":{"rendered":"https:\/\/www.tucomarca.com\/wordpress\/segunda\/?p=203044"},"modified":"2023-11-17T18:53:02","modified_gmt":"2023-11-17T17:53:02","slug":"la-diputacio-reobri-al-transit-la-carretera-dacces-al-circuit-de-cheste","status":"publish","type":"post","link":"https:\/\/www.tucomarca.com\/wordpress\/segunda\/ca\/la-diputacio-reobri-al-transit-la-carretera-dacces-al-circuit-de-cheste\/","title":{"rendered":"La Diputaci\u00f3 reobri al tr\u00e0nsit la carretera d&#8217;acc\u00e9s al circuit de Xest\u00a0"},"content":{"rendered":"\n<h4 class=\"wp-block-heading\">El president de la instituci\u00f3 provincial, Vicent Momp\u00f3, assegura que \u201cl&#8217;obra s&#8217;ha executat amb la m\u00e0xima urg\u00e8ncia perqu\u00e8 la carretera no reunia les condicions de seguretat necess\u00e0ries per a acollir el tr\u00e0nsit que genera el Gran Premi de motociclisme de la setmana que ve\u201d<\/h4>\n\n\n\n<h4 class=\"wp-block-heading\">L&#8217;\u00e0rea de Carreteres, en coordinaci\u00f3 amb la Generalitat i els ajuntaments de Chiva i de Cheste ha incl\u00f2s la nova via CV-386 en la xarxa provincial i assumir\u00e0 les compet\u00e8ncies de conservaci\u00f3 i manteniment<\/h4>\n\n\n\n<figure class=\"wp-block-image size-large\"><img loading=\"lazy\" decoding=\"async\" width=\"1024\" height=\"688\" src=\"http:\/\/www.tucomarca.com\/wordpress\/segunda\/wp-content\/uploads\/2023\/11\/cheste1-1024x688.jpg\" alt=\"\" class=\"wp-image-203039\" srcset=\"https:\/\/www.tucomarca.com\/wordpress\/segunda\/wp-content\/uploads\/2023\/11\/cheste1-1024x688.jpg 1024w, https:\/\/www.tucomarca.com\/wordpress\/segunda\/wp-content\/uploads\/2023\/11\/cheste1-300x201.jpg 300w, https:\/\/www.tucomarca.com\/wordpress\/segunda\/wp-content\/uploads\/2023\/11\/cheste1-768x516.jpg 768w, https:\/\/www.tucomarca.com\/wordpress\/segunda\/wp-content\/uploads\/2023\/11\/cheste1.jpg 1181w\" sizes=\"auto, (max-width: 1024px) 100vw, 1024px\" \/><\/figure>\n\n\n\n<p>El president de la Diputaci\u00f3 de Val\u00e8ncia, Vicent Momp\u00f3, i la vicepresidenta segona i diputada de Carreteres, Reme Mazzolari, han visitat este divendres el nou acc\u00e9s al Circuit Ricardo Tormo de Cheste des de la A-3, despr\u00e9s de la finalitzaci\u00f3 de les obres de condicionament dutes a terme per corporaci\u00f3 provincial.<\/p>\n\n\n\n<p>L&#8217;actuaci\u00f3, consistent principalment en la reparaci\u00f3 del ferm i la millora del drenatge, s&#8217;ha completat en un termini de nom\u00e9s un mes. D&#8217;esta manera s&#8217;ha aconseguit l&#8217;objectiu que estiguera conclosa abans de la celebraci\u00f3 del Gran Premi de la Comunitat Valenciana, el qual tindr\u00e0 lloc l&#8217;\u00faltim cap de setmana de novembre.<\/p>\n\n\n\n<p>Vicent Momp\u00f3 ha destacat \u201cla rellev\u00e0ncia esta obra, que m\u00e9s enll\u00e0 del pressupost que s&#8217;ha invertit, era un tema prioritari per a la Diputaci\u00f3 perqu\u00e8 les condicions de seguretat de l&#8217;acc\u00e9s al circuit eren incompatibles amb la celebraci\u00f3 del Gran Premi de la Comunitat Valenciana de motociclisme\u201d.<br><br>\u201cA aix\u00f2 cal afegir -continua Momp\u00f3- la mala imatge que suposava per al nostre territori tindre la carretera en eixes condicions en un esdeveniment on la prov\u00edncia de Val\u00e8ncia est\u00e0 en el focus medi\u00e0tic, no sols a nivell esportiu sin\u00f3 tamb\u00e9 a nivell social i tur\u00edstic\u201d.<\/p>\n\n\n\n<p>Per part seua, la diputada de Carreteres, Reme Mazzolari, ha explicat que \u201camb esta intervenci\u00f3, executada en un temps r\u00e8cord, millorem exponencialment la seguretat de la via, que \u00e9s el nostre m\u00e0xim objectiu\u201d, i ha qualificat com a \u201cfonamental\u201d la coordinaci\u00f3 entre les diferents institucions i entitats implicades. En este sentit, ha volgut fer un reconeixement especial \u201cals ajuntaments de Cheste i Chiva, els quals eren els titulars de la via, i que han posat totes les facilitats per a agilitzar els tr\u00e0mits administratius; i per descomptat, al Circuit de Xest, el director del qual Gonzalo Gobert s&#8217;ha implicat en tot el proc\u00e9s; sempre en coordinaci\u00f3 amb la Direcci\u00f3 General d&#8217;Esports de la Generalitat Valenciana i la Direcci\u00f3 General de Tr\u00e0nsit\u201d.<\/p>\n\n\n\n<p>En la visita han estat presents el diputat de Turisme i Esports, Pedro Cuesta; el director del Circuit Ricardo Tormo, Gonzalo Gobert; l\u2019alcalde de Cheste, Jos\u00e9 Morell; i l\u2019alcaldessa de Chiva, Amparo Fort.<\/p>\n\n\n\n<p><strong>Incorporaci\u00f3 a la xarxa provincial de Carreteres<\/strong><\/p>\n\n\n\n<p>La via d&#8217;acc\u00e9s al circuit de Cheste tenia la consideraci\u00f3 de cam\u00ed de domini p\u00fablic, i la titularitat corresponia, en diferents percentatges, als ajuntaments de Chiva i de Cheste.<\/p>\n\n\n\n<p>La coordinaci\u00f3 entre Diputaci\u00f3, Generalitat i els ajuntaments implicats ha perm\u00e9s que este cam\u00ed es transforme en la nova carretera, que ha sigut denominada com a CV-386, i passa a integrar-se aix\u00ed en la xarxa provincial de carreteres.<\/p>\n\n\n\n<p>Els treballs de condicionament han consistit en el segat i poda de la vegetaci\u00f3 existent en tots dos marges i la neteja de tota la superf\u00edcie de la cal\u00e7ada per a l&#8217;eliminaci\u00f3 de restes existents.<br><br>Tamb\u00e9 s\u2019ha dut a terme el condicionament i millora del sistema de drenatge longitudinal i transversal de la carretera, el sanejament de les deformacions i la reposici\u00f3 de la capa de ferma.<\/p>\n\n\n\n<p>Finalment, s&#8217;ha renovat tota la senyalitzaci\u00f3 horitzontal i vertical, aix\u00ed com elements d&#8217;abalisament i condicionament dels sistemes de contenci\u00f3.<\/p>\n\n\n\n<p>El pressupost total d&#8217;esta actuaci\u00f3 ha sigut de 313.348,16 \u20ac (IVA incl\u00f2s).<\/p>\n","protected":false},"excerpt":{"rendered":"<div class=\"mh-excerpt\">El president de la instituci\u00f3 provincial, Vicent Momp\u00f3, assegura que \u201cl&#8217;obra s&#8217;ha executat amb la m\u00e0xima urg\u00e8ncia perqu\u00e8 la carretera no reunia les condicions de seguretat necess\u00e0ries per a acollir el tr\u00e0nsit que genera el <a class=\"mh-excerpt-more\" href=\"https:\/\/www.tucomarca.com\/wordpress\/segunda\/ca\/la-diputacio-reobri-al-transit-la-carretera-dacces-al-circuit-de-cheste\/\" title=\"La Diputaci\u00f3 reobri al tr\u00e0nsit la carretera d&#8217;acc\u00e9s al circuit de Xest\u00a0\">[+] <\/a><\/div>\n","protected":false},"author":12,"featured_media":203042,"comment_status":"open","ping_status":"open","sticky":false,"template":"","format":"standard","meta":{"footnotes":""},"categories":[10898,10948,10894,10904,10912,10947,10896,10974],"tags":[11348,11246,10914],"class_list":{"0":"post-203044","1":"post","2":"type-post","3":"status-publish","4":"format-standard","5":"has-post-thumbnail","7":"category-ventana-ca","8":"category-infraestructuras-ca","9":"category-la-comarca-ca","10":"category-sin-categorizar-ca","11":"category-la-hoya-ca","12":"category-politica","13":"category-seccion-ca","14":"category-cheste-ca","15":"tag-circuito-de-cheste-ca","16":"tag-diputacio-de-valencia-ca","17":"tag-la-hoya-de-bunol-chiva-ca"},"_links":{"self":[{"href":"https:\/\/www.tucomarca.com\/wordpress\/segunda\/ca\/wp-json\/wp\/v2\/posts\/203044","targetHints":{"allow":["GET"]}}],"collection":[{"href":"https:\/\/www.tucomarca.com\/wordpress\/segunda\/ca\/wp-json\/wp\/v2\/posts"}],"about":[{"href":"https:\/\/www.tucomarca.com\/wordpress\/segunda\/ca\/wp-json\/wp\/v2\/types\/post"}],"author":[{"embeddable":true,"href":"https:\/\/www.tucomarca.com\/wordpress\/segunda\/ca\/wp-json\/wp\/v2\/users\/12"}],"replies":[{"embeddable":true,"href":"https:\/\/www.tucomarca.com\/wordpress\/segunda\/ca\/wp-json\/wp\/v2\/comments?post=203044"}],"version-history":[{"count":0,"href":"https:\/\/www.tucomarca.com\/wordpress\/segunda\/ca\/wp-json\/wp\/v2\/posts\/203044\/revisions"}],"wp:featuredmedia":[{"embeddable":true,"href":"https:\/\/www.tucomarca.com\/wordpress\/segunda\/ca\/wp-json\/wp\/v2\/media\/203042"}],"wp:attachment":[{"href":"https:\/\/www.tucomarca.com\/wordpress\/segunda\/ca\/wp-json\/wp\/v2\/media?parent=203044"}],"wp:term":[{"taxonomy":"category","embeddable":true,"href":"https:\/\/www.tucomarca.com\/wordpress\/segunda\/ca\/wp-json\/wp\/v2\/categories?post=203044"},{"taxonomy":"post_tag","embeddable":true,"href":"https:\/\/www.tucomarca.com\/wordpress\/segunda\/ca\/wp-json\/wp\/v2\/tags?post=203044"}],"curies":[{"name":"wp","href":"https:\/\/api.w.org\/{rel}","templated":true}]}}