{"id":203340,"date":"2023-11-22T12:00:00","date_gmt":"2023-11-22T11:00:00","guid":{"rendered":"https:\/\/www.tucomarca.com\/wordpress\/segunda\/?p=203340"},"modified":"2023-11-22T18:25:11","modified_gmt":"2023-11-22T17:25:11","slug":"turis-celebra-la-setmana-contra-la-violencia-de-genere-amb-diversos-actes-de-conscienciacio","status":"publish","type":"post","link":"https:\/\/www.tucomarca.com\/wordpress\/segunda\/ca\/turis-celebra-la-setmana-contra-la-violencia-de-genere-amb-diversos-actes-de-conscienciacio\/","title":{"rendered":"Tur\u00eds celebra la setmana contra la viol\u00e8ncia de g\u00e8nere amb diversos actes de conscienciaci\u00f3"},"content":{"rendered":"\n<figure class=\"wp-block-gallery has-nested-images columns-default is-cropped wp-block-gallery-1 is-layout-flex wp-block-gallery-is-layout-flex\">\n<figure class=\"wp-block-image size-full\"><img loading=\"lazy\" decoding=\"async\" width=\"886\" height=\"886\" data-id=\"203331\" src=\"http:\/\/www.tucomarca.com\/wordpress\/segunda\/wp-content\/uploads\/2023\/11\/Turis25N_1.jpg\" alt=\"\" class=\"wp-image-203331\" srcset=\"https:\/\/www.tucomarca.com\/wordpress\/segunda\/wp-content\/uploads\/2023\/11\/Turis25N_1.jpg 886w, https:\/\/www.tucomarca.com\/wordpress\/segunda\/wp-content\/uploads\/2023\/11\/Turis25N_1-300x300.jpg 300w, https:\/\/www.tucomarca.com\/wordpress\/segunda\/wp-content\/uploads\/2023\/11\/Turis25N_1-290x290.jpg 290w, https:\/\/www.tucomarca.com\/wordpress\/segunda\/wp-content\/uploads\/2023\/11\/Turis25N_1-768x768.jpg 768w\" sizes=\"auto, (max-width: 886px) 100vw, 886px\" \/><\/figure>\n\n\n\n<figure class=\"wp-block-image size-full\"><img loading=\"lazy\" decoding=\"async\" width=\"886\" height=\"886\" data-id=\"203333\" src=\"http:\/\/www.tucomarca.com\/wordpress\/segunda\/wp-content\/uploads\/2023\/11\/Turis25N_2.jpg\" alt=\"\" class=\"wp-image-203333\" srcset=\"https:\/\/www.tucomarca.com\/wordpress\/segunda\/wp-content\/uploads\/2023\/11\/Turis25N_2.jpg 886w, https:\/\/www.tucomarca.com\/wordpress\/segunda\/wp-content\/uploads\/2023\/11\/Turis25N_2-300x300.jpg 300w, https:\/\/www.tucomarca.com\/wordpress\/segunda\/wp-content\/uploads\/2023\/11\/Turis25N_2-290x290.jpg 290w, https:\/\/www.tucomarca.com\/wordpress\/segunda\/wp-content\/uploads\/2023\/11\/Turis25N_2-768x768.jpg 768w\" sizes=\"auto, (max-width: 886px) 100vw, 886px\" \/><\/figure>\n<\/figure>\n\n\n\n<p>L&#8217;Ajuntament de Tur\u00eds, a trav\u00e9s del departament de Serveis Socials d&#8217;Atenci\u00f3 Prim\u00e0ria B\u00e0sica, ha preparat diferents activitats per a tots els p\u00fablics per a commemorar el 25N, Dia Internacional de l&#8217;Eliminaci\u00f3 de la Viol\u00e8ncia Contra les Dones.<\/p>\n\n\n\n<p>La cultura, la veu, la formaci\u00f3 i el di\u00e0leg s\u00f3n les eines que tots i totes hem d&#8217;utilitzar per a combatre i lluitar de manera decidida contra el maltractament en la dona.<\/p>\n\n\n\n<p>Col\u00b7laboren:&nbsp;<\/p>\n\n\n\n<ul class=\"wp-block-list\"><li>Aula Respir Municipal&nbsp;<\/li><li>Associaci\u00f3 de Mestresses de casa&nbsp;<\/li><li>CEIP Joaqu\u00edn Mu\u00f1oz&nbsp;<\/li><li>IES Tor\u00eds&nbsp;<\/li><li>Associaci\u00f3 de Persones Jubilades i Pensionistes El Castellet&nbsp;<\/li><li>CFPA de Tor\u00eds&nbsp;<\/li><li>Centre Joventut Municipal<\/li><\/ul>\n\n\n\n<figure class=\"wp-block-image size-large\"><img loading=\"lazy\" decoding=\"async\" width=\"768\" height=\"1024\" src=\"http:\/\/www.tucomarca.com\/wordpress\/segunda\/wp-content\/uploads\/2023\/11\/Turis25N_3-768x1024.jpg\" alt=\"\" class=\"wp-image-203335\" srcset=\"https:\/\/www.tucomarca.com\/wordpress\/segunda\/wp-content\/uploads\/2023\/11\/Turis25N_3-768x1024.jpg 768w, https:\/\/www.tucomarca.com\/wordpress\/segunda\/wp-content\/uploads\/2023\/11\/Turis25N_3-225x300.jpg 225w, https:\/\/www.tucomarca.com\/wordpress\/segunda\/wp-content\/uploads\/2023\/11\/Turis25N_3.jpg 886w\" sizes=\"auto, (max-width: 768px) 100vw, 768px\" \/><\/figure>\n","protected":false},"excerpt":{"rendered":"<div class=\"mh-excerpt\">L&#8217;Ajuntament de Tur\u00eds, a trav\u00e9s del departament de Serveis Socials d&#8217;Atenci\u00f3 Prim\u00e0ria B\u00e0sica, ha preparat diferents activitats per a tots els p\u00fablics per a commemorar el 25N, Dia Internacional de l&#8217;Eliminaci\u00f3 de la Viol\u00e8ncia Contra <a class=\"mh-excerpt-more\" href=\"https:\/\/www.tucomarca.com\/wordpress\/segunda\/ca\/turis-celebra-la-setmana-contra-la-violencia-de-genere-amb-diversos-actes-de-conscienciacio\/\" title=\"Tur\u00eds celebra la setmana contra la viol\u00e8ncia de g\u00e8nere amb diversos actes de conscienciaci\u00f3\">[+] <\/a><\/div>\n","protected":false},"author":12,"featured_media":203339,"comment_status":"open","ping_status":"open","sticky":false,"template":"","format":"gallery","meta":{"footnotes":""},"categories":[11019,10894,10902,11007,10947,10896,11047],"tags":[13087,11356,11093],"class_list":{"0":"post-203340","1":"post","2":"type-post","3":"status-publish","4":"format-gallery","5":"has-post-thumbnail","7":"category-agenda-ca","8":"category-la-comarca-ca","9":"category-la-ribera-ca","10":"category-ocio-y-cultura-ca","11":"category-politica","12":"category-seccion-ca","13":"category-turis-ca","14":"tag-25n-ca","15":"tag-ribera-alta-ca","16":"tag-turis-ca","17":"post_format-post-format-gallery"},"_links":{"self":[{"href":"https:\/\/www.tucomarca.com\/wordpress\/segunda\/ca\/wp-json\/wp\/v2\/posts\/203340","targetHints":{"allow":["GET"]}}],"collection":[{"href":"https:\/\/www.tucomarca.com\/wordpress\/segunda\/ca\/wp-json\/wp\/v2\/posts"}],"about":[{"href":"https:\/\/www.tucomarca.com\/wordpress\/segunda\/ca\/wp-json\/wp\/v2\/types\/post"}],"author":[{"embeddable":true,"href":"https:\/\/www.tucomarca.com\/wordpress\/segunda\/ca\/wp-json\/wp\/v2\/users\/12"}],"replies":[{"embeddable":true,"href":"https:\/\/www.tucomarca.com\/wordpress\/segunda\/ca\/wp-json\/wp\/v2\/comments?post=203340"}],"version-history":[{"count":0,"href":"https:\/\/www.tucomarca.com\/wordpress\/segunda\/ca\/wp-json\/wp\/v2\/posts\/203340\/revisions"}],"wp:featuredmedia":[{"embeddable":true,"href":"https:\/\/www.tucomarca.com\/wordpress\/segunda\/ca\/wp-json\/wp\/v2\/media\/203339"}],"wp:attachment":[{"href":"https:\/\/www.tucomarca.com\/wordpress\/segunda\/ca\/wp-json\/wp\/v2\/media?parent=203340"}],"wp:term":[{"taxonomy":"category","embeddable":true,"href":"https:\/\/www.tucomarca.com\/wordpress\/segunda\/ca\/wp-json\/wp\/v2\/categories?post=203340"},{"taxonomy":"post_tag","embeddable":true,"href":"https:\/\/www.tucomarca.com\/wordpress\/segunda\/ca\/wp-json\/wp\/v2\/tags?post=203340"}],"curies":[{"name":"wp","href":"https:\/\/api.w.org\/{rel}","templated":true}]}}