{"id":203457,"date":"2023-11-22T18:00:00","date_gmt":"2023-11-22T17:00:00","guid":{"rendered":"https:\/\/www.tucomarca.com\/wordpress\/segunda\/?p=203457"},"modified":"2023-11-22T22:29:04","modified_gmt":"2023-11-22T21:29:04","slug":"el-partit-de-requena-i-llogarets-prya-celebra-la-important-victoria-judicial-del-sector-del-cava-de-requena","status":"publish","type":"post","link":"https:\/\/www.tucomarca.com\/wordpress\/segunda\/ca\/el-partit-de-requena-i-llogarets-prya-celebra-la-important-victoria-judicial-del-sector-del-cava-de-requena\/","title":{"rendered":"El Partit de Requena i Llogarets (PRyA) celebra la important vict\u00f2ria judicial del sector del Cava de Requena"},"content":{"rendered":"\n<p>El PRyA felicita l&#8217;Associaci\u00f3\u00a0 d&#8217;Elaboradors de Cava de Requena per aconseguir una nova vict\u00f2ria judicial en la batalla per a utilitzar la denominaci\u00f3\u00a0&#8220;Cava de Requena&#8221;\u00a0en les seues botelles.\u00a0<br>El\u00a0Tribunal Suprem ha decidit no admetre a tr\u00e0mit\u00a0el recurs presentat pel Consell Regulador de la DOP Cava, controlat pels catalans, per incompliment de les exig\u00e8ncies legals de l&#8217;article 89.2 de la Llei de la Jurisdicci\u00f3 Contenciosa.<br>Amb aquesta decisi\u00f3 de la just\u00edcia, el sector del Cava de Requena aconsegueix alguna cosa que de per si \u00e9s l\u00f2gic, poder etiquetar com Cava de Requena les botelles requenenses.<br>&#8220;Des del PRyA no podem entendre com una denominaci\u00f3 d&#8217;origen, com \u00e9s la DO Cava, amb seu a Catalunya, va contra els interessos d&#8217;una part d&#8217;aquesta, com \u00e9s Requena, una cosa inacceptable i que, de manera justa, la just\u00edcia ha parat donant la ra\u00f3 als requenenses&#8221;, han manifestat des de la formaci\u00f3.\u00a0<br>&#8220;Des del PRyA donem les gr\u00e0cies a l&#8217;Associaci\u00f3\u00a0 d&#8217;Elaboradors de Cava de Requena per defensar els interessos de tot el sector, el qual \u00e9s un motor econ\u00f2mic de primer ordre per al nostre municipi&#8221;.\u00a0<br>&#8220;Estem segurs que amb aquesta decisi\u00f3, el Cava de Requena aconseguir\u00e0 els objectius que s&#8217;ha imposat, els quals beneficien a tots els requenenses. Hem de felicitar-nos per aix\u00f2&#8221;.\u00a0<br>&#8220;El Partit de Requena i Llogarets sempre ha fet costat al sector del Cava de Requena i aix\u00ed ho continuarem fent, eixe \u00e9s el nostre comprom\u00eds. Gr\u00e0cies una vegada m\u00e9s a l&#8217;Associaci\u00f3\u00a0 d&#8217;Elaboradors de Cava de Requena per defensar els interessos de tots els requenenses&#8221;, han finalitzat.<\/p>\n","protected":false},"excerpt":{"rendered":"<div class=\"mh-excerpt\">El PRyA felicita l&#8217;Associaci\u00f3\u00a0 d&#8217;Elaboradors de Cava de Requena per aconseguir una nova vict\u00f2ria judicial en la batalla per a utilitzar la denominaci\u00f3\u00a0&#8220;Cava de Requena&#8221;\u00a0en les seues botelles.\u00a0El\u00a0Tribunal Suprem ha decidit no admetre a tr\u00e0mit\u00a0el <a class=\"mh-excerpt-more\" href=\"https:\/\/www.tucomarca.com\/wordpress\/segunda\/ca\/el-partit-de-requena-i-llogarets-prya-celebra-la-important-victoria-judicial-del-sector-del-cava-de-requena\/\" title=\"El Partit de Requena i Llogarets (PRyA) celebra la important vict\u00f2ria judicial del sector del Cava de Requena\">[+] <\/a><\/div>\n","protected":false},"author":12,"featured_media":203456,"comment_status":"open","ping_status":"open","sticky":false,"template":"","format":"standard","meta":{"footnotes":""},"categories":[11006,10894,10947,10908,10909,10896],"tags":[13148,12796,11099,10910],"class_list":{"0":"post-203457","1":"post","2":"type-post","3":"status-publish","4":"format-standard","5":"has-post-thumbnail","7":"category-canal-vinos","8":"category-la-comarca-ca","9":"category-politica","10":"category-requena-ca","11":"category-requena-utiel-ca","12":"category-seccion-ca","13":"tag-cava-de-requena-ca","14":"tag-prya-ca","15":"tag-requena-ca","16":"tag-requena-utiel-ca"},"_links":{"self":[{"href":"https:\/\/www.tucomarca.com\/wordpress\/segunda\/ca\/wp-json\/wp\/v2\/posts\/203457","targetHints":{"allow":["GET"]}}],"collection":[{"href":"https:\/\/www.tucomarca.com\/wordpress\/segunda\/ca\/wp-json\/wp\/v2\/posts"}],"about":[{"href":"https:\/\/www.tucomarca.com\/wordpress\/segunda\/ca\/wp-json\/wp\/v2\/types\/post"}],"author":[{"embeddable":true,"href":"https:\/\/www.tucomarca.com\/wordpress\/segunda\/ca\/wp-json\/wp\/v2\/users\/12"}],"replies":[{"embeddable":true,"href":"https:\/\/www.tucomarca.com\/wordpress\/segunda\/ca\/wp-json\/wp\/v2\/comments?post=203457"}],"version-history":[{"count":0,"href":"https:\/\/www.tucomarca.com\/wordpress\/segunda\/ca\/wp-json\/wp\/v2\/posts\/203457\/revisions"}],"wp:featuredmedia":[{"embeddable":true,"href":"https:\/\/www.tucomarca.com\/wordpress\/segunda\/ca\/wp-json\/wp\/v2\/media\/203456"}],"wp:attachment":[{"href":"https:\/\/www.tucomarca.com\/wordpress\/segunda\/ca\/wp-json\/wp\/v2\/media?parent=203457"}],"wp:term":[{"taxonomy":"category","embeddable":true,"href":"https:\/\/www.tucomarca.com\/wordpress\/segunda\/ca\/wp-json\/wp\/v2\/categories?post=203457"},{"taxonomy":"post_tag","embeddable":true,"href":"https:\/\/www.tucomarca.com\/wordpress\/segunda\/ca\/wp-json\/wp\/v2\/tags?post=203457"}],"curies":[{"name":"wp","href":"https:\/\/api.w.org\/{rel}","templated":true}]}}