{"id":203526,"date":"2023-11-23T13:00:00","date_gmt":"2023-11-23T12:00:00","guid":{"rendered":"https:\/\/www.tucomarca.com\/wordpress\/segunda\/?p=203526"},"modified":"2023-11-23T21:13:15","modified_gmt":"2023-11-23T20:13:15","slug":"utiel-organitza-yincanas-sobre-igualtat-en-centres-educatius-del-municipi-per-a-sensibilitzar-als-mes-joves-en-la-setmana-del-25-n","status":"publish","type":"post","link":"https:\/\/www.tucomarca.com\/wordpress\/segunda\/ca\/utiel-organitza-yincanas-sobre-igualtat-en-centres-educatius-del-municipi-per-a-sensibilitzar-als-mes-joves-en-la-setmana-del-25-n\/","title":{"rendered":"Utiel organitza yincanas sobre igualtat en centres educatius del municipi per a sensibilitzar als m\u00e9s joves en la setmana del 25-N"},"content":{"rendered":"\n<h4 class=\"wp-block-heading\">Amb motiu de la celebraci\u00f3 del Dia Internacional de l&#8217;Eliminaci\u00f3 de la Viol\u00e8ncia contra la Dona, l&#8217;Ajuntament d&#8217;Utiel programa activitats de difusi\u00f3 i sensibilitzaci\u00f3 amb els joves com a col\u00b7lectiu prioritari.<\/h4>\n\n\n\n<p>Dem\u00e0, a les 12.00 hores en la pla\u00e7a de l&#8217;Ajuntament d&#8217;Utiel, es donar\u00e0 lectura al manifest 25-N i es guardar\u00e0 un minut de silenci per totes les v\u00edctimes. S&#8217;instal\u00b7lar\u00e0 un punt violeta per a facilitar informaci\u00f3 sobre recursos espec\u00edfics en mat\u00e8ria d&#8217;igualtat i prevenci\u00f3 de viol\u00e8ncia de g\u00e8nere.<\/p>\n\n\n\n<p>Alumnat de 5\u00b0 i 6\u00b0 d&#8217;educaci\u00f3 prim\u00e0ria de centres educatius d&#8217;Utiel est\u00e0 participant durant aquesta setmana en les yincanas tem\u00e0tiques organitzades per la Unitat d&#8217;Igualtat de l&#8217;Ajuntament d&#8217;Utiel amb motiu de la setmana del 25-N, Dia Internacional de l&#8217;Eliminaci\u00f3 de la Viol\u00e8ncia contra la Dona. L&#8217;objectiu \u00e9s sensibilitzar als m\u00e9s joves a trav\u00e9s d&#8217;activitats espec\u00edfiques en les quals s&#8217;aborden diferents situacions de la vida quotidiana amb la igualtat com a mat\u00e8ria transversal.&nbsp;<\/p>\n\n\n\n<p>Sota el t\u00edtol\u201d Voler-me b\u00e9, per a voler b\u00e9\u201d l&#8217;alumnat participa en les diferents proves\/activitats per a analitzar senyals d&#8217;alarma en les maneres d&#8217;actuar o de pensar en les relacions tant socials com de parella. L&#8217;objectiu \u00e9s sensibilitzar als m\u00e9s joves a trav\u00e9s d&#8217;accions espec\u00edfiques en les quals s&#8217;aborden situacions de la vida quotidiana amb la igualtat com a mat\u00e8ria transversal.&nbsp;<\/p>\n\n\n\n<p>En aquesta mateixa l\u00ednia, l&#8217;alumnat dels IES d&#8217;Utiel continua amb tallers de sensibilitzaci\u00f3 en mat\u00e8ria d&#8217;igualtat i de lluita contra la viol\u00e8ncia de g\u00e8nere i els consellers del CLIA, com a representants dels centres educatius del municipi, continuen abordant en les seues reunions mensuals actuacions vinculades a la difusi\u00f3 de campanyes preventives.<\/p>\n\n\n\n<p>La campanya d&#8217;Utiel en contra de la viol\u00e8ncia de g\u00e8nere organitzada per la unitat d&#8217;igualtat del consistori compta amb la col\u00b7laboraci\u00f3 del departament de Serveis Socials d&#8217;Utiel, la Xarxa Valenciana d&#8217;Igualtat i l&#8217;Oficina d&#8217;Assist\u00e8ncia a les V\u00edctimes del Delicte (O.A.V.D) d&#8217;Utiel, en la qual el 60% de delictes atesos enguany estan relacionats amb viol\u00e8ncia de g\u00e8nere i viol\u00e8ncia dom\u00e8stica i amb m\u00e9s de mig centenar d&#8217;ordres actives de protecci\u00f3 de v\u00edctimes de viol\u00e8ncia de g\u00e8nere.<\/p>\n\n\n\n<p><strong>Programaci\u00f3 25-N a Utiel&nbsp;<\/strong><\/p>\n\n\n\n<p>Utiel se suma a la campanya 25-N pel Dia Internacional de l&#8217;Eliminaci\u00f3 de la Viol\u00e8ncia contra la Dona, amb l&#8217;objectiu de sensibilitzar a la poblaci\u00f3 sobre aquesta xacra social, la viol\u00e8ncia de g\u00e8nere, que durant aquest 2023 ha posat fi a la vida de 52 dones, assassinades a les mans de les seues parelles o exparelles.&nbsp;<\/p>\n\n\n\n<p>Com cada any, el balc\u00f3 consistorial es vestir\u00e0 amb lla\u00e7os morats i pancarta reivindicativa com a mostra de repulsa contra la viol\u00e8ncia de g\u00e8nere i l&#8217;Ajuntament d&#8217;Utiel programa accions de difusi\u00f3 i sensibilitzaci\u00f3.<\/p>\n\n\n\n<p>Dem\u00e0, jornada pr\u00e8via la commemoraci\u00f3 del Dia Internacional de l&#8217;Eliminaci\u00f3 de la Viol\u00e8ncia contra la Dona, R\u00e0dio Utiel emetr\u00e0 a partir de les 10.30 hores el programa especial sobre les activitats del 25-N a Utiel i la informaci\u00f3 sobre els recursos i serveis amb els quals compta Utiel per a la lluita contra la viol\u00e8ncia de g\u00e8nere.<\/p>\n\n\n\n<p>A les 12.00 hores, en la pla\u00e7a de l&#8217;Ajuntament d&#8217;Utiel, tindr\u00e0 lloc la concentraci\u00f3 i lectura de la declaraci\u00f3 institucional amb motiu de la commemoraci\u00f3 del 25-N.&nbsp;<\/p>\n\n\n\n<p>Un acte al qual est\u00e0 convocada tota la ciutadania, associacions i entitats i en la qual participaran de manera activa tots els centres educatius del municipi. En finalitzar es guardar\u00e0 un minut de silenci per totes les v\u00edctimes d&#8217;aquesta mena de viol\u00e8ncia.<\/p>\n\n\n\n<p>A m\u00e9s, la Pla\u00e7a de l&#8217;Ajuntament d&#8217;Utiel es convertir\u00e0 en Punt Violeta amb l&#8217;habilitaci\u00f3 d&#8217;aquest espai informatiu, d&#8217;orientaci\u00f3 i assessorament sobre els recursos espec\u00edfics en mat\u00e8ria d&#8217;igualtat i prevenci\u00f3 de la viol\u00e8ncia de g\u00e8nere. De manera paral\u00b7lela es desenvolupar\u00e0 un taller de xapes amb tem\u00e0tica 25-N per a sensibilitzar a la poblaci\u00f3 sobre la import\u00e0ncia de continuar lluitant per a erradicar la viol\u00e8ncia de g\u00e8nere.<\/p>\n\n\n\n<p>El dissabte, 25 de novembre, Dia Internacional de l&#8217;Eliminaci\u00f3 de la Viol\u00e8ncia contra la Dona, a partir de les 18.30 hores, la fa\u00e7ana de l&#8217;Ajuntament d&#8217;Utiel es tenyir\u00e0 de color morat en senyal de repulsa contra la viol\u00e8ncia de g\u00e8nere i com a mostra de suport a les v\u00edctimes i els seus familiars.<\/p>\n\n\n\n<p><strong>Lluita contra la Viol\u00e8ncia de G\u00e8nere: Recursos disponibles a Utiel&nbsp;<\/strong><\/p>\n\n\n\n<p>&#8211;<strong>Oficina d&#8217;Atenci\u00f3 a les V\u00edctimes del Delicte &#8211; OAVD Utiel&nbsp;<\/strong><\/p>\n\n\n\n<p>Utiel compta amb una Oficina d&#8217;Atenci\u00f3 a les V\u00edctimes del Delicte (OAVD) que, entre els seus serveis, inclou l&#8217;atenci\u00f3 a v\u00edctimes de viol\u00e8ncia de g\u00e8nere.<\/p>\n\n\n\n<p>Des de la OAVD, es realitza l&#8217;assessorament jur\u00eddic a v\u00edctimes directes i indirectes, es facilita suport emocional i es coordinen accions amb les diferents institucions implicades (cossos de seguretat, serveis sanitaris, educatius \u2026)<\/p>\n\n\n\n<p>La OAVD d&#8217;Utiel est\u00e0 situada en la reguarda de la Policia Local d&#8217;Utiel i ofereix diferents vies de contacte: Tel\u00e8fon 96 217 31 26, WhatsApp 637 83 85 90 o mail &nbsp;mates_utiel@gva.es. En&nbsp;cas d&#8217;urg\u00e8ncia, el tel\u00e8fon&nbsp;016&nbsp;est\u00e0 operatiu els 365 dies de l&#8217;any, 24 hores, i la crida no deixa rastre. A la Comunitat Valenciana, tamb\u00e9 est\u00e0 disponible el Centre Dona 24 hores&nbsp;900 580 888.<\/p>\n\n\n\n<p>&#8211;<strong>Departament de Serveis Socials Utiel&nbsp;<\/strong><\/p>\n\n\n\n<p>L&#8217;equip de serveis socials de l&#8217;Ajuntament d&#8217;Utiel assessora i interv\u00e9 des de l&#8217;\u00e0mbit educatiu, psicol\u00f2gic i social fent costat a qualsevol dona que patisca viol\u00e8ncia de g\u00e8nere. Es presta assist\u00e8ncia social integral des de diferents \u00e0rees, que es poden resumir en els seg\u00fcents eixos fonamentals:<br>Suport social i psicol\u00f2gic: Seguiment dels casos, assessorament en ajudes econ\u00f2miques i tramitaci\u00f3 del dispositiu de teleassist\u00e8ncia per a les v\u00edctimes de viol\u00e8ncia de g\u00e8nere (Servei ATENPRO) aix\u00ed com atenci\u00f3 psicol\u00f2gica especialitzada.<br>Informaci\u00f3: Es proporciona assessorament especialitzat sobre els recursos al seu abast: Xarxa de Centres Dones, Centres Integrals de Protecci\u00f3 o Cases d&#8217;Acolliment, Oficina d&#8217;Assist\u00e8ncia a les V\u00edctimes, Agent d&#8217;Igualtat i Tel\u00e8fon 016.<\/p>\n\n\n\n<p>&#8211;<strong>Servei d&#8217;Igualtat d&#8217;Utiel&nbsp;<\/strong><\/p>\n\n\n\n<p>La Unitat d&#8217;Igualtat d&#8217;Utiel, pertanyent a la Xarxa Valenciana d&#8217;Agents d&#8217;Igualtat, ofereix un servei gratu\u00eft i confidencial d&#8217;assessorament, informaci\u00f3 i orientaci\u00f3 en mat\u00e8ria d&#8217;igualtat d&#8217;oportunitats entre dones i homes, aix\u00ed com de prevenci\u00f3 de la viol\u00e8ncia de g\u00e8nere, realitzant activitats a nivell individual i comunitari.&nbsp;<\/p>\n\n\n\n<p>L&#8217;objectiu d&#8217;aquest departament \u00e9s promoure i implantar la perspectiva de g\u00e8nere a trav\u00e9s de plans d&#8217;igualtat, coordinar accions amb serveis especialitzats, aix\u00ed com accions de sensibilitzaci\u00f3 i prevenci\u00f3 de la viol\u00e8ncia de g\u00e8nere.<\/p>\n\n\n\n<p><\/p>\n","protected":false},"excerpt":{"rendered":"<div class=\"mh-excerpt\">Amb motiu de la celebraci\u00f3 del Dia Internacional de l&#8217;Eliminaci\u00f3 de la Viol\u00e8ncia contra la Dona, l&#8217;Ajuntament d&#8217;Utiel programa activitats de difusi\u00f3 i sensibilitzaci\u00f3 amb els joves com a col\u00b7lectiu prioritari. Dem\u00e0, a les 12.00 <a class=\"mh-excerpt-more\" href=\"https:\/\/www.tucomarca.com\/wordpress\/segunda\/ca\/utiel-organitza-yincanas-sobre-igualtat-en-centres-educatius-del-municipi-per-a-sensibilitzar-als-mes-joves-en-la-setmana-del-25-n\/\" title=\"Utiel organitza yincanas sobre igualtat en centres educatius del municipi per a sensibilitzar als m\u00e9s joves en la setmana del 25-N\">[+] <\/a><\/div>\n","protected":false},"author":12,"featured_media":203524,"comment_status":"open","ping_status":"open","sticky":false,"template":"","format":"standard","meta":{"footnotes":""},"categories":[11019,10894,11007,10947,10909,10896,11059],"tags":[13087,10910,11174],"class_list":{"0":"post-203526","1":"post","2":"type-post","3":"status-publish","4":"format-standard","5":"has-post-thumbnail","7":"category-agenda-ca","8":"category-la-comarca-ca","9":"category-ocio-y-cultura-ca","10":"category-politica","11":"category-requena-utiel-ca","12":"category-seccion-ca","13":"category-utiel-ca","14":"tag-25n-ca","15":"tag-requena-utiel-ca","16":"tag-utiel-ca"},"_links":{"self":[{"href":"https:\/\/www.tucomarca.com\/wordpress\/segunda\/ca\/wp-json\/wp\/v2\/posts\/203526","targetHints":{"allow":["GET"]}}],"collection":[{"href":"https:\/\/www.tucomarca.com\/wordpress\/segunda\/ca\/wp-json\/wp\/v2\/posts"}],"about":[{"href":"https:\/\/www.tucomarca.com\/wordpress\/segunda\/ca\/wp-json\/wp\/v2\/types\/post"}],"author":[{"embeddable":true,"href":"https:\/\/www.tucomarca.com\/wordpress\/segunda\/ca\/wp-json\/wp\/v2\/users\/12"}],"replies":[{"embeddable":true,"href":"https:\/\/www.tucomarca.com\/wordpress\/segunda\/ca\/wp-json\/wp\/v2\/comments?post=203526"}],"version-history":[{"count":0,"href":"https:\/\/www.tucomarca.com\/wordpress\/segunda\/ca\/wp-json\/wp\/v2\/posts\/203526\/revisions"}],"wp:featuredmedia":[{"embeddable":true,"href":"https:\/\/www.tucomarca.com\/wordpress\/segunda\/ca\/wp-json\/wp\/v2\/media\/203524"}],"wp:attachment":[{"href":"https:\/\/www.tucomarca.com\/wordpress\/segunda\/ca\/wp-json\/wp\/v2\/media?parent=203526"}],"wp:term":[{"taxonomy":"category","embeddable":true,"href":"https:\/\/www.tucomarca.com\/wordpress\/segunda\/ca\/wp-json\/wp\/v2\/categories?post=203526"},{"taxonomy":"post_tag","embeddable":true,"href":"https:\/\/www.tucomarca.com\/wordpress\/segunda\/ca\/wp-json\/wp\/v2\/tags?post=203526"}],"curies":[{"name":"wp","href":"https:\/\/api.w.org\/{rel}","templated":true}]}}