{"id":203691,"date":"2023-11-25T10:00:00","date_gmt":"2023-11-25T09:00:00","guid":{"rendered":"https:\/\/www.tucomarca.com\/wordpress\/segunda\/?p=203691"},"modified":"2023-11-25T19:33:19","modified_gmt":"2023-11-25T18:33:19","slug":"alboraig-acollira-el-mes-vinent-de-maig-el-primer-festival-de-circ-de-carrer-art-urba-i-fotografia-de-la-comunitat-valenciana","status":"publish","type":"post","link":"https:\/\/www.tucomarca.com\/wordpress\/segunda\/ca\/alboraig-acollira-el-mes-vinent-de-maig-el-primer-festival-de-circ-de-carrer-art-urba-i-fotografia-de-la-comunitat-valenciana\/","title":{"rendered":"Alboraig acollir\u00e0 el mes vinent de maig el primer festival de circ de carrer, art urb\u00e0 i fotografia de la Comunitat Valenciana"},"content":{"rendered":"\n<figure class=\"wp-block-gallery has-nested-images columns-default is-cropped wp-block-gallery-1 is-layout-flex wp-block-gallery-is-layout-flex\">\n<figure class=\"wp-block-image size-large\"><img loading=\"lazy\" decoding=\"async\" width=\"886\" height=\"593\" data-id=\"203690\" src=\"http:\/\/www.tucomarca.com\/wordpress\/segunda\/wp-content\/uploads\/2023\/11\/AlboracheFestival1.jpg\" alt=\"\" class=\"wp-image-203690\" srcset=\"https:\/\/www.tucomarca.com\/wordpress\/segunda\/wp-content\/uploads\/2023\/11\/AlboracheFestival1.jpg 886w, https:\/\/www.tucomarca.com\/wordpress\/segunda\/wp-content\/uploads\/2023\/11\/AlboracheFestival1-300x201.jpg 300w, https:\/\/www.tucomarca.com\/wordpress\/segunda\/wp-content\/uploads\/2023\/11\/AlboracheFestival1-768x514.jpg 768w\" sizes=\"auto, (max-width: 886px) 100vw, 886px\" \/><\/figure>\n\n\n\n<figure class=\"wp-block-image size-large\"><img loading=\"lazy\" decoding=\"async\" width=\"886\" height=\"590\" data-id=\"203688\" src=\"http:\/\/www.tucomarca.com\/wordpress\/segunda\/wp-content\/uploads\/2023\/11\/AlboracheFestival2.jpg\" alt=\"\" class=\"wp-image-203688\" srcset=\"https:\/\/www.tucomarca.com\/wordpress\/segunda\/wp-content\/uploads\/2023\/11\/AlboracheFestival2.jpg 886w, https:\/\/www.tucomarca.com\/wordpress\/segunda\/wp-content\/uploads\/2023\/11\/AlboracheFestival2-300x200.jpg 300w, https:\/\/www.tucomarca.com\/wordpress\/segunda\/wp-content\/uploads\/2023\/11\/AlboracheFestival2-768x511.jpg 768w\" sizes=\"auto, (max-width: 886px) 100vw, 886px\" \/><\/figure>\n<\/figure>\n\n\n\n<p>L&#8217;11 i 12 de maig, el municipi d&#8217;Alboraig es convertir\u00e0 en un escenari de circ a l&#8217;aire lliure, on es donaran cita artistes regionals i nacionals per a mostrar els seus espectacles de malabars, acrob\u00e0cies, clown, m\u00e0gia i altres disciplines circenses. El festival d&#8217;art urb\u00e0, organitzat per Dinamic Xou, t\u00e9 com a objectiu promoure el circ com una forma d&#8217;expressi\u00f3 art\u00edstica i social, aix\u00ed com fomentar la participaci\u00f3 ciutadana i el desenvolupament tur\u00edstic local.&nbsp;<br>Zorricos Fest, com s&#8217;ha batejat a l&#8217;esdeveniment, comptar\u00e0 amb una programaci\u00f3 variada i principalment gratu\u00efta, que inclour\u00e0 actuacions de circ de carrer, tallers d&#8217;iniciaci\u00f3 al m\u00f3n de l&#8217;espectacle i a les arts pl\u00e0stiques, exposicions d&#8217;art urb\u00e0, concurs de fotografia, taules redones i \u201cspeed meetings\u201d amb programadors d&#8217;espectacles de la Comunitat Valenciana. D&#8217;aquesta manera, el festival pret\u00e9n ser, a m\u00e9s d&#8217;un projecte l\u00fadic per a la poblaci\u00f3 general, un aparador del sector i un possible trampol\u00ed per als artistes.&nbsp;<br>L&#8217;ajuntament d&#8217;Alboraig crea aquesta iniciativa amb la intenci\u00f3 de formar un espai de trobada, intercanvi i difusi\u00f3 de la cultura circense, aix\u00ed com generar un impacte positiu a nivell cultural i tur\u00edstic en el territori i en els seus habitants. Mostra del comprom\u00eds del municipi amb el festival \u00e9s l&#8217;adequaci\u00f3, per als artistes assistents, d&#8217;instal\u00b7lacions en les quals puguen allotjar-se durant el cap de setmana en el qual tindr\u00e0 lloc l&#8217;esdeveniment, a m\u00e9s de diverses activitats complement\u00e0ries.&nbsp;<br>Dinamic Xou, l&#8217;empresa organitzadora d&#8217;aquest festival, ha col\u00b7laborat en diverses ocasions amb el Circ del Sol, i aporta a aquest projecte m\u00e9s de 20 anys d&#8217;experi\u00e8ncia en el m\u00f3n del circ contemporani, juntament amb un gran elenc d&#8217;artistes propis que participaran en el n\u00famero final que clausurar\u00e0 el certamen.&nbsp;<br>Per a m\u00e9s informaci\u00f3 i actualitzacions es pot consultar a l&#8217;ajuntament d&#8217;Alboraig, l&#8217;empresa Dinamic Xou, la p\u00e0gina web del festival, o les seues xarxes socials:<\/p>\n\n\n\n<p>www.zorricosfest.com&nbsp;<br>Insgram: @zorricosfest<\/p>\n","protected":false},"excerpt":{"rendered":"<div class=\"mh-excerpt\">L&#8217;11 i 12 de maig, el municipi d&#8217;Alboraig es convertir\u00e0 en un escenari de circ a l&#8217;aire lliure, on es donaran cita artistes regionals i nacionals per a mostrar els seus espectacles de malabars, acrob\u00e0cies, <a class=\"mh-excerpt-more\" href=\"https:\/\/www.tucomarca.com\/wordpress\/segunda\/ca\/alboraig-acollira-el-mes-vinent-de-maig-el-primer-festival-de-circ-de-carrer-art-urba-i-fotografia-de-la-comunitat-valenciana\/\" title=\"Alboraig acollir\u00e0 el mes vinent de maig el primer festival de circ de carrer, art urb\u00e0 i fotografia de la Comunitat Valenciana\">[+] <\/a><\/div>\n","protected":false},"author":12,"featured_media":203684,"comment_status":"open","ping_status":"open","sticky":false,"template":"","format":"gallery","meta":{"footnotes":""},"categories":[11019,10973,10894,10912,11007,10896],"tags":[11224,10914,19925],"class_list":{"0":"post-203691","1":"post","2":"type-post","3":"status-publish","4":"format-gallery","5":"has-post-thumbnail","7":"category-agenda-ca","8":"category-alborache-ca","9":"category-la-comarca-ca","10":"category-la-hoya-ca","11":"category-ocio-y-cultura-ca","12":"category-seccion-ca","13":"tag-alborache-ca","14":"tag-la-hoya-de-bunol-chiva-ca","15":"tag-zorricos-fest-ca","16":"post_format-post-format-gallery"},"_links":{"self":[{"href":"https:\/\/www.tucomarca.com\/wordpress\/segunda\/ca\/wp-json\/wp\/v2\/posts\/203691","targetHints":{"allow":["GET"]}}],"collection":[{"href":"https:\/\/www.tucomarca.com\/wordpress\/segunda\/ca\/wp-json\/wp\/v2\/posts"}],"about":[{"href":"https:\/\/www.tucomarca.com\/wordpress\/segunda\/ca\/wp-json\/wp\/v2\/types\/post"}],"author":[{"embeddable":true,"href":"https:\/\/www.tucomarca.com\/wordpress\/segunda\/ca\/wp-json\/wp\/v2\/users\/12"}],"replies":[{"embeddable":true,"href":"https:\/\/www.tucomarca.com\/wordpress\/segunda\/ca\/wp-json\/wp\/v2\/comments?post=203691"}],"version-history":[{"count":0,"href":"https:\/\/www.tucomarca.com\/wordpress\/segunda\/ca\/wp-json\/wp\/v2\/posts\/203691\/revisions"}],"wp:featuredmedia":[{"embeddable":true,"href":"https:\/\/www.tucomarca.com\/wordpress\/segunda\/ca\/wp-json\/wp\/v2\/media\/203684"}],"wp:attachment":[{"href":"https:\/\/www.tucomarca.com\/wordpress\/segunda\/ca\/wp-json\/wp\/v2\/media?parent=203691"}],"wp:term":[{"taxonomy":"category","embeddable":true,"href":"https:\/\/www.tucomarca.com\/wordpress\/segunda\/ca\/wp-json\/wp\/v2\/categories?post=203691"},{"taxonomy":"post_tag","embeddable":true,"href":"https:\/\/www.tucomarca.com\/wordpress\/segunda\/ca\/wp-json\/wp\/v2\/tags?post=203691"}],"curies":[{"name":"wp","href":"https:\/\/api.w.org\/{rel}","templated":true}]}}