{"id":203775,"date":"2023-11-27T12:00:00","date_gmt":"2023-11-27T11:00:00","guid":{"rendered":"https:\/\/www.tucomarca.com\/wordpress\/segunda\/?p=203775"},"modified":"2023-11-27T18:40:52","modified_gmt":"2023-11-27T17:40:52","slug":"benaguasil-commemora-el-dia-internacional-contra-la-violencia-de-genere","status":"publish","type":"post","link":"https:\/\/www.tucomarca.com\/wordpress\/segunda\/ca\/benaguasil-commemora-el-dia-internacional-contra-la-violencia-de-genere\/","title":{"rendered":"Benaguasil commemora el Dia Internacional contra la Viol\u00e8ncia de G\u00e8nere"},"content":{"rendered":"\n<h4 class=\"wp-block-heading\">El director general de Diversitat, Stephane Soriano, ha llegit el manifest institucional per a condemnar aquesta xacra social.<\/h4>\n\n\n\n<p>L&#8217;Ajuntament de Benaguasil va celebrar dissabte passat l&#8217;acte institucional pel Dia Internacional per a l&#8217;Eliminaci\u00f3 de la Viol\u00e8ncia contra la Dona per a mostrar el ferm rebuig del consistori contra aquesta xacra social.<br>Els actes, celebrats en el centre multifuncional BClub, es van iniciar amb la lectura del manifest contra la viol\u00e8ncia de g\u00e8nere que va ser llegit pel director general de Diversitat, Stephane Soriano, qui va estar acompanyat per l&#8217;alcalde, Ximo Segarra, la regidor d&#8217;Igualtat, Alicia Molina i regidors de la corporaci\u00f3 municipal.<br>La jornada va continuar amb una taula redona sobre la igualtat que va comptar amb la participaci\u00f3 de dones del municipi procedents de diferents \u00e0mbits: Elena Garc\u00eda, militar en la reserva; Isabel Brisa, empleada jubilada de l&#8217;ONCE; Monty Peir\u00f3, m\u00fasic i cantant en el duo \u201cThe Umbrellas\u201d i Alicia Molina, regidor i infermera.<br>Totes elles van comptar la seua experi\u00e8ncia en l&#8217;\u00e0mbit laboral i van reflexionar sobre la igualtat d&#8217;oportunitats entre dones i homes, incidint en la import\u00e0ncia de poder educar des de la igualtat, la llibertat, la toler\u00e0ncia i el respecte.<br>La sessi\u00f3 va finalitzar amb l&#8217;actuaci\u00f3 musical del duo \u201cThe Umbrellas\u201d que va interpretar can\u00e7ons compromeses amb una societat lliure de viol\u00e8ncia de g\u00e8nere, i un tardeo.<br>Amb aquests actes l&#8217;Ajuntament ha posat de manifest el comprom\u00eds d&#8217;aquesta Administraci\u00f3 en la lluita contra la viol\u00e8ncia masclista. \u201cDes de l&#8217;equip de Govern som conscients de la import\u00e0ncia de continuar treballant per a combatre aquesta xacra i apostar per una igualtat real en tots els \u00e0mbits, ja que estem davant un problema que afecta a tota la ciutadania i cal unir esfor\u00e7os per a posar fi a la discriminaci\u00f3 que les dones continuen patint en l&#8217;actualitat\u201d, ha assenyalat l&#8217;edil Alicia Molina.<\/p>\n\n\n\n<p><\/p>\n","protected":false},"excerpt":{"rendered":"<div class=\"mh-excerpt\">El director general de Diversitat, Stephane Soriano, ha llegit el manifest institucional per a condemnar aquesta xacra social. L&#8217;Ajuntament de Benaguasil va celebrar dissabte passat l&#8217;acte institucional pel Dia Internacional per a l&#8217;Eliminaci\u00f3 de la <a class=\"mh-excerpt-more\" href=\"https:\/\/www.tucomarca.com\/wordpress\/segunda\/ca\/benaguasil-commemora-el-dia-internacional-contra-la-violencia-de-genere\/\" title=\"Benaguasil commemora el Dia Internacional contra la Viol\u00e8ncia de G\u00e8nere\">[+] <\/a><\/div>\n","protected":false},"author":12,"featured_media":203774,"comment_status":"open","ping_status":"open","sticky":false,"template":"","format":"standard","meta":{"footnotes":""},"categories":[10952,10892,10894,11007,10947,10896],"tags":[13087,11136,10899],"class_list":{"0":"post-203775","1":"post","2":"type-post","3":"status-publish","4":"format-standard","5":"has-post-thumbnail","7":"category-benaguasil-ca","8":"category-camp-de-turia-ca","9":"category-la-comarca-ca","10":"category-ocio-y-cultura-ca","11":"category-politica","12":"category-seccion-ca","13":"tag-25n-ca","14":"tag-benaguasil-ca","15":"tag-camp-de-turia-ca"},"_links":{"self":[{"href":"https:\/\/www.tucomarca.com\/wordpress\/segunda\/ca\/wp-json\/wp\/v2\/posts\/203775","targetHints":{"allow":["GET"]}}],"collection":[{"href":"https:\/\/www.tucomarca.com\/wordpress\/segunda\/ca\/wp-json\/wp\/v2\/posts"}],"about":[{"href":"https:\/\/www.tucomarca.com\/wordpress\/segunda\/ca\/wp-json\/wp\/v2\/types\/post"}],"author":[{"embeddable":true,"href":"https:\/\/www.tucomarca.com\/wordpress\/segunda\/ca\/wp-json\/wp\/v2\/users\/12"}],"replies":[{"embeddable":true,"href":"https:\/\/www.tucomarca.com\/wordpress\/segunda\/ca\/wp-json\/wp\/v2\/comments?post=203775"}],"version-history":[{"count":0,"href":"https:\/\/www.tucomarca.com\/wordpress\/segunda\/ca\/wp-json\/wp\/v2\/posts\/203775\/revisions"}],"wp:featuredmedia":[{"embeddable":true,"href":"https:\/\/www.tucomarca.com\/wordpress\/segunda\/ca\/wp-json\/wp\/v2\/media\/203774"}],"wp:attachment":[{"href":"https:\/\/www.tucomarca.com\/wordpress\/segunda\/ca\/wp-json\/wp\/v2\/media?parent=203775"}],"wp:term":[{"taxonomy":"category","embeddable":true,"href":"https:\/\/www.tucomarca.com\/wordpress\/segunda\/ca\/wp-json\/wp\/v2\/categories?post=203775"},{"taxonomy":"post_tag","embeddable":true,"href":"https:\/\/www.tucomarca.com\/wordpress\/segunda\/ca\/wp-json\/wp\/v2\/tags?post=203775"}],"curies":[{"name":"wp","href":"https:\/\/api.w.org\/{rel}","templated":true}]}}