{"id":203841,"date":"2023-11-28T10:00:00","date_gmt":"2023-11-28T09:00:00","guid":{"rendered":"https:\/\/www.tucomarca.com\/wordpress\/segunda\/?p=203841"},"modified":"2023-11-28T19:42:16","modified_gmt":"2023-11-28T18:42:16","slug":"xest-convoca-la-xvi-edicio-del-concurs-daparadorisme","status":"publish","type":"post","link":"https:\/\/www.tucomarca.com\/wordpress\/segunda\/ca\/xest-convoca-la-xvi-edicio-del-concurs-daparadorisme\/","title":{"rendered":"Xest convoca la XVI edici\u00f3 del concurs d&#8217;aparadorisme"},"content":{"rendered":"\n<p>L&#8217;Ajuntament ha convocat la XVI edici\u00f3 del concurs d&#8217;aparadorisme, una iniciativa de promoci\u00f3 dels negocis locals promoguda des de la Regidoria de Comer\u00e7.<\/p>\n\n\n\n<p>\u201cContinuem treballant per a impulsar i recolzar al nostre teixit comercial amb accions com aquesta, en el marc de la campanya Compra a Xest, compra a casa\u201d, ha apuntat la regidora de Comer\u00e7, Brenda Jim\u00e9nez. \u201cAmb aquest concurs, a m\u00e9s de repartir 1.000 euros en premis entre els comer\u00e7os, aconseguim que els nostres locals siguen m\u00e9s atractius i animem aix\u00ed al fet que els ve\u00efns i ve\u00efnes facen les seues compres nadalenques a Xest\u201d.<\/p>\n\n\n\n<p>En aquesta ocasi\u00f3 es repartiran 7 premis de 100 euros i un especial de 300 euros entre els comer\u00e7os participants. Es valoraran aspectes com el disseny, la il\u00b7luminaci\u00f3, el colorit, l&#8217;originalitat, la composici\u00f3, la innovaci\u00f3, l&#8217;\u00fas de material reciclat o utilitzaci\u00f3 d&#8217;elements en moviment, entre altres.<\/p>\n\n\n\n<p>El 13 de desembre es far\u00e0 la visita als aparadors participants per part del jurat, format per comerciants del mercat municipal, personal del centre de formaci\u00f3 de persones adultes i representants de l&#8217;associaci\u00f3 de mestresses de casa, la junta local de la AECC, la llar del jubilat i les dues falles locals.<\/p>\n\n\n\n<p>\u201cAnime els negocis a decorar els seus aparadors amb motius nadalencs i a sumar-se aix\u00ed a una iniciativa que posa en valor el comer\u00e7 de proximitat\u201d, ha declarat l&#8217;alcalde, Jos\u00e9 Morell.<\/p>\n\n\n\n<p>Els establiments interessats podran realitzar la seua inscripci\u00f3 fins al 12 de desembre a l&#8217;Ajuntament o en l&#8217;oficina de Turisme.<\/p>\n","protected":false},"excerpt":{"rendered":"<div class=\"mh-excerpt\">L&#8217;Ajuntament ha convocat la XVI edici\u00f3 del concurs d&#8217;aparadorisme, una iniciativa de promoci\u00f3 dels negocis locals promoguda des de la Regidoria de Comer\u00e7. \u201cContinuem treballant per a impulsar i recolzar al nostre teixit comercial amb <a class=\"mh-excerpt-more\" href=\"https:\/\/www.tucomarca.com\/wordpress\/segunda\/ca\/xest-convoca-la-xvi-edicio-del-concurs-daparadorisme\/\" title=\"Xest convoca la XVI edici\u00f3 del concurs d&#8217;aparadorisme\">[+] <\/a><\/div>\n","protected":false},"author":12,"featured_media":203840,"comment_status":"open","ping_status":"open","sticky":false,"template":"","format":"standard","meta":{"footnotes":""},"categories":[11019,10894,10912,10896,10974],"tags":[11071,19930,10914],"class_list":{"0":"post-203841","1":"post","2":"type-post","3":"status-publish","4":"format-standard","5":"has-post-thumbnail","7":"category-agenda-ca","8":"category-la-comarca-ca","9":"category-la-hoya-ca","10":"category-seccion-ca","11":"category-cheste-ca","12":"tag-cheste","13":"tag-concurso-de-escaparatismo-ca","14":"tag-la-hoya-de-bunol-chiva-ca"},"_links":{"self":[{"href":"https:\/\/www.tucomarca.com\/wordpress\/segunda\/ca\/wp-json\/wp\/v2\/posts\/203841","targetHints":{"allow":["GET"]}}],"collection":[{"href":"https:\/\/www.tucomarca.com\/wordpress\/segunda\/ca\/wp-json\/wp\/v2\/posts"}],"about":[{"href":"https:\/\/www.tucomarca.com\/wordpress\/segunda\/ca\/wp-json\/wp\/v2\/types\/post"}],"author":[{"embeddable":true,"href":"https:\/\/www.tucomarca.com\/wordpress\/segunda\/ca\/wp-json\/wp\/v2\/users\/12"}],"replies":[{"embeddable":true,"href":"https:\/\/www.tucomarca.com\/wordpress\/segunda\/ca\/wp-json\/wp\/v2\/comments?post=203841"}],"version-history":[{"count":0,"href":"https:\/\/www.tucomarca.com\/wordpress\/segunda\/ca\/wp-json\/wp\/v2\/posts\/203841\/revisions"}],"wp:featuredmedia":[{"embeddable":true,"href":"https:\/\/www.tucomarca.com\/wordpress\/segunda\/ca\/wp-json\/wp\/v2\/media\/203840"}],"wp:attachment":[{"href":"https:\/\/www.tucomarca.com\/wordpress\/segunda\/ca\/wp-json\/wp\/v2\/media?parent=203841"}],"wp:term":[{"taxonomy":"category","embeddable":true,"href":"https:\/\/www.tucomarca.com\/wordpress\/segunda\/ca\/wp-json\/wp\/v2\/categories?post=203841"},{"taxonomy":"post_tag","embeddable":true,"href":"https:\/\/www.tucomarca.com\/wordpress\/segunda\/ca\/wp-json\/wp\/v2\/tags?post=203841"}],"curies":[{"name":"wp","href":"https:\/\/api.w.org\/{rel}","templated":true}]}}