{"id":203855,"date":"2023-11-28T09:00:00","date_gmt":"2023-11-28T08:00:00","guid":{"rendered":"https:\/\/www.tucomarca.com\/wordpress\/segunda\/?p=203855"},"modified":"2023-11-28T19:07:43","modified_gmt":"2023-11-28T18:07:43","slug":"lajuntament-de-bunyol-organitza-la-primera-jornada-de-convivencia-dels-centres-educatius-per-la-discapacitat","status":"publish","type":"post","link":"https:\/\/www.tucomarca.com\/wordpress\/segunda\/ca\/lajuntament-de-bunyol-organitza-la-primera-jornada-de-convivencia-dels-centres-educatius-per-la-discapacitat\/","title":{"rendered":"L&#8217;Ajuntament de Bunyol organitza la Primera Jornada de Conviv\u00e8ncia dels centres educatius per la Discapacitat&nbsp;"},"content":{"rendered":"\n<p>L&#8217;Ajuntament de Bunyol celebra la Primera Jornada de Conviv\u00e8ncia dels centres educatius de Bunyol per la Discapacitat aquest divendres, 1 de desembre.<\/p>\n\n\n\n<p>Des del consistori s&#8217;han preparat tallers din\u00e0mics inclusius en els quals participen persones del Centre Ocupacional i associacions de la localitat, on l&#8217;alumnat de 4t de prim\u00e0ria podr\u00e0 posar-se en el lloc de gent amb diversitat funcional a trav\u00e9s de diferents activitats.<\/p>\n","protected":false},"excerpt":{"rendered":"<div class=\"mh-excerpt\">L&#8217;Ajuntament de Bunyol celebra la Primera Jornada de Conviv\u00e8ncia dels centres educatius de Bunyol per la Discapacitat aquest divendres, 1 de desembre. Des del consistori s&#8217;han preparat tallers din\u00e0mics inclusius en els quals participen persones <a class=\"mh-excerpt-more\" href=\"https:\/\/www.tucomarca.com\/wordpress\/segunda\/ca\/lajuntament-de-bunyol-organitza-la-primera-jornada-de-convivencia-dels-centres-educatius-per-la-discapacitat\/\" title=\"L&#8217;Ajuntament de Bunyol organitza la Primera Jornada de Conviv\u00e8ncia dels centres educatius per la Discapacitat&nbsp;\">[+] <\/a><\/div>\n","protected":false},"author":12,"featured_media":203854,"comment_status":"open","ping_status":"open","sticky":false,"template":"","format":"standard","meta":{"footnotes":""},"categories":[11019,10911,10894,10912,10947,10896],"tags":[10913,10914,19932],"class_list":{"0":"post-203855","1":"post","2":"type-post","3":"status-publish","4":"format-standard","5":"has-post-thumbnail","7":"category-agenda-ca","8":"category-bunol-ca","9":"category-la-comarca-ca","10":"category-la-hoya-ca","11":"category-politica","12":"category-seccion-ca","13":"tag-bunol-ca","14":"tag-la-hoya-de-bunol-chiva-ca","15":"tag-primeras-jornadas-de-discapacidad-ca"},"_links":{"self":[{"href":"https:\/\/www.tucomarca.com\/wordpress\/segunda\/ca\/wp-json\/wp\/v2\/posts\/203855","targetHints":{"allow":["GET"]}}],"collection":[{"href":"https:\/\/www.tucomarca.com\/wordpress\/segunda\/ca\/wp-json\/wp\/v2\/posts"}],"about":[{"href":"https:\/\/www.tucomarca.com\/wordpress\/segunda\/ca\/wp-json\/wp\/v2\/types\/post"}],"author":[{"embeddable":true,"href":"https:\/\/www.tucomarca.com\/wordpress\/segunda\/ca\/wp-json\/wp\/v2\/users\/12"}],"replies":[{"embeddable":true,"href":"https:\/\/www.tucomarca.com\/wordpress\/segunda\/ca\/wp-json\/wp\/v2\/comments?post=203855"}],"version-history":[{"count":0,"href":"https:\/\/www.tucomarca.com\/wordpress\/segunda\/ca\/wp-json\/wp\/v2\/posts\/203855\/revisions"}],"wp:featuredmedia":[{"embeddable":true,"href":"https:\/\/www.tucomarca.com\/wordpress\/segunda\/ca\/wp-json\/wp\/v2\/media\/203854"}],"wp:attachment":[{"href":"https:\/\/www.tucomarca.com\/wordpress\/segunda\/ca\/wp-json\/wp\/v2\/media?parent=203855"}],"wp:term":[{"taxonomy":"category","embeddable":true,"href":"https:\/\/www.tucomarca.com\/wordpress\/segunda\/ca\/wp-json\/wp\/v2\/categories?post=203855"},{"taxonomy":"post_tag","embeddable":true,"href":"https:\/\/www.tucomarca.com\/wordpress\/segunda\/ca\/wp-json\/wp\/v2\/tags?post=203855"}],"curies":[{"name":"wp","href":"https:\/\/api.w.org\/{rel}","templated":true}]}}