{"id":204109,"date":"2023-11-30T08:45:00","date_gmt":"2023-11-30T07:45:00","guid":{"rendered":"https:\/\/www.tucomarca.com\/wordpress\/segunda\/?p=204109"},"modified":"2023-11-30T19:40:44","modified_gmt":"2023-11-30T18:40:44","slug":"el-ple-de-xest-aprova-definitivament-el-compte-general-2022","status":"publish","type":"post","link":"https:\/\/www.tucomarca.com\/wordpress\/segunda\/ca\/el-ple-de-xest-aprova-definitivament-el-compte-general-2022\/","title":{"rendered":"El ple de Xest aprova definitivament el compte general 2022"},"content":{"rendered":"\n<p>Ahir, dimecres 29 de novembre, el ple de l&#8217;Ajuntament va aprovar definitivament el compte general 2022, despr\u00e9s de superar la fase d&#8217;exposici\u00f3 p\u00fablica sense al\u00b7legacions, amb els vots a favor de PSOE i Esquerra Unida i els vots en contra del Partit Popular.<\/p>\n\n\n\n<p>\u201cEl compte general \u00e9s un document comptable elaborat per Intervenci\u00f3 que resumeix tota la comptabilitat d&#8217;un any; \u00e9s el mecanisme de control dels pressupostos municipals, perqu\u00e8 \u00e9s ac\u00ed on es veu on ens hem gastat els diners\u201d, explicava la regidora d&#8217;Hisenda, M\u00aa \u00c1ngeles Llorente.&nbsp;<\/p>\n\n\n\n<p>Per part seua, el portaveu de Partit Popular, Enrique Peinado, va justificar el vot en contra del seu grup municipal per estar en desacord en la gesti\u00f3 econ\u00f2mica de l&#8217;equip de govern i per no haver tingut la possibilitat de participar en aquesta.<\/p>\n\n\n\n<p><strong>Pagament de factures<\/strong><\/p>\n\n\n\n<p>El ple va aprovar tamb\u00e9 reconeixements extrajudicials de cr\u00e8dit per a pagar factures pendents a prove\u00efdors, de nou amb els vots en contra del PP, el portaveu del qual va manifestar no estar d&#8217;acord amb aquest procediment de pagament de factures reparades.<\/p>\n\n\n\n<p>Tamb\u00e9 es va donar llum verda, en aquesta ocasi\u00f3 per unanimitat, a una modificaci\u00f3 de cr\u00e8dit perqu\u00e8 l&#8217;Ajuntament puga abonar les factures corresponents a la reforma dels vestuaris del Camp de futbol La Vinya i el polvoritzador adquirit per a l&#8217;aplicaci\u00f3 de tractaments en les zones verdes del municipi.<\/p>\n\n\n\n<p><strong>Oferta p\u00fablica d&#8217;ocupaci\u00f3<\/strong><\/p>\n\n\n\n<p>De nou per unanimitat es va aprovar la creaci\u00f3 d&#8217;una pla\u00e7a de personal funcionari d&#8217;arquitecte\/a t\u00e8cnic\/a en la plantilla municipal. \u201cA causa de la taxa de reposici\u00f3 nom\u00e9s es pot convocar una pla\u00e7a l&#8217;any 2023 i l&#8217;equip de govern ha cregut convenient crear la d&#8217;arquitecte t\u00e8cnic en el departament d&#8217;urbanisme, a causa del volum considerable de treball i a la seua import\u00e0ncia per al funcionament municipal\u201d, explicava la regidora de Personal, Rosa Zan\u00f3n.<\/p>\n\n\n\n<p><strong>Passeig de les dones artistes<\/strong><\/p>\n\n\n\n<p>A petici\u00f3 de Yolanda Marco, professora d&#8217;Educaci\u00f3 Pl\u00e0stica i Audiovisual en l&#8217;IES Ricardo Mar\u00edn, i el seu alumnat, el ple va aprovar la denominaci\u00f3 del tram que discorre paral\u00b7lel al Viari nord, des de la rotonda situada al final de la Carretera Ll\u00edria fins a la seua conflu\u00e8ncia amb el carrer Pedralba, com a Passeig de les dones artistes, en reconeixement a les dones destacades en aquest \u00e0mbit que han sigut invisibilitzades per la Hist\u00f2ria. La proposta aprovada tamb\u00e9 contemplava la realitzaci\u00f3 d&#8217;intervencions art\u00edstiques en el passeig.<\/p>\n","protected":false},"excerpt":{"rendered":"<div class=\"mh-excerpt\">Ahir, dimecres 29 de novembre, el ple de l&#8217;Ajuntament va aprovar definitivament el compte general 2022, despr\u00e9s de superar la fase d&#8217;exposici\u00f3 p\u00fablica sense al\u00b7legacions, amb els vots a favor de PSOE i Esquerra Unida <a class=\"mh-excerpt-more\" href=\"https:\/\/www.tucomarca.com\/wordpress\/segunda\/ca\/el-ple-de-xest-aprova-definitivament-el-compte-general-2022\/\" title=\"El ple de Xest aprova definitivament el compte general 2022\">[+] <\/a><\/div>\n","protected":false},"author":12,"featured_media":204108,"comment_status":"open","ping_status":"open","sticky":false,"template":"","format":"standard","meta":{"footnotes":""},"categories":[10894,10912,10947,10896,10974],"tags":[11071,19946,10914],"class_list":{"0":"post-204109","1":"post","2":"type-post","3":"status-publish","4":"format-standard","5":"has-post-thumbnail","7":"category-la-comarca-ca","8":"category-la-hoya-ca","9":"category-politica","10":"category-seccion-ca","11":"category-cheste-ca","12":"tag-cheste","13":"tag-cuenta-general-2022-ca","14":"tag-la-hoya-de-bunol-chiva-ca"},"_links":{"self":[{"href":"https:\/\/www.tucomarca.com\/wordpress\/segunda\/ca\/wp-json\/wp\/v2\/posts\/204109","targetHints":{"allow":["GET"]}}],"collection":[{"href":"https:\/\/www.tucomarca.com\/wordpress\/segunda\/ca\/wp-json\/wp\/v2\/posts"}],"about":[{"href":"https:\/\/www.tucomarca.com\/wordpress\/segunda\/ca\/wp-json\/wp\/v2\/types\/post"}],"author":[{"embeddable":true,"href":"https:\/\/www.tucomarca.com\/wordpress\/segunda\/ca\/wp-json\/wp\/v2\/users\/12"}],"replies":[{"embeddable":true,"href":"https:\/\/www.tucomarca.com\/wordpress\/segunda\/ca\/wp-json\/wp\/v2\/comments?post=204109"}],"version-history":[{"count":0,"href":"https:\/\/www.tucomarca.com\/wordpress\/segunda\/ca\/wp-json\/wp\/v2\/posts\/204109\/revisions"}],"wp:featuredmedia":[{"embeddable":true,"href":"https:\/\/www.tucomarca.com\/wordpress\/segunda\/ca\/wp-json\/wp\/v2\/media\/204108"}],"wp:attachment":[{"href":"https:\/\/www.tucomarca.com\/wordpress\/segunda\/ca\/wp-json\/wp\/v2\/media?parent=204109"}],"wp:term":[{"taxonomy":"category","embeddable":true,"href":"https:\/\/www.tucomarca.com\/wordpress\/segunda\/ca\/wp-json\/wp\/v2\/categories?post=204109"},{"taxonomy":"post_tag","embeddable":true,"href":"https:\/\/www.tucomarca.com\/wordpress\/segunda\/ca\/wp-json\/wp\/v2\/tags?post=204109"}],"curies":[{"name":"wp","href":"https:\/\/api.w.org\/{rel}","templated":true}]}}