{"id":204271,"date":"2023-12-04T12:00:00","date_gmt":"2023-12-04T11:00:00","guid":{"rendered":"https:\/\/www.tucomarca.com\/wordpress\/segunda\/?p=204271"},"modified":"2023-12-04T13:55:23","modified_gmt":"2023-12-04T12:55:23","slug":"una-representacio-de-dones-de-benaguasil-participa-en-guardistallo-en-la-tercera-jornada-del-projecte-europeu-womenequity","status":"publish","type":"post","link":"https:\/\/www.tucomarca.com\/wordpress\/segunda\/ca\/una-representacio-de-dones-de-benaguasil-participa-en-guardistallo-en-la-tercera-jornada-del-projecte-europeu-womenequity\/","title":{"rendered":"Una representaci\u00f3 de dones de Benaguasil participa en Guardistallo en la tercera jornada del Projecte Europeu \u2018WomenEquity\u2019"},"content":{"rendered":"\n<h4 class=\"wp-block-heading\">El projecte t\u00e9 com a objectiu comprendre en quins aspectes hauria de centrar-se la Comunitat Europea per a millorar l&#8217;ocupaci\u00f3 de les dones.<br>Guardistallo ha organitzat per a tots els pa\u00efsos participants un esdeveniment sobre \u2018La Solidaritat en Temps de Crisi\u2019 amb xarrades, jocs i una taula redona sobre la dona.<\/h4>\n\n\n\n<figure class=\"wp-block-image size-full is-resized\"><img loading=\"lazy\" decoding=\"async\" src=\"http:\/\/www.tucomarca.com\/wordpress\/segunda\/wp-content\/uploads\/2023\/12\/BenaguasilWomenEquity2.jpg\" alt=\"\" class=\"wp-image-204268\" width=\"739\" height=\"492\" srcset=\"https:\/\/www.tucomarca.com\/wordpress\/segunda\/wp-content\/uploads\/2023\/12\/BenaguasilWomenEquity2.jpg 886w, https:\/\/www.tucomarca.com\/wordpress\/segunda\/wp-content\/uploads\/2023\/12\/BenaguasilWomenEquity2-300x200.jpg 300w, https:\/\/www.tucomarca.com\/wordpress\/segunda\/wp-content\/uploads\/2023\/12\/BenaguasilWomenEquity2-768x511.jpg 768w\" sizes=\"auto, (max-width: 739px) 100vw, 739px\" \/><\/figure>\n\n\n\n<p>Benaguasil ha participat en Guardistallo en la jornada \u2018Solidaritat en Temps de Crisi\u2019, emmarcada en el context del Projecte Europeu \u201cWomenequity\u201d, l&#8217;objectiu del qual \u00e9s conscienciar sobre les barreres a les quals s&#8217;enfronten les dones per a accedir al mercat laboral i millorar les condicions.<br>Amb la missi\u00f3 d&#8217;involucrar activament a persones i organitzacions en la promoci\u00f3 de la igualtat de g\u00e8nere, al costat del grup de dones de Benaguasil han assistit tamb\u00e9 a les jornades representants de Portugal, Romania, Gr\u00e8cia, Eslov\u00e8nia i B\u00e8lgica.<br>Les jornades han comptat amb la intervenci\u00f3 d&#8217;institucions i associacions de dones agr\u00e0ries que han parlat sobre la igualtat de g\u00e8nere en el m\u00f3n del treball, aix\u00ed com d&#8217;experi\u00e8ncies de bones pr\u00e0ctiques per a millorar la inclusi\u00f3 de les dones en el mercat laboral, constituint una oportunitat no sols per a empoderar a les dones i donar-los veu sin\u00f3 tamb\u00e9 per a llan\u00e7ar llum sobre una realitat vital i buscar solucions de manera col\u00b7laborativa.<br>A m\u00e9s de les pon\u00e8ncies sobre quals podrien ser les noves pol\u00edtiques per a les dones per a la igualtat de g\u00e8nere en el m\u00f3n de l&#8217;ocupaci\u00f3, s&#8217;han realitzat jocs i din\u00e0miques participatives amb les quals continuar brindant eines per a millorar la inclusi\u00f3 de les dones en el mercat laboral.<br>El projecte Womenequity que, est\u00e0 liderat per l&#8217;Ajuntament de Benaguasil, forma part de la convocat\u00f2ria Xarxes de Ciutats del Programa de Ciutadania, Igualtat, Drets i Valors (CERV) i aborda l&#8217;acc\u00e9s de les dones al mercat laboral des d&#8217;una perspectiva europea.<\/p>\n","protected":false},"excerpt":{"rendered":"<div class=\"mh-excerpt\">El projecte t\u00e9 com a objectiu comprendre en quins aspectes hauria de centrar-se la Comunitat Europea per a millorar l&#8217;ocupaci\u00f3 de les dones.Guardistallo ha organitzat per a tots els pa\u00efsos participants un esdeveniment sobre \u2018La <a class=\"mh-excerpt-more\" href=\"https:\/\/www.tucomarca.com\/wordpress\/segunda\/ca\/una-representacio-de-dones-de-benaguasil-participa-en-guardistallo-en-la-tercera-jornada-del-projecte-europeu-womenequity\/\" title=\"Una representaci\u00f3 de dones de Benaguasil participa en Guardistallo en la tercera jornada del Projecte Europeu \u2018WomenEquity\u2019\">[+] <\/a><\/div>\n","protected":false},"author":12,"featured_media":204267,"comment_status":"open","ping_status":"open","sticky":false,"template":"","format":"image","meta":{"footnotes":""},"categories":[10952,10892,10894,10947,10896],"tags":[11136,19967],"class_list":{"0":"post-204271","1":"post","2":"type-post","3":"status-publish","4":"format-image","5":"has-post-thumbnail","7":"category-benaguasil-ca","8":"category-camp-de-turia-ca","9":"category-la-comarca-ca","10":"category-politica","11":"category-seccion-ca","12":"tag-benaguasil-ca","13":"tag-proyecto-europeo-womenequity-ca","14":"post_format-post-format-image"},"_links":{"self":[{"href":"https:\/\/www.tucomarca.com\/wordpress\/segunda\/ca\/wp-json\/wp\/v2\/posts\/204271","targetHints":{"allow":["GET"]}}],"collection":[{"href":"https:\/\/www.tucomarca.com\/wordpress\/segunda\/ca\/wp-json\/wp\/v2\/posts"}],"about":[{"href":"https:\/\/www.tucomarca.com\/wordpress\/segunda\/ca\/wp-json\/wp\/v2\/types\/post"}],"author":[{"embeddable":true,"href":"https:\/\/www.tucomarca.com\/wordpress\/segunda\/ca\/wp-json\/wp\/v2\/users\/12"}],"replies":[{"embeddable":true,"href":"https:\/\/www.tucomarca.com\/wordpress\/segunda\/ca\/wp-json\/wp\/v2\/comments?post=204271"}],"version-history":[{"count":0,"href":"https:\/\/www.tucomarca.com\/wordpress\/segunda\/ca\/wp-json\/wp\/v2\/posts\/204271\/revisions"}],"wp:featuredmedia":[{"embeddable":true,"href":"https:\/\/www.tucomarca.com\/wordpress\/segunda\/ca\/wp-json\/wp\/v2\/media\/204267"}],"wp:attachment":[{"href":"https:\/\/www.tucomarca.com\/wordpress\/segunda\/ca\/wp-json\/wp\/v2\/media?parent=204271"}],"wp:term":[{"taxonomy":"category","embeddable":true,"href":"https:\/\/www.tucomarca.com\/wordpress\/segunda\/ca\/wp-json\/wp\/v2\/categories?post=204271"},{"taxonomy":"post_tag","embeddable":true,"href":"https:\/\/www.tucomarca.com\/wordpress\/segunda\/ca\/wp-json\/wp\/v2\/tags?post=204271"}],"curies":[{"name":"wp","href":"https:\/\/api.w.org\/{rel}","templated":true}]}}