{"id":204317,"date":"2023-12-04T18:00:00","date_gmt":"2023-12-04T17:00:00","guid":{"rendered":"https:\/\/www.tucomarca.com\/wordpress\/segunda\/?p=204317"},"modified":"2023-12-04T19:15:31","modified_gmt":"2023-12-04T18:15:31","slug":"la-ribera-rep-67-milions-del-pla-obert-dinversions-de-la-diputacio-que-facilitara-lexecucio-de-les-obres-amb-un-termini-de-4-anys","status":"publish","type":"post","link":"https:\/\/www.tucomarca.com\/wordpress\/segunda\/ca\/la-ribera-rep-67-milions-del-pla-obert-dinversions-de-la-diputacio-que-facilitara-lexecucio-de-les-obres-amb-un-termini-de-4-anys\/","title":{"rendered":"La Ribera rep 67 milions d&#8217;el Pla Obert d\u2019Inversions de la Diputaci\u00f3 que facilitar\u00e0 l&#8217;execuci\u00f3 de les obres amb un termini de 4 anys"},"content":{"rendered":"\n<h3 class=\"wp-block-heading\"><strong>El president, Vicent Momp\u00f3, i la vicepresidenta primera i responsable de Cooperaci\u00f3, Nat\u00e0lia Enguix, presenten a Torrent el principal programa inversor de la corporaci\u00f3, amb un increment del 21% en la dotaci\u00f3<\/strong><\/h3>\n\n\n\n<h3 class=\"wp-block-heading\"><strong>Entre les novetats del pla quadriennal destaquen les convocat\u00f2ries anuals per a flexibilitzar la tramitaci\u00f3 i incrementar l&#8217;execuci\u00f3 dels projectes, i els incentius a propostes innovadores i amb perspectiva de g\u00e8nere<\/strong><\/h3>\n\n\n\n<h3 class=\"wp-block-heading\"><strong>Els 35 municipis i l&#8217;entitat local menor de la Ribera Alta es repartiran 48 milions d&#8217;euros, mentre que a les 12 localitats i dos entitats locals menors de la Ribera Baixa els corresponen 19 milions<\/strong><\/h3>\n\n\n\n<p>El president de la Diputaci\u00f3 de Val\u00e8ncia, Vicent Momp\u00f3, i la vicepresidenta primera i responsable de Cooperaci\u00f3 Municipal, Nat\u00e0lia Enguix, han presentat este dilluns en l\u2019Auditori de Torrent el Pla Obert d\u2019Inversions per al per\u00edode 2024-2027, un pla quadriennal amb una dotaci\u00f3 global de 350 milions d&#8217;euros, enfront dels 288 milions de la passada legislatura. D&#8217;esta quantitat, un total de 67 milions corresponen a la comarca de La Ribera. En concret, la Ribera Alta rebr\u00e0 48 milions d&#8217;euros, mentre que la Ribera Baixa t\u00e9 una assignaci\u00f3 de 19 milions. El principal programa inversor de la Diputaci\u00f3 no sols incrementa la partida econ\u00f2mica, la m\u00e9s elevada de la hist\u00f2ria, sin\u00f3 que oferir\u00e0 \u201cfacilitats als ajuntaments perqu\u00e8, m\u00e9s enll\u00e0 de l&#8217;anunci, puguen executar les obres que ens proposen\u201d, ha destacat el president Momp\u00f3.<\/p>\n\n\n\n<p>El m\u00e0xim responsable provincial ha detallat que el Pla Obert d\u2019Inversions \u201ccompta amb 340 milions d&#8217;euros per als municipis i altres 10 milions per a les mancomunitats, la qual cosa suposa que cada any invertirem a les nostres comarques m\u00e9s de 87 milions enfront dels 72 milions de la passada legislatura\u201d. L&#8217;increment econ\u00f2mic del pla \u201cno \u00e9s tan significatiu com les novetats que ha introdu\u00eft l&#8217;\u00e0rea de Cooperaci\u00f3 que dirigix Nat\u00e0lia Enguix per a ajudar els ajuntaments a executar els projectes que ens presenten, amb l&#8217;objectiu que els diners destinats al pla acaben repercutint \u00edntegrament en els municipis i millorant la qualitat de vida de les persones que en ells habiten\u201d, ha afegit el president, qui assegura compartir amb la vicepresidenta \u201cla visi\u00f3 que tenim de treballar el municipalisme\u201d.<\/p>\n\n\n\n<p>Vicent Momp\u00f3 ha insistit, davant els m\u00e9s de 200 alcaldes i alcaldesses que han omplit l\u2019Auditori de Torrent, que la gesti\u00f3 del nou govern provincial \u201ces basa en pol\u00edtiques realistes i flexibles que fugen dels artificis i la propaganda, mantenint i augmentant l&#8217;esfor\u00e7 inversor de la instituci\u00f3 per\u00f2, sobretot, buscant les f\u00f3rmules que ens permeten eliminar burocr\u00e0cia i sent m\u00e9s eficaces en les tramitacions i execucions de les obres finan\u00e7ades des de la Diputaci\u00f3\u201d.<\/p>\n\n\n\n<p>En refer\u00e8ncia a eixes f\u00f3rmules, Momp\u00f3 s&#8217;ha detingut en la del repartiment dels diners del Pla Obert d\u2019Inversions en cada municipi, en la qual \u201chem potenciat variables com la poblaci\u00f3 i la poblaci\u00f3 estacional i les zones verdes i paratges naturals, al mateix temps que s&#8217;introdu\u00efx un nou criteri que puntua de manera favorable, com \u00e9s pert\u00e0nyer a la Xarxa de Municipis Protegits contra la Viol\u00e8ncia de G\u00e8nere de la Diputaci\u00f3\u201d. El president ha explicat que el programa inversor inclou les ajudes del cicle integral de l&#8217;aigua, el pla Reacciona i l&#8217;energia, i ha puntualitzat que al tractar-se d\u2019un pla pluriennal, \u201cla corporaci\u00f3 no haur\u00e0 de demanar enguany cap pr\u00e9stec\u201d.<\/p>\n\n\n\n<p><strong>Principals novetats i incentius<\/strong><\/p>\n\n\n\n<p>La vicepresidenta primera i diputada de Cooperaci\u00f3, Nat\u00e0lia Enguix, ha iniciat la seua intervenci\u00f3 assenyalant que l&#8217;esperit d&#8217;este nou Pla Obert d\u2019Inversions \u00e9s el d&#8217;afavorir i impulsar \u201cprojectes arriscats i innovadors que poden transformar els nostres municipis i ciutats\u201d. Enguix, responsable tamb\u00e9 d&#8217;Igualtat, ha avan\u00e7at que el pla \u201ctamb\u00e9 incentivar\u00e0 l&#8217;efici\u00e8ncia urbana, amb m\u00e9s espais verds, i l&#8217;urbanisme amb perspectiva de g\u00e8nere\u201d.<\/p>\n\n\n\n<p>En este sentit, Enguix ha anunciat \u201cla convocat\u00f2ria d\u2019una confer\u00e8ncia anual que reconeixer\u00e0 eixos projectes transformadors i que constitu\u00efsquen exemples de bones pr\u00e0ctiques\u201d, i ha puntualitzat que els consistoris disposaran de major liquiditat, ja que \u201cpodran demanar que se&#8217;ls transferisca un 75% dels fons una vegada concedida la subvenci\u00f3, i rebre el cent per cent si l&#8217;obra s&#8217;acaba en el mateix exercici en el qual s&#8217;ha presentat\u201d.<\/p>\n\n\n\n<p>La responsable d&#8217;estos canvis en el programa inversor de la Diputaci\u00f3 de Val\u00e8ncia ha explicat que \u201cs&#8217;obriran convocat\u00f2ries anuals perqu\u00e8 cada ajuntament puga presentar els seus projectes i no hagen de precipitar-se fins que estiguen segurs de les obres i millores que necessiten realitzar\u201d. Esta flexibilitat de les bases del programa \u201cpermet a m\u00e9s que es vagen acabant primer els projectes que queden pendents d&#8217;anteriors plans, per a despr\u00e9s escometre els nous sense necessitat de sentir-se pressionats o limitats per terminis que, a vegades, els obliguen a renunciar a les ajudes\u201d, ha afegit Enguix.<\/p>\n\n\n\n<p>La titular de Cooperaci\u00f3 Municipal ha detallat els criteris que han portat a establir un repartiment comarcal que posteriorment es concretar\u00e0 en cada ciutat, poble i entitat local menor. \u201cHem redu\u00eft el pes del valor marginal, que \u00e9s la suma de l&#8217;enllumenat, la recollida de residus, la neteja vi\u00e0ria, el clavegueram i la pavimentaci\u00f3, entre altres despeses comunes que tenen els consistoris, per a compensar-lo amb un major protagonisme de la poblaci\u00f3, que \u00e9s la que definix l&#8217;obligatorietat dels serveis, incloent-hi la poblaci\u00f3 estacional. A m\u00e9s, introdu\u00efm la perspectiva de g\u00e8nere no sols per a potenciar la Xarxa de lluita contra la viol\u00e8ncia masclista de la Diputaci\u00f3, sin\u00f3 per a promocionar eixa visi\u00f3 feminista en q\u00fcestions com l&#8217;urbanisme, tractant que els nostres municipis siguen m\u00e9s habitables\u201d.<\/p>\n\n\n\n<p>Les variables de superf\u00edcie, costos efectius i esfor\u00e7 fiscal es mantenen, mentre que desapareixen els plans antifrau i els PUAM, incentivats en anteriors programes. Mentrestant, guanyen pes els projectes innovadors, verds i mediambientals, i els nuclis hist\u00f2rics no estan contemplats perqu\u00e8, segons explica Enguix, \u201crecuperarem una l\u00ednia espec\u00edfica d&#8217;inversi\u00f3 destinada al patrimoni historicoart\u00edstic dels municipis valencians que no s\u2019aplica des de 2018\u201d.<\/p>\n\n\n\n<p>Amb tot, la nova f\u00f3rmula de repartiment concedix un 34% de l&#8217;assignaci\u00f3 pel criteri poblacional, enfront d&#8217;un 30% del valor marginal que establix una quantitat fixa per a cada ajuntament. Altres percentatges s\u00f3n un 10% en funci\u00f3 de la superf\u00edcie, un 5% segons els habitatges i la poblaci\u00f3 estacional, un altre 5% pel cost efectiu dels serveis i un altre 5% per pert\u00e0nyer a la Xarxa contra la Viol\u00e8ncia de G\u00e8nere de la Diputaci\u00f3. A m\u00e9s, la taxa de desocupaci\u00f3 i l&#8217;esfor\u00e7 fiscal es valoren en un 3% i en un 2,5% tant les zones verdes com els paratges naturals.<\/p>\n\n\n\n<p>Nat\u00e0lia Enguix ha finalitzat la seua exposici\u00f3 assenyalant que els municipis de m\u00e9s de 1.500 habitants \u201chan de tindre en compte que el 10% dels projectes finan\u00e7ats ha d&#8217;estar relacionat amb la millora del cicle hidr\u00e0ulic, un altre 10% amb la reforma o construcci\u00f3 de parcs, jardins i zones verdes, i un 10% m\u00e9s destinat a les infraestructures esportives\u201d. Abans de passar al repartiment estimat per comarques, la diputada de Cooperaci\u00f3 ha recordat que les grans ciutats tindran les seues pr\u00f2pies l\u00ednies de finan\u00e7ament i queden fora d&#8217;un pla que arriba a 261 municipis i tres entitats locals menors de la prov\u00edncia.<\/p>\n","protected":false},"excerpt":{"rendered":"<div class=\"mh-excerpt\">El president, Vicent Momp\u00f3, i la vicepresidenta primera i responsable de Cooperaci\u00f3, Nat\u00e0lia Enguix, presenten a Torrent el principal programa inversor de la corporaci\u00f3, amb un increment del 21% en la dotaci\u00f3 Entre les novetats <a class=\"mh-excerpt-more\" href=\"https:\/\/www.tucomarca.com\/wordpress\/segunda\/ca\/la-ribera-rep-67-milions-del-pla-obert-dinversions-de-la-diputacio-que-facilitara-lexecucio-de-les-obres-amb-un-termini-de-4-anys\/\" title=\"La Ribera rep 67 milions d&#8217;el Pla Obert d\u2019Inversions de la Diputaci\u00f3 que facilitar\u00e0 l&#8217;execuci\u00f3 de les obres amb un termini de 4 anys\">[+] <\/a><\/div>\n","protected":false},"author":1,"featured_media":104921,"comment_status":"open","ping_status":"open","sticky":false,"template":"","format":"standard","meta":{"footnotes":""},"categories":[10898,10948,10894,10904,10902,10947,10896],"tags":[11246,11401,11077],"class_list":{"0":"post-204317","1":"post","2":"type-post","3":"status-publish","4":"format-standard","5":"has-post-thumbnail","7":"category-ventana-ca","8":"category-infraestructuras-ca","9":"category-la-comarca-ca","10":"category-sin-categorizar-ca","11":"category-la-ribera-ca","12":"category-politica","13":"category-seccion-ca","14":"tag-diputacio-de-valencia-ca","15":"tag-diputacion-de-valencia-ca","16":"tag-la-ribera-alta-ca"},"_links":{"self":[{"href":"https:\/\/www.tucomarca.com\/wordpress\/segunda\/ca\/wp-json\/wp\/v2\/posts\/204317","targetHints":{"allow":["GET"]}}],"collection":[{"href":"https:\/\/www.tucomarca.com\/wordpress\/segunda\/ca\/wp-json\/wp\/v2\/posts"}],"about":[{"href":"https:\/\/www.tucomarca.com\/wordpress\/segunda\/ca\/wp-json\/wp\/v2\/types\/post"}],"author":[{"embeddable":true,"href":"https:\/\/www.tucomarca.com\/wordpress\/segunda\/ca\/wp-json\/wp\/v2\/users\/1"}],"replies":[{"embeddable":true,"href":"https:\/\/www.tucomarca.com\/wordpress\/segunda\/ca\/wp-json\/wp\/v2\/comments?post=204317"}],"version-history":[{"count":0,"href":"https:\/\/www.tucomarca.com\/wordpress\/segunda\/ca\/wp-json\/wp\/v2\/posts\/204317\/revisions"}],"wp:featuredmedia":[{"embeddable":true,"href":"https:\/\/www.tucomarca.com\/wordpress\/segunda\/ca\/wp-json\/wp\/v2\/media\/104921"}],"wp:attachment":[{"href":"https:\/\/www.tucomarca.com\/wordpress\/segunda\/ca\/wp-json\/wp\/v2\/media?parent=204317"}],"wp:term":[{"taxonomy":"category","embeddable":true,"href":"https:\/\/www.tucomarca.com\/wordpress\/segunda\/ca\/wp-json\/wp\/v2\/categories?post=204317"},{"taxonomy":"post_tag","embeddable":true,"href":"https:\/\/www.tucomarca.com\/wordpress\/segunda\/ca\/wp-json\/wp\/v2\/tags?post=204317"}],"curies":[{"name":"wp","href":"https:\/\/api.w.org\/{rel}","templated":true}]}}